{"id":21838,"date":"2015-06-19T10:56:40","date_gmt":"2015-06-19T08:56:40","guid":{"rendered":"http:\/\/www.invarena.cz\/?p=21838"},"modified":"2015-06-19T10:56:40","modified_gmt":"2015-06-19T08:56:40","slug":"do-berouna-miri-vzacna-navsteva-chysta-se-do-domova-pro-seniory","status":"publish","type":"post","link":"https:\/\/www.invarena.cz\/?p=21838","title":{"rendered":"Do Berouna m\u00ed\u0159\u00ed vz\u00e1cn\u00e1 n\u00e1v\u0161t\u011bva. Chyst\u00e1 se do domova pro seniory"},"content":{"rendered":"<p><strong>Sestra Marie Goretti Boltnarov\u00e1 (foto) z \u0159\u00e1du boromejek, ocen\u011bn\u00e1 exprezidentem V\u00e1clavem Klausem medail\u00ed Za z\u00e1sluhy o st\u00e1t v oblasti v\u00fdchovy, nav\u0161t\u00edv\u00ed 25. \u010dervna Beroun. C\u00edlem jej\u00ed n\u00e1v\u0161t\u011bvy bude domov pro seniory Centrum Na Verand\u011b Beroun.<\/strong><!--more--><\/p>\n<p>Sestra Marie Goretti zasv\u011btila \u017eivot p\u00e9\u010di o nemocn\u00e9, t\u011blesn\u011b i ment\u00e1ln\u011b posti\u017een\u00e9 a o seniory. Domovy pro seniory nav\u0161t\u011bvuje pravideln\u011b. \u201eM\u00e1me velkou radost, \u017ee sestra Goretti p\u0159ijala na\u0161e pozv\u00e1n\u00ed a z\u00fa\u010dastn\u00ed se setk\u00e1n\u00ed se seniory. P\u0159i t\u00e9to p\u0159\u00edle\u017eitosti jsme p\u0159ipravili grilov\u00e1n\u00ed na na\u0161\u00ed Slune\u010dn\u00e9 terase.<\/p>\n<p>To by m\u011blo prob\u00edhat jako d\u0159\u00edv\u011bj\u0161\u00ed ve\u010de\u0159e s ohledem na stravovac\u00ed mo\u017enosti na\u0161ich klient\u016f. Samoz\u0159ejmost\u00ed je \u00fa\u010dast rodin senior\u016f. Chyb\u011bt nebude ani kulturn\u00ed vlo\u017eka v\u00a0podob\u011b hudebn\u00edho vystoupen\u00ed. Na elektrick\u00e9 varhany zahraje jeden z na\u0161ich klient\u016f, kter\u00fd pravideln\u011b vyhr\u00e1v\u00e1 ka\u017ed\u00e9 dopoledne v j\u00eddeln\u011b domova. Pro klienty po\u0159\u00e1d\u00e1me akce pravideln\u011b, abychom jim zpest\u0159ili pobyt v\u00a0domov\u011b,\u201c popsala Hana \u010cervenkov\u00e1, \u0159editelka domova pro seniory Centrum Na Verand\u011b Beroun.<\/p>\n<p>Jedn\u00edm z\u00a0d\u016fvod\u016f po\u0159\u00e1d\u00e1n\u00ed nejr\u016fzn\u011bj\u0161\u00edch akc\u00ed je pouk\u00e1zat na to, \u017ee ve spole\u010dnosti je o domovech pro seniory roz\u0161\u00ed\u0159ena \u0159ada stereotyp\u016f a kli\u0161\u00e9. \u201eJeden z\u00a0m\u00fdt\u016f nap\u0159\u00edklad \u0159\u00edk\u00e1, \u017ee b\u00fdt v\u00a0domov\u011b pro seniory znamen\u00e1 ztr\u00e1cet z\u00e1jem o okoln\u00ed d\u011bn\u00ed, b\u00fdt zmaten\u00fd a nebavit se. To je nesmysl, pokud zdravotn\u00ed stav dovol\u00ed, jsou na\u0161i klienti i ve vysok\u00e9m v\u011bku velmi aktivn\u00ed, zaj\u00edmaj\u00ed se o aktu\u00e1ln\u00ed d\u011bn\u00ed a d\u00edky \u017eivotn\u00edm zku\u0161enostem ho zpravidla ch\u00e1pou l\u00e9pe ne\u017e mlad\u00ed lid\u00e9. \u0158ada z\u00a0nich hraje na hudebn\u00ed n\u00e1stroje, zp\u00edv\u00e1 nebo je manu\u00e1ln\u011b velmi zru\u010dn\u00e1,\u201c \u0159ekla Hana \u010cervenkov\u00e1.<\/p>\n<p>O domov\u011b pro seniory CENTRUM NA VERAND\u011a BEROUN, z.\u00fa., www.domovnaverande.cz<br \/>\nDomov nab\u00edz\u00ed kvalitn\u00ed a \u00fatuln\u00e9 bydlen\u00ed, rodinnou atmosf\u00e9ru, lidsk\u00fd a p\u0159\u00e1telsk\u00fd p\u0159\u00edstup profesion\u00e1ln\u00edch pe\u010dovatelek, dom\u00e1c\u00ed stravov\u00e1n\u00ed. Pat\u0159\u00ed mezi neziskov\u00e9 organizace a byl zalo\u017een za \u00fa\u010delem pomoci senior\u016fm, zdravotn\u011b posti\u017een\u00fdm a chronicky nemocn\u00fdm lidem, kte\u0159\u00ed vzhledem ke sv\u00e9mu v\u011bku a zdravotn\u00edmu stavu pot\u0159ebuj\u00ed fyzickou a psychickou pomoc, a jsou tedy z\u00e1visl\u00ed na pomoci jin\u00e9 osoby.<\/p>\n<p>Domov se nach\u00e1z\u00ed v klidn\u00e9 \u010d\u00e1sti Berouna nedaleko centra m\u011bsta. D\u00edky sv\u00e9 poloze nab\u00edz\u00ed proch\u00e1zky parkem, mo\u017enost bl\u00edzk\u00e9ho kontaktu s obyvateli m\u011bsta \u010di v\u00fdlet\u016f do malebn\u00e9 krajiny kolem \u0159eky Berounky. Klidn\u00e9 a \u00fatuln\u00e9 z\u00e1zem\u00ed domova zaji\u0161\u0165uje klient\u016fm dom\u00e1c\u00ed prost\u0159ed\u00ed, dom\u00e1c\u00ed stravu a p\u0159\u00e1telskou atmosf\u00e9ru. \u010cinnost domova navazuje na praxi a dlouhodob\u00e9 zku\u0161enosti pe\u010dovatelek v poskytov\u00e1n\u00ed profesion\u00e1ln\u00ed p\u00e9\u010de o seniory. Posl\u00e1n\u00edm domova je snaha umo\u017enit klient\u016fm pro\u017eit\u00ed klidn\u00e9ho, bezpe\u010dn\u00e9ho a spokojen\u00e9ho \u017eivota, kter\u00fd se nebude t\u00e9m\u011b\u0159 li\u0161it od \u017eivota v dom\u00e1c\u00edm prost\u0159ed\u00ed. \u0158editelkou centra je Mgr. Hana \u010cervenkov\u00e1.<\/p>\n","protected":false},"excerpt":{"rendered":"<div class=\"mh-excerpt\"><p>Sestra Marie Goretti Boltnarov\u00e1 (foto) z \u0159\u00e1du boromejek, ocen\u011bn\u00e1 exprezidentem V\u00e1clavem Klausem medail\u00ed Za z\u00e1sluhy o st\u00e1t v oblasti v\u00fdchovy, nav\u0161t\u00edv\u00ed 25. \u010dervna Beroun. C\u00edlem <a class=\"mh-excerpt-more\" href=\"https:\/\/www.invarena.cz\/?p=21838\" title=\"Do Berouna m\u00ed\u0159\u00ed vz\u00e1cn\u00e1 n\u00e1v\u0161t\u011bva. Chyst\u00e1 se do domova pro seniory\">[&#8230;]<\/a><\/p>\n<\/div>","protected":false},"author":1,"featured_media":21839,"comment_status":"open","ping_status":"closed","sticky":false,"template":"","format":"standard","meta":{"footnotes":""},"categories":[7],"tags":[],"class_list":["post-21838","post","type-post","status-publish","format-standard","has-post-thumbnail","hentry","category-spolecnost"],"_links":{"self":[{"href":"https:\/\/www.invarena.cz\/index.php?rest_route=\/wp\/v2\/posts\/21838","targetHints":{"allow":["GET"]}}],"collection":[{"href":"https:\/\/www.invarena.cz\/index.php?rest_route=\/wp\/v2\/posts"}],"about":[{"href":"https:\/\/www.invarena.cz\/index.php?rest_route=\/wp\/v2\/types\/post"}],"author":[{"embeddable":true,"href":"https:\/\/www.invarena.cz\/index.php?rest_route=\/wp\/v2\/users\/1"}],"replies":[{"embeddable":true,"href":"https:\/\/www.invarena.cz\/index.php?rest_route=%2Fwp%2Fv2%2Fcomments&post=21838"}],"version-history":[{"count":0,"href":"https:\/\/www.invarena.cz\/index.php?rest_route=\/wp\/v2\/posts\/21838\/revisions"}],"wp:featuredmedia":[{"embeddable":true,"href":"https:\/\/www.invarena.cz\/index.php?rest_route=\/wp\/v2\/media\/21839"}],"wp:attachment":[{"href":"https:\/\/www.invarena.cz\/index.php?rest_route=%2Fwp%2Fv2%2Fmedia&parent=21838"}],"wp:term":[{"taxonomy":"category","embeddable":true,"href":"https:\/\/www.invarena.cz\/index.php?rest_route=%2Fwp%2Fv2%2Fcategories&post=21838"},{"taxonomy":"post_tag","embeddable":true,"href":"https:\/\/www.invarena.cz\/index.php?rest_route=%2Fwp%2Fv2%2Ftags&post=21838"}],"curies":[{"name":"wp","href":"https:\/\/api.w.org\/{rel}","templated":true}]}}