{"id":21843,"date":"2015-06-20T06:08:47","date_gmt":"2015-06-20T04:08:47","guid":{"rendered":"http:\/\/www.invarena.cz\/?p=21843"},"modified":"2015-06-20T06:08:47","modified_gmt":"2015-06-20T04:08:47","slug":"festival-socialnich-sluzeb-ukazal-kde-hledat-pomoc","status":"publish","type":"post","link":"https:\/\/www.invarena.cz\/?p=21843","title":{"rendered":"Festival soci\u00e1ln\u00edch slu\u017eeb uk\u00e1zal, kde hledat pomoc"},"content":{"rendered":"<p><strong>&#8222;Nebojte se n\u00e1s!&#8220; tak zn\u011blo motto I. ro\u010dn\u00edku festivalu soci\u00e1ln\u00edch slu\u017eeb, kter\u00fd se uskute\u010dnil v \u00fater\u00fd v kav\u00e1rn\u011b L\u00e1ry F\u00e1ry. A pro\u010d takov\u00fd festival vznikl? <\/strong><!--more--><\/p>\n<p>Nejen, aby se lid\u00e9 mohli informovat, kde pop\u0159\u00edpad\u011b hledat pomoc, ale aby i r\u016fzn\u00e9 soci\u00e1ln\u00ed slu\u017eby na N\u00e1chodsku o sob\u011b v\u011bd\u011bli a v\u00edce spolu spolupracovali.<br \/>\nPo cel\u00fd den mohli z\u00e1jemci p\u0159ich\u00e1zet a vyzkou\u0161et si r\u016fzn\u00e9 techniky v z\u00e1\u017eitkov\u00fdch d\u00edln\u00e1ch nebo si zasout\u011b\u017eit. Na dotazy odpov\u00eddali odborn\u00edci z po\u0159adatelsk\u00fdch organizac\u00ed, kter\u00fdmi byli P\u00e9\u010de o du\u0161evn\u00ed zdrav\u00ed N\u00e1chod, Ob\u010dansk\u00e9 sdru\u017een\u00ed Cesta N\u00e1chod, Ob\u010dansk\u00e9 sdru\u017een\u00ed Pferda a Ob\u010dansk\u00e9 sdru\u017een\u00ed Modr\u00e9 srdce.<\/p>\n<p>&#8222;Festival m\u00e1 spojovat v\u0161echny poskytovatele soci\u00e1ln\u00edch slu\u017eeb na N\u00e1chodsku a do budoucna p\u0159edpokl\u00e1d\u00e1me, \u017ee se k n\u00e1m p\u0159ipoj\u00ed mnoz\u00ed dal\u0161\u00ed, jako nap\u0159\u00edklad domovy d\u016fchodc\u016f \u010di n\u00e1chodsk\u00e1 Archa,&#8220; \u0159ekla \u0159editelka Ob\u010dansk\u00e9ho sdru\u017een\u00ed Cesta Denisa Voborn\u00edkov\u00e1. U jej\u00edho st\u00e1nku si bylo mo\u017en\u00e9 vyzkou\u0161et n\u011bkolik br\u00fdl\u00ed, kter\u00e9 simulovaly r\u016fzn\u00e9 po\u0161kozen\u00ed zraku a\u017e po slepotu. &#8222;Lid\u00e9 si mohli br\u00fdle zkusit a uv\u011bdomit si, jak velk\u00e9 maj\u00ed \u0161t\u011bst\u00ed, kdy\u017e dob\u0159e vid\u00ed,&#8220; zd\u016fraznila Voborn\u00edkov\u00e1.<br \/>\nZaj\u00edmav\u00e9 informace poskytovalo Modr\u00e9 srdce, co\u017e je ob\u010dansk\u00e9 sdru\u017een\u00ed na pomoc p\u0159i pozn\u00e1v\u00e1n\u00ed sv\u011bta autismu. &#8222;U n\u00e1s se mohli p\u0159\u00edchoz\u00ed dozv\u011bd\u011bt v\u0161e o autismu, nechyb\u011bla nab\u00eddka doporu\u010den\u00e9 literatury i pom\u016fcek pro d\u011bti a trochu z\u00e1bavy, aby si lid\u00e9 zkusili, jak pracuj\u00ed hendikepovan\u00ed,&#8220; popsala p\u0159edsedkyn\u011b sdru\u017een\u00ed Alexandra K\u0159ovinov\u00e1 a dodala: &#8222;Na\u0161e sdru\u017een\u00ed po\u0159\u00e1d\u00e1 r\u016fzn\u00e1 \u0161kolen\u00ed, chod\u00edme do \u0161kol vzd\u011bl\u00e1vat pedagogy a po\u0159\u00e1d\u00e1me i charitativn\u00ed \u010dinnost. To znamen\u00e1, \u017ee v\u017edy vybereme n\u011bkoho s hendikepem a v\u00fdt\u011b\u017eek z prodejn\u00edho bazaru mu v\u011bnujeme,&#8220; vysv\u011btlila.<br \/>\nU st\u00e1nku organizace P\u00e9\u010de o du\u0161evn\u00ed zdrav\u00ed si bylo mo\u017en\u00e9 vyzkou\u0161et, jak\u00e9 to je,kdy\u017eje n\u011bkdo du\u0161evn\u011b nemocn\u00fd a m\u00e1 vnit\u0159n\u00ed hlasy, nap\u0159\u00edklad p\u0159i schizofrenii. Tato organizace se sna\u017e\u00ed, aby se du\u0161evn\u011b nemocn\u00ed lid\u00e9 pomoc\u00ed soci\u00e1ln\u00ed rehabilitace dok\u00e1zali postavit na vlastn\u00ed nohy a i p\u0159es sv\u016fj hendikep \u017eili jak pot\u0159ebuj\u00ed a cht\u011bj\u00ed. &#8222;Nej\u010dast\u011bj\u0161\u00ed probl\u00e9my dne\u0161n\u00ed doby jsou hled\u00e1n\u00ed pr\u00e1ce a uplatn\u011bn\u00ed na trhu pr\u00e1ce, potom velk\u00e9 probl\u00e9my s financemi a samota,&#8220; \u0159ekl Pavel Provazn\u00edk, vedouc\u00ed st\u0159edisek Rychnov nad Kn\u011b\u017enou a N\u00e1chod. Ob\u010dansk\u00e9 sdru\u017een\u00ed Pferda p\u0159edstavilo svou kav\u00e1rnu L\u00e1ry F\u00e1ry a p\u0159\u00edchoz\u00ed si mohli u st\u00e1nku vyzkou\u0161et, \u017ee p\u0159\u00edprava k\u00e1vy nen\u00ed v\u017edy jednoduch\u00e1.<\/p>\n<p>REGINA HELLOV\u00c1<br \/>\nN\u00e1chodsk\u00fd den\u00edk<\/p>\n","protected":false},"excerpt":{"rendered":"<div class=\"mh-excerpt\"><p>&#8222;Nebojte se n\u00e1s!&#8220; tak zn\u011blo motto I. ro\u010dn\u00edku festivalu soci\u00e1ln\u00edch slu\u017eeb, kter\u00fd se uskute\u010dnil v \u00fater\u00fd v kav\u00e1rn\u011b L\u00e1ry F\u00e1ry. A pro\u010d takov\u00fd festival vznikl?<\/p>\n<\/div>","protected":false},"author":1,"featured_media":0,"comment_status":"open","ping_status":"closed","sticky":false,"template":"","format":"standard","meta":{"footnotes":""},"categories":[9],"tags":[],"class_list":["post-21843","post","type-post","status-publish","format-standard","hentry","category-zpravy"],"_links":{"self":[{"href":"https:\/\/www.invarena.cz\/index.php?rest_route=\/wp\/v2\/posts\/21843","targetHints":{"allow":["GET"]}}],"collection":[{"href":"https:\/\/www.invarena.cz\/index.php?rest_route=\/wp\/v2\/posts"}],"about":[{"href":"https:\/\/www.invarena.cz\/index.php?rest_route=\/wp\/v2\/types\/post"}],"author":[{"embeddable":true,"href":"https:\/\/www.invarena.cz\/index.php?rest_route=\/wp\/v2\/users\/1"}],"replies":[{"embeddable":true,"href":"https:\/\/www.invarena.cz\/index.php?rest_route=%2Fwp%2Fv2%2Fcomments&post=21843"}],"version-history":[{"count":0,"href":"https:\/\/www.invarena.cz\/index.php?rest_route=\/wp\/v2\/posts\/21843\/revisions"}],"wp:attachment":[{"href":"https:\/\/www.invarena.cz\/index.php?rest_route=%2Fwp%2Fv2%2Fmedia&parent=21843"}],"wp:term":[{"taxonomy":"category","embeddable":true,"href":"https:\/\/www.invarena.cz\/index.php?rest_route=%2Fwp%2Fv2%2Fcategories&post=21843"},{"taxonomy":"post_tag","embeddable":true,"href":"https:\/\/www.invarena.cz\/index.php?rest_route=%2Fwp%2Fv2%2Ftags&post=21843"}],"curies":[{"name":"wp","href":"https:\/\/api.w.org\/{rel}","templated":true}]}}