{"id":21864,"date":"2015-06-22T11:22:20","date_gmt":"2015-06-22T09:22:20","guid":{"rendered":"http:\/\/www.invarena.cz\/?p=21864"},"modified":"2015-06-22T11:42:03","modified_gmt":"2015-06-22T09:42:03","slug":"jizdu-vyzkousely-stovky-zajemcu","status":"publish","type":"post","link":"https:\/\/www.invarena.cz\/?p=21864","title":{"rendered":"J\u00edzdu vyzkou\u0161ely stovky z\u00e1jemc\u016f"},"content":{"rendered":"<p><strong>Jak\u00e9 to je pohybovat se na voz\u00edku, si od p\u00e1te\u010dn\u00edho r\u00e1na zkou\u0161eli lid\u00e9 na Olomouck\u00e9 \u0161tafet\u011b na voz\u00edku.<\/strong> <!--more--><\/p>\n<p>Olomouck\u00fd kraj \u2013 Ve Smetanov\u00fdch sadech v Rudolfov\u011b aleji na n\u011b \u010dekal p\u0159ibli\u017en\u011b \u010dtvrtkilometrov\u00fd \u00fasek, kter\u00fd museli zdolat. Do akce po\u0159\u00e1dan\u00e9 od p\u00e1te\u010dn\u00edho do sobotn\u00edho r\u00e1na se zapojily des\u00edtky lid\u00ed.<\/p>\n<p>Smyslem druh\u00e9ho ro\u010dn\u00edku bylo propojen\u00ed dvou skupin, kter\u00e9 se n\u011bkdy nepotk\u00e1vaj\u00ed. &#8222;Spojujeme sv\u011bt lid\u00ed s handicapem a sv\u011bt zdrav\u00fdch, aby bylo vid\u011bt, \u017ee vlastn\u011b \u017e\u00e1dn\u00e9 rozd\u00edly nejsou. \u017de je to sv\u011bt jeden,&#8220; \u0159ekl za po\u0159\u00e1daj\u00edc\u00ed Spolek Trend voz\u00ed\u010dk\u00e1\u0159\u016f Olomouc Milan Langer.<\/p>\n<p>Prvn\u00ed \u00fa\u010dastn\u00edci vyjeli v p\u00e1tek v dev\u011bt hodin r\u00e1no, n\u00e1sledn\u011b se voz\u00ed\u010dky st\u0159\u00eddaly dal\u0161\u00edch \u010dty\u0159iadvacet hodin. Do p\u00e1te\u010dn\u00ed 17. hodiny napo\u010d\u00edtali v parku p\u0159ibli\u017en\u011b dv\u011b st\u011b z\u00e1jemc\u016f. &#8222;O\u010dek\u00e1v\u00e1me, \u017ee z toho vznikne zaj\u00edmav\u00e1 tradice, kter\u00e1 se \u010dasem stane sou\u010d\u00e1st\u00ed sportovn\u00edho a kulturn\u00edho \u017eivota nejen v Olomouci, ale i v jin\u00fdch m\u011bstech v republice,&#8220; dodal Milan Langer s t\u00edm, \u017ee se svezl nap\u0159\u00edklad hejtman Pardubick\u00e9ho kraje.<\/p>\n<p>Olomouck\u00e1 \u0161tafeta na voz\u00edku odstartovala den p\u0159ed za\u010d\u00e1tkem p\u016flmaratonu. Se Spolkem Trend voz\u00ed\u010dk\u00e1\u0159\u016f Olomouc se na jeho p\u0159\u00edprav\u011b pod\u00edlel krom\u011b Olomouce, Olomouck\u00e9ho kraje a Univerzity Palack\u00e9ho i Prague International Marathon.<\/p>\n<p>Podpo\u0159it Trend voz\u00ed\u010dk\u00e1\u0159\u016f v Olomouci mohli i letos b\u011b\u017eci, kte\u0159\u00ed si p\u0159es n\u011bj objednali registraci na libovoln\u00fd b\u011bh Run- Czech b\u011b\u017eeck\u00e9 ligy. Organiz\u00e1to\u0159i prod\u00e1vali registra\u010dn\u00ed \u010d\u00edsla k z\u00e1vodu za ni\u017e\u0161\u00ed cenu neziskov\u00fdm organizac\u00edm a od nich si je pak mohli koupit \u00fa\u010dastn\u00edci za cenu vy\u0161\u0161\u00ed, p\u0159i\u010dem\u017e rozd\u00edl z\u016fstal neziskovk\u00e1m.<\/p>\n<p>22.06.2015<br \/>\nOlomouck\u00fd den\u00edk<br \/>\n<a href=\"http:\/\/www.olomoucky.denik.cz\/\">http:\/\/www.olomoucky.denik.cz\/<\/a><\/p>\n","protected":false},"excerpt":{"rendered":"<div class=\"mh-excerpt\"><p>Jak\u00e9 to je pohybovat se na voz\u00edku, si od p\u00e1te\u010dn\u00edho r\u00e1na zkou\u0161eli lid\u00e9 na Olomouck\u00e9 \u0161tafet\u011b na voz\u00edku.<\/p>\n<\/div>","protected":false},"author":1,"featured_media":17309,"comment_status":"open","ping_status":"closed","sticky":false,"template":"","format":"standard","meta":{"footnotes":""},"categories":[9],"tags":[],"class_list":["post-21864","post","type-post","status-publish","format-standard","has-post-thumbnail","hentry","category-zpravy"],"_links":{"self":[{"href":"https:\/\/www.invarena.cz\/index.php?rest_route=\/wp\/v2\/posts\/21864","targetHints":{"allow":["GET"]}}],"collection":[{"href":"https:\/\/www.invarena.cz\/index.php?rest_route=\/wp\/v2\/posts"}],"about":[{"href":"https:\/\/www.invarena.cz\/index.php?rest_route=\/wp\/v2\/types\/post"}],"author":[{"embeddable":true,"href":"https:\/\/www.invarena.cz\/index.php?rest_route=\/wp\/v2\/users\/1"}],"replies":[{"embeddable":true,"href":"https:\/\/www.invarena.cz\/index.php?rest_route=%2Fwp%2Fv2%2Fcomments&post=21864"}],"version-history":[{"count":0,"href":"https:\/\/www.invarena.cz\/index.php?rest_route=\/wp\/v2\/posts\/21864\/revisions"}],"wp:featuredmedia":[{"embeddable":true,"href":"https:\/\/www.invarena.cz\/index.php?rest_route=\/wp\/v2\/media\/17309"}],"wp:attachment":[{"href":"https:\/\/www.invarena.cz\/index.php?rest_route=%2Fwp%2Fv2%2Fmedia&parent=21864"}],"wp:term":[{"taxonomy":"category","embeddable":true,"href":"https:\/\/www.invarena.cz\/index.php?rest_route=%2Fwp%2Fv2%2Fcategories&post=21864"},{"taxonomy":"post_tag","embeddable":true,"href":"https:\/\/www.invarena.cz\/index.php?rest_route=%2Fwp%2Fv2%2Ftags&post=21864"}],"curies":[{"name":"wp","href":"https:\/\/api.w.org\/{rel}","templated":true}]}}