{"id":21865,"date":"2015-06-22T11:30:19","date_gmt":"2015-06-22T09:30:19","guid":{"rendered":"http:\/\/www.invarena.cz\/?p=21865"},"modified":"2015-06-23T10:51:08","modified_gmt":"2015-06-23T08:51:08","slug":"obehnout-lidi-se-sluchatky-bylo-tezke-i-tak-to-byl-skvely-zavod","status":"publish","type":"post","link":"https:\/\/www.invarena.cz\/?p=21865","title":{"rendered":"Ob\u011bhnout lidi se sluch\u00e1tky bylo t\u011b\u017ek\u00e9, i tak to byl skv\u011bl\u00fd z\u00e1vod"},"content":{"rendered":"<p><strong>Ale\u0161 P\u0159\u00edborsk\u00fd, kter\u00fd m\u00e1 zrakov\u00fd handicap, se na tra\u0165 vydal s vodi\u010dkou Kamilou Petrovou<\/strong> <!--more--><\/p>\n<p>Olomouck\u00fd kraj \u2013 Necht\u011bli to p\u0159ed z\u00e1vodem rad\u011bji ani \u0159\u00edkat nahlas, ale povedlo se. Nevidom\u00fd b\u011b\u017eec Ale\u0161 P\u0159\u00edborsk\u00fd a jeho tras\u00e9rka Kamila Petrov\u00e1 zvl\u00e1dli olomouck\u00fd p\u016flmaraton pod dv\u011b hodiny. Po dob\u011bhnut\u00ed si pochvalovali po\u010das\u00ed i atmosf\u00e9ru, jen bez sluch\u00e1tek na hlav\u00e1ch n\u011bkter\u00fdch \u00fa\u010dastn\u00edk\u016f by se podle nich z\u00e1vod obe\u0161el. Ned\u00e1 se s nimi nijak domluvit a pak b\u00fdv\u00e1 probl\u00e9m je ob\u011bhnout.<\/p>\n<p>Oba v sobotu posunuli sv\u00e9 osobn\u00ed rekordy. &#8222;M\u00e1me \u010das 1:49 a n\u011bjak\u00e9 vte\u0159iny. Je to n\u00e1\u0161 nejlep\u0161\u00ed v\u00fdsledek na p\u016flmaratonu ve m\u011bst\u011b. Zat\u00edm jsme spolu b\u011b\u017eeli jen p\u016flmaraton v ter\u00e9nu a tam pro n\u00e1s takov\u00fd \u010das nen\u00ed re\u00e1ln\u00fd. Jsme nad\u0161en\u00ed, spokojen\u00ed, \u00fapln\u011b bomba,&#8220; hodnotila po z\u00e1vod\u011b v centru Olomouce vodi\u010dka Kamila Petrov\u00e1.<\/p>\n<p>Dvojici spojuje pru\u017en\u00e1 tkani\u010dka<\/p>\n<p>P\u0159es rok spolu tr\u00e9nuj\u00ed v les\u00edch v okol\u00ed Velk\u00e9 Byst\u0159ice na Olomoucku. P\u0159i b\u011bhu jsou spojen\u00ed t\u0159iceticentimetrovou pru\u017enou tkani\u010dkou, tak\u017ee vzd\u00e1lenost mezi nimi se m\u016f\u017ee trochu m\u011bnit. &#8222;Vymyslel jsem to pro sebe takto. Kdy\u017e jsem za\u010d\u00ednal s jinou kamar\u00e1dkou, zablokovala si z\u00e1da, jak mi po\u0159\u00e1d dr\u017eela ruku. Te\u010f m\u00e1 tras\u00e9rka ruce voln\u00e9, m\u016f\u017ee si m\u011b p\u0159itahovat, kdy\u017e jsou t\u0159eba u\u017e\u0161\u00ed m\u00edsta. Pokud je mezi n\u00e1mi kolej nebo nerovnost, chytneme se a \u0161patn\u00fd \u00fasek prob\u011bhneme,&#8220; vysv\u011btloval Ale\u0161 P\u0159\u00edborsk\u00fd, jak zvl\u00e1dat n\u00e1strahy trati.<\/p>\n<p>V Olomouci jich na\u0161t\u011bst\u00ed p\u0159\u00edli\u0161 nebylo. Nejhor\u0161\u00ed chvilka p\u0159i\u0161la pro dvojici asi hned po za\u010d\u00e1tku. &#8222;V\u017edy je t\u011b\u017ek\u00e9 se propracovat. V Riegrov\u011b ulici, kde se to po startu trochu ucpalo, byla situace docela nep\u0159\u00edjemn\u00e1. Asi budu m\u00edt mod\u0159iny, dostal jsem n\u011bjak\u00e9 r\u00e1ny. Jinak ale ostatn\u00ed na\u0161e dresy respektovali,&#8220; dodal s \u00fasm\u011bvem z\u00e1vodn\u00edk. D\u00e1l se Ale\u0161ovi a Kamile b\u011b\u017eelo dob\u0159e, po\u010das\u00ed ostatn\u011b p\u0159\u00e1lo. Kdy\u017e fouklo, bylo to sp\u00ed\u0161 p\u0159\u00edjemn\u00e9. Proto\u017ee teploty nebyly je\u0161t\u011b letn\u00ed, vysta\u010dila jim voda, kterou si nesli s sebou a mohli se tak vyhnout ob\u010derstvovac\u00edm stanic\u00edm. U t\u011bch se tvo\u0159\u00ed chumly a je pot\u0159eba se jimi protla\u010dit d\u00e1l, co\u017e i tak zabere \u010das.<\/p>\n<p>P\u00e1r kilometr\u016f p\u0159ed c\u00edlem nicm\u00e9n\u011b p\u0159i\u0161la krize. &#8222;Byl jsem smutn\u00fd, kdy\u017e jsme byli na osmn\u00e1ct\u00e9m devaten\u00e1ct\u00e9m kilometru a u\u017e jsem nemohl po\u0159\u00e1dn\u011b m\u00e1vat lidem. Sly\u0161el jsem je, ale m\u011bl jsem toho dost. Byli v\u00fdborn\u00ed, skv\u011bl\u00ed pod\u00e9l cel\u00e9 trati. Hrozn\u011b n\u00e1s povzbuzovali, bylo to bezvadn\u00e9. Moc jsem si to u\u017eil,&#8220; ocenil Ale\u0161 P\u0159\u00edborsk\u00fd nad\u0161en\u00ed div\u00e1k\u016f. Jako hobby b\u011b\u017eci se sna\u017e\u00ed p\u0159ihl\u00ed\u017eej\u00edc\u00edm energii vracet, zam\u00e1vat, pl\u00e1cnout si s nimi, kdy\u017e to jde, nebo prohodit p\u00e1r slov.<\/p>\n<p>Pus\u0165 n\u00e1s, volali na trase marn\u011b<\/p>\n<p>N\u011bkte\u0159\u00ed b\u011b\u017eci ale podporov\u00e1n\u00ed sly\u0161et nemohli, do u\u0161\u00ed si pou\u0161t\u011bli hudbu. N\u011bkomu se tak l\u00e9pe soust\u0159ed\u00ed na v\u00fdkon, nem\u016f\u017ee v\u0161ak po\u0159\u00e1dn\u011b reagovat na okol\u00ed. &#8222;B\u011b\u017eci se sluch\u00e1tky n\u00e1s v\u017edycky nazlob\u00ed. M\u016f\u017eu si vyk\u0159i\u010det pl\u00edce, vol\u00e1m Trasa nebo Pus\u0165 n\u00e1s, ale nesly\u0161\u00ed. Je to podle mne stra\u0161n\u011b nef\u00e9r i v\u016f\u010di ostatn\u00edm,&#8220; zm\u00ednila Kamila Petrov\u00e1, \u017ee na n\u011bkter\u00fdch z\u00e1vodech sluch\u00e1tka povolen\u00e1 nejsou. &#8222;Mysl\u00edm, \u017ee se to do budoucna na z\u00e1vodech asi vy\u0159e\u0161\u00ed. Jestli bude nevidom\u00fdch b\u011b\u017ec\u016f p\u0159ib\u00fdvat,&#8220; odhadovala tras\u00e9rka.<\/p>\n<p>Pot\u00e9, co je\u0161t\u011b oba z\u00e1vodn\u00edci zap\u00f3zovali p\u0159ed fotoapar\u00e1tem, zam\u00ed\u0159ili s medailemi na krku spolu s patn\u00e1cti\u010dlennou doprovodnou skupinou oslavit v\u00fdsledek do restaurace.<\/p>\n<p>22.06.2015<br \/>\nOND\u0158EJ ZUNTYCH<br \/>\nOlomouck\u00fd den\u00edk<br \/>\n<a href=\"http:\/\/www.olomoucky.denik.cz\/\">http:\/\/www.olomoucky.denik.cz\/<\/a><\/p>\n","protected":false},"excerpt":{"rendered":"<div class=\"mh-excerpt\"><p>Ale\u0161 P\u0159\u00edborsk\u00fd, kter\u00fd m\u00e1 zrakov\u00fd handicap, se na tra\u0165 vydal s vodi\u010dkou Kamilou Petrovou<\/p>\n<\/div>","protected":false},"author":1,"featured_media":0,"comment_status":"open","ping_status":"closed","sticky":false,"template":"","format":"standard","meta":{"footnotes":""},"categories":[9],"tags":[],"class_list":["post-21865","post","type-post","status-publish","format-standard","hentry","category-zpravy"],"_links":{"self":[{"href":"https:\/\/www.invarena.cz\/index.php?rest_route=\/wp\/v2\/posts\/21865","targetHints":{"allow":["GET"]}}],"collection":[{"href":"https:\/\/www.invarena.cz\/index.php?rest_route=\/wp\/v2\/posts"}],"about":[{"href":"https:\/\/www.invarena.cz\/index.php?rest_route=\/wp\/v2\/types\/post"}],"author":[{"embeddable":true,"href":"https:\/\/www.invarena.cz\/index.php?rest_route=\/wp\/v2\/users\/1"}],"replies":[{"embeddable":true,"href":"https:\/\/www.invarena.cz\/index.php?rest_route=%2Fwp%2Fv2%2Fcomments&post=21865"}],"version-history":[{"count":0,"href":"https:\/\/www.invarena.cz\/index.php?rest_route=\/wp\/v2\/posts\/21865\/revisions"}],"wp:attachment":[{"href":"https:\/\/www.invarena.cz\/index.php?rest_route=%2Fwp%2Fv2%2Fmedia&parent=21865"}],"wp:term":[{"taxonomy":"category","embeddable":true,"href":"https:\/\/www.invarena.cz\/index.php?rest_route=%2Fwp%2Fv2%2Fcategories&post=21865"},{"taxonomy":"post_tag","embeddable":true,"href":"https:\/\/www.invarena.cz\/index.php?rest_route=%2Fwp%2Fv2%2Ftags&post=21865"}],"curies":[{"name":"wp","href":"https:\/\/api.w.org\/{rel}","templated":true}]}}