{"id":21886,"date":"2015-06-23T10:56:15","date_gmt":"2015-06-23T08:56:15","guid":{"rendered":"http:\/\/www.invarena.cz\/?p=21886"},"modified":"2015-06-23T10:56:24","modified_gmt":"2015-06-23T08:56:24","slug":"v-cr-loni-stoupl-pocet-pracovnich-urazu-o-950-na-45-000","status":"publish","type":"post","link":"https:\/\/www.invarena.cz\/?p=21886","title":{"rendered":"V \u010cR loni stoupl po\u010det pracovn\u00edch \u00faraz\u016f o 950 na 45.000"},"content":{"rendered":"<p><strong>V \u010cesku se loni stalo celkem 45.058 pracovn\u00edch \u00faraz\u016f s n\u00e1slednou pracovn\u00ed neschopnost\u00ed, co\u017e je meziro\u010dn\u00ed n\u00e1r\u016fst o 950 p\u0159\u00edpad\u016f. Z toho 1412 pracovn\u00edch \u00faraz\u016f bylo spojeno s hospitalizac\u00ed v nemocnici del\u0161\u00ed ne\u017e p\u011bt dn\u016f.<\/strong><!--more--><\/p>\n<p>ilustra\u010dn\u00ed foto: Photoxpress<\/p>\n<p>Lid\u00e9 str\u00e1vili kv\u016fli \u00faraz\u016fm na neschopence 2,4 milionu kalend\u00e1\u0159n\u00edch dn\u016f, t\u00e9m\u011b\u0159 o 60.000 dn\u00ed v\u00edce ne\u017e p\u0159edloni. Vypl\u00fdv\u00e1 to ze statistik St\u00e1tn\u00edho \u00fa\u0159adu inspekce pr\u00e1ce (SUIP).<br \/>\nV roce 2014 \u00fa\u0159ad inspekce pr\u00e1ce registroval celkem 106 smrteln\u00fdch pracovn\u00edch \u00faraz\u016f. Nej\u010dast\u011bj\u0161\u00edm zdrojem (48) byla pozemn\u00ed vozidla a ostatn\u00ed dopravn\u00ed prost\u0159edky, a tedy p\u0159ev\u00e1\u017en\u011b dopravn\u00ed nehody. Druh\u00fdm nejv\u011bt\u0161\u00edm m\u00edstem \u00faraz\u016f byly budovy, konstrukce a povrchy. Tam ve dvaceti smrteln\u00fdch \u00farazech \u0161lo hlavn\u011b o p\u00e1dy z v\u00fd\u0161ky a do hlubiny.<br \/>\nNejv\u00edce \u00faraz\u016f se stalo ve zpracovatelsk\u00e9m pr\u016fmyslu, kter\u00fd z\u00e1rove\u0148 zam\u011bstn\u00e1v\u00e1 nejv\u00edce poji\u0161t\u011bnc\u016f. K nejv\u011bt\u0161\u00edmu po\u010dtu smrteln\u00fdch \u00faraz\u016f pak do\u0161lo ve stavebnictv\u00ed, zpracovatelsk\u00e9m pr\u016fmyslu a p\u0159i doprav\u011b a skladov\u00e1n\u00ed. Dal\u0161\u00edm rizikov\u00fdm odv\u011btv\u00edm bylo oprav\u00e1renstv\u00ed.<br \/>\n&#8222;Za mnoh\u00fdmi pracovn\u00edmi \u00farazy stoj\u00ed ekonomick\u00fd tlak, firmy se sna\u017e\u00ed sni\u017eovat n\u00e1klady, \u0161et\u0159\u00ed na osobn\u00edch ochrann\u00fdch pom\u016fck\u00e1ch nebo je nepo\u0159izuj\u00ed v\u016fbec. Nap\u0159\u00edklad u v\u00fdkop\u016f chyb\u00ed pom\u016fcky, kter\u00e9 zabra\u0148uj\u00ed sesuvu p\u016fdy, kolem v\u00fd\u0161kov\u00fdch staveb firmy poka\u017ed\u00e9 nestav\u00ed kvalitn\u00ed, pevn\u00e9 le\u0161en\u00ed. Na vin\u011b jsou i lehkomysln\u00ed zam\u011bstnanci, proto\u017ee hlavn\u00ed p\u0159\u00ed\u010dinou v\u00e1\u017en\u00fdch \u00faraz\u016f je nespr\u00e1vn\u011b odhadnut\u00e1 m\u00edra rizika,&#8220; uvedl Jan Benda ze spole\u010dnosti Bureau Veritas, kter\u00e1 se zab\u00fdv\u00e1 inspekcemi bezpe\u010dnosti pr\u00e1ce.<br \/>\nPracovn\u00ed \u00farazovost p\u0159itom firmy zat\u011b\u017euje nejen administrativou, ale zvy\u0161uje tak\u00e9 n\u00e1klady a naru\u0161uje plynul\u00fd pracovn\u00ed proces. Celkov\u00fd finan\u010dn\u00ed dopad v sob\u011b zahrnuje zv\u00fd\u0161en\u00ed pojistn\u00e9ho, v\u00fdrobn\u00ed ztr\u00e1ty, ztr\u00e1ty z\u00e1kazn\u00edk\u016f nebo dokonce ztr\u00e1tu reputace. Opat\u0159en\u00ed ke sn\u00ed\u017een\u00ed rizik m\u016f\u017ee naopak v\u00e9st ke zv\u00fd\u0161en\u00ed produktivity, upozornil Anton\u00edn Zaj\u00ed\u010dek ze spole\u010dnosti Schneider Electric, kter\u00fd se zab\u00fdv\u00e1 bezpe\u010dnost\u00ed stroj\u016f.<br \/>\n<strong>Nej\u010dast\u011bj\u0161\u00ed \u00farazy podle odv\u011btv\u00ed:<\/strong><\/p>\n<table>\n<tbody>\n<tr>\n<td>Odv\u011btv\u00ed<\/td>\n<td>Po\u010det \u00faraz\u016f<\/td>\n<td>Dny pracovn\u00ed neschopnosti<\/td>\n<\/tr>\n<tr>\n<td>Zpracovatelsk\u00fd pr\u016fmysl<\/td>\n<td>19.280<\/td>\n<td>925.084<\/td>\n<\/tr>\n<tr>\n<td>Opravy motorov\u00fdch vozidel<\/td>\n<td>4597<\/td>\n<td>241.165<\/td>\n<\/tr>\n<tr>\n<td>Doprava a skladov\u00e1n\u00ed<\/td>\n<td>4123<\/td>\n<td>262.399<\/td>\n<\/tr>\n<tr>\n<td>Stavebnictv\u00ed<\/td>\n<td>3135<\/td>\n<td>222.441<\/td>\n<\/tr>\n<\/tbody>\n<\/table>\n<table>\n<tbody>\n<tr>\n<td>rok<\/td>\n<td>po\u010det pracovn\u00edch \u00faraz\u016f s pracovn\u00ed neschopnost\u00ed<\/td>\n<td>po\u010det smrteln\u00fdch pracovn\u00edch \u00faraz\u016f<\/td>\n<\/tr>\n<tr>\n<td>2014<\/td>\n<td>45.058<\/td>\n<td>106<\/td>\n<\/tr>\n<tr>\n<td>2013<\/td>\n<td>42.927<\/td>\n<td>113<\/td>\n<\/tr>\n<tr>\n<td>2012<\/td>\n<td>44.108<\/td>\n<td>113<\/td>\n<\/tr>\n<tr>\n<td>2011<\/td>\n<td>47.111<\/td>\n<td>126<\/td>\n<\/tr>\n<\/tbody>\n<\/table>\n<p>zdroj:SUIP<\/p>\n","protected":false},"excerpt":{"rendered":"<div class=\"mh-excerpt\"><p>V \u010cesku se loni stalo celkem 45.058 pracovn\u00edch \u00faraz\u016f s n\u00e1slednou pracovn\u00ed neschopnost\u00ed, co\u017e je meziro\u010dn\u00ed n\u00e1r\u016fst o 950 p\u0159\u00edpad\u016f. Z toho 1412 pracovn\u00edch \u00faraz\u016f <a class=\"mh-excerpt-more\" href=\"https:\/\/www.invarena.cz\/?p=21886\" title=\"V \u010cR loni stoupl po\u010det pracovn\u00edch \u00faraz\u016f o 950 na 45.000\">[&#8230;]<\/a><\/p>\n<\/div>","protected":false},"author":1,"featured_media":18323,"comment_status":"open","ping_status":"closed","sticky":false,"template":"","format":"standard","meta":{"footnotes":""},"categories":[11],"tags":[],"class_list":["post-21886","post","type-post","status-publish","format-standard","has-post-thumbnail","hentry","category-zdravi"],"_links":{"self":[{"href":"https:\/\/www.invarena.cz\/index.php?rest_route=\/wp\/v2\/posts\/21886","targetHints":{"allow":["GET"]}}],"collection":[{"href":"https:\/\/www.invarena.cz\/index.php?rest_route=\/wp\/v2\/posts"}],"about":[{"href":"https:\/\/www.invarena.cz\/index.php?rest_route=\/wp\/v2\/types\/post"}],"author":[{"embeddable":true,"href":"https:\/\/www.invarena.cz\/index.php?rest_route=\/wp\/v2\/users\/1"}],"replies":[{"embeddable":true,"href":"https:\/\/www.invarena.cz\/index.php?rest_route=%2Fwp%2Fv2%2Fcomments&post=21886"}],"version-history":[{"count":0,"href":"https:\/\/www.invarena.cz\/index.php?rest_route=\/wp\/v2\/posts\/21886\/revisions"}],"wp:featuredmedia":[{"embeddable":true,"href":"https:\/\/www.invarena.cz\/index.php?rest_route=\/wp\/v2\/media\/18323"}],"wp:attachment":[{"href":"https:\/\/www.invarena.cz\/index.php?rest_route=%2Fwp%2Fv2%2Fmedia&parent=21886"}],"wp:term":[{"taxonomy":"category","embeddable":true,"href":"https:\/\/www.invarena.cz\/index.php?rest_route=%2Fwp%2Fv2%2Fcategories&post=21886"},{"taxonomy":"post_tag","embeddable":true,"href":"https:\/\/www.invarena.cz\/index.php?rest_route=%2Fwp%2Fv2%2Ftags&post=21886"}],"curies":[{"name":"wp","href":"https:\/\/api.w.org\/{rel}","templated":true}]}}