{"id":21894,"date":"2015-06-23T20:12:36","date_gmt":"2015-06-23T18:12:36","guid":{"rendered":"http:\/\/www.invarena.cz\/?p=21894"},"modified":"2015-06-23T20:26:06","modified_gmt":"2015-06-23T18:26:06","slug":"ministri-chteji-vic-penez-na-zdravotni-peci-v-socialnich-sluzbach","status":"publish","type":"post","link":"https:\/\/www.invarena.cz\/?p=21894","title":{"rendered":"Minist\u0159i cht\u011bj\u00ed v\u00edc pen\u011bz na zdravotn\u00ed p\u00e9\u010di v soci\u00e1ln\u00edch slu\u017eb\u00e1ch"},"content":{"rendered":"<p><strong>Ministr zdravotnictv\u00ed Svatopluk N\u011bme\u010dek a ministryn\u011b pr\u00e1ce Michaela Marksov\u00e1 (oba \u010cSSD) cht\u011bj\u00ed jednat s ministrem financ\u00ed Andrejem Babi\u0161em (ANO) o nav\u00fd\u0161en\u00ed pen\u011bz na zdravotn\u00ed p\u00e9\u010di v soci\u00e1ln\u00edch za\u0159\u00edzen\u00edch.<\/strong><!--more--><\/p>\n<p>Ministr zdravotnictv\u00ed Svatopluk N\u011bme\u010dek a ministryn\u011b pr\u00e1ce Michaela Marksov\u00e1 (oba \u010cSSD) cht\u011bj\u00ed jednat s ministrem financ\u00ed Andrejem Babi\u0161em (ANO) o nav\u00fd\u0161en\u00ed pen\u011bz na zdravotn\u00ed p\u00e9\u010di v soci\u00e1ln\u00edch za\u0159\u00edzen\u00edch. Tato oblast je podfinancovan\u00e1 a ro\u010dn\u011b v n\u00ed sch\u00e1z\u00ed jedna a\u017e dv\u011b miliardy korun, \u0159ekl N\u011bme\u010dek \u010cTK po dne\u0161n\u00edm jedn\u00e1n\u00ed s Marksovou a \u0159editelem V\u0161eobecn\u00e9 zdravotn\u00ed poji\u0161\u0165ovny (VZP) Zde\u0148kem Kab\u00e1tkem v Bene\u0161ov\u011b.<\/p>\n<p>&#8222;Spodn\u00ed hranice je jedna miliarda a horn\u00ed hranice je 1,5 a\u017e ke dv\u011bma miliard\u00e1m z pohledu toho, co chyb\u00ed na dokryt\u00ed zdravotn\u00ed slo\u017eky v za\u0159\u00edzen\u00edch tohoto typu,&#8220; \u0159ekl N\u011bme\u010dek b\u011bhem dne\u0161n\u00ed n\u00e1v\u0161t\u011bvy bene\u0161ovsk\u00e9ho domova pro seniory. &#8222;Oba jsme se shodli, \u017ee je pot\u0159eba jednat s panem ministrem financ\u00ed,&#8220; doplnila ho Marksov\u00e1.<\/p>\n<p>Podle N\u011bme\u010dka je nutn\u00e9, aby st\u00e1t chyb\u011bj\u00edc\u00ed prost\u0159edky doplnil, a to pos\u00edlen\u00edm zdravotn\u00edho poji\u0161t\u011bn\u00ed nebo st\u00e1tn\u00edmi pen\u011bzi, kter\u00e9 p\u016fjdou p\u0159\u00edmo za klientem. Kdo p\u0159\u00edslu\u0161n\u00fd materi\u00e1l bude p\u0159edkl\u00e1dat, nen\u00ed podle N\u011bme\u010dka podstatn\u00e9 a vyplyne to z meziresortn\u00edho jedn\u00e1n\u00ed. Podle ministra by cel\u00fd syst\u00e9m mohl b\u00fdt pos\u00edlen u\u017e v p\u0159\u00ed\u0161t\u00edm roce.<\/p>\n<p>Kab\u00e1tek uvedl, \u017ee zat\u00edmco minist\u0159i hledaj\u00ed syst\u00e9mov\u00e9 \u0159e\u0161en\u00ed, poji\u0161\u0165ovna mus\u00ed naj\u00edt \u0159e\u0161en\u00ed &#8222;te\u010f v re\u00e1ln\u00e9m \u010dase&#8220;. &#8222;My se sna\u017e\u00edme n\u011bjak\u00fdm zp\u016fsobem v r\u00e1mci ekonomick\u00fdch mantinel\u016f i v tom podfinancovan\u00e9m syst\u00e9mu hledat \u0159e\u0161en\u00ed, kter\u00e1 umo\u017en\u00ed pobytov\u00fdm za\u0159\u00edzen\u00edm soci\u00e1ln\u00edch slu\u017eeb p\u0159e\u017e\u00edt. Sna\u017e\u00edme se vytv\u00e1\u0159et ur\u010dit\u00fd prostor pro navy\u0161ov\u00e1n\u00ed produkce, pro navy\u0161ov\u00e1n\u00ed \u00fahrad, by\u0165 to nen\u00ed v \u0159\u00e1du miliard, ale sp\u00ed\u0161 jednotek a des\u00edtek milion\u016f,&#8220; \u0159ekl Kab\u00e1tek \u010cTK.<\/p>\n<p>Deficit je podle ministr\u016f d\u016fsledkem st\u00e1rnut\u00ed populace. Prodlu\u017euje se pr\u016fm\u011brn\u00fd v\u011bk do\u017eit\u00ed a zvy\u0161uj\u00ed zdravotn\u00ed probl\u00e9my senior\u016f a zdravotn\u011b posti\u017een\u00fdch. &#8222;Nen\u00ed mo\u017en\u00e9, aby soci\u00e1ln\u00ed slu\u017eby nedostaly zaplaceno za zdravotn\u00ed \u00fakony, kter\u00e9 poskytnou sv\u00fdm klient\u016fm,&#8220; zd\u016fraznila Marksov\u00e1.<\/p>\n<p>Ministerstvo pr\u00e1ce eviduje t\u00e9m\u011b\u0159 64.000 l\u016f\u017eek v 924 za\u0159\u00edzen\u00edch soci\u00e1ln\u00edch slu\u017eeb povinn\u011b poskytuj\u00edc\u00edch o\u0161et\u0159ovatelskou p\u00e9\u010di. V t\u011bchto za\u0159\u00edzen\u00edch od roku 2008 kles\u00e1 po\u010det zdravotnick\u00fdch pracovn\u00edk\u016f, p\u0159edev\u0161\u00edm v\u0161eobecn\u00fdch sester, kter\u00e9 zaji\u0161\u0165uj\u00ed o\u0161et\u0159ovatelskou p\u00e9\u010di. Pen\u00edze plynouc\u00ed z ve\u0159ejn\u00e9ho zdravotn\u00edho poji\u0161t\u011bn\u00ed pro v\u00fdkon o\u0161et\u0159ovatelsk\u00e9 p\u00e9\u010de pokr\u00fdvaj\u00ed necel\u00fdch 70 procent celkov\u00fdch person\u00e1ln\u00edch n\u00e1klad\u016f.<\/p>\n<p>Struktura klient\u016f v pobytov\u00fdch soci\u00e1ln\u00edch slu\u017eb\u00e1ch se v posledn\u00edch deseti letech nav\u00edc v\u00fdznamn\u011b zm\u011bnila. Klienti pot\u0159ebuj\u00ed kv\u016fli zhor\u0161ov\u00e1n\u00ed zdravotn\u00edho stavu intenzivn\u011bj\u0161\u00ed o\u0161et\u0159ovatelskou p\u00e9\u010di.<\/p>\n","protected":false},"excerpt":{"rendered":"<div class=\"mh-excerpt\"><p>Ministr zdravotnictv\u00ed Svatopluk N\u011bme\u010dek a ministryn\u011b pr\u00e1ce Michaela Marksov\u00e1 (oba \u010cSSD) cht\u011bj\u00ed jednat s ministrem financ\u00ed Andrejem Babi\u0161em (ANO) o nav\u00fd\u0161en\u00ed pen\u011bz na zdravotn\u00ed p\u00e9\u010di <a class=\"mh-excerpt-more\" href=\"https:\/\/www.invarena.cz\/?p=21894\" title=\"Minist\u0159i cht\u011bj\u00ed v\u00edc pen\u011bz na zdravotn\u00ed p\u00e9\u010di v soci\u00e1ln\u00edch slu\u017eb\u00e1ch\">[&#8230;]<\/a><\/p>\n<\/div>","protected":false},"author":1,"featured_media":1226,"comment_status":"open","ping_status":"closed","sticky":false,"template":"","format":"standard","meta":{"footnotes":""},"categories":[1,6],"tags":[],"class_list":["post-21894","post","type-post","status-publish","format-standard","has-post-thumbnail","hentry","category-nezarazene","category-politika"],"_links":{"self":[{"href":"https:\/\/www.invarena.cz\/index.php?rest_route=\/wp\/v2\/posts\/21894","targetHints":{"allow":["GET"]}}],"collection":[{"href":"https:\/\/www.invarena.cz\/index.php?rest_route=\/wp\/v2\/posts"}],"about":[{"href":"https:\/\/www.invarena.cz\/index.php?rest_route=\/wp\/v2\/types\/post"}],"author":[{"embeddable":true,"href":"https:\/\/www.invarena.cz\/index.php?rest_route=\/wp\/v2\/users\/1"}],"replies":[{"embeddable":true,"href":"https:\/\/www.invarena.cz\/index.php?rest_route=%2Fwp%2Fv2%2Fcomments&post=21894"}],"version-history":[{"count":0,"href":"https:\/\/www.invarena.cz\/index.php?rest_route=\/wp\/v2\/posts\/21894\/revisions"}],"wp:featuredmedia":[{"embeddable":true,"href":"https:\/\/www.invarena.cz\/index.php?rest_route=\/wp\/v2\/media\/1226"}],"wp:attachment":[{"href":"https:\/\/www.invarena.cz\/index.php?rest_route=%2Fwp%2Fv2%2Fmedia&parent=21894"}],"wp:term":[{"taxonomy":"category","embeddable":true,"href":"https:\/\/www.invarena.cz\/index.php?rest_route=%2Fwp%2Fv2%2Fcategories&post=21894"},{"taxonomy":"post_tag","embeddable":true,"href":"https:\/\/www.invarena.cz\/index.php?rest_route=%2Fwp%2Fv2%2Ftags&post=21894"}],"curies":[{"name":"wp","href":"https:\/\/api.w.org\/{rel}","templated":true}]}}