{"id":21905,"date":"2015-06-24T16:57:28","date_gmt":"2015-06-24T14:57:28","guid":{"rendered":"http:\/\/www.invarena.cz\/?p=21905"},"modified":"2015-06-24T16:57:42","modified_gmt":"2015-06-24T14:57:42","slug":"klienti-domova-se-stehuji-z-ustavu-do-domku","status":"publish","type":"post","link":"https:\/\/www.invarena.cz\/?p=21905","title":{"rendered":"Klienti domova se st\u011bhuj\u00ed z \u00fastavu do domk\u016f"},"content":{"rendered":"<p><strong>Pro 144 hendikepovan\u00fdch klient\u016f Domova soci\u00e1ln\u00edch slu\u017eeb ve Slati\u0148anech se z\u00e1sadn\u011b m\u011bn\u00ed jejich \u017eivotn\u00ed podm\u00ednky. V r\u00e1mci nejv\u011bt\u0161\u00edho projektu transformace soci\u00e1ln\u00edch slu\u017eeb v na\u0161\u00ed republice se mohli p\u0159est\u011bhovat z velkokapacitn\u00edho \u00fastavu do dvan\u00e1cti nov\u00fdch rodinn\u00fdch dvojdomk\u016f a dvou byt\u016f v bl\u00edzk\u00e9m okol\u00ed.<\/strong><!--more--><\/p>\n<p>Projekt za t\u00e9m\u011b\u0159 185 milion\u016f korun je financov\u00e1n Evropsk\u00fdm soci\u00e1ln\u00edm fondem prost\u0159ednictv\u00edm Integrovan\u00e9ho opera\u010dn\u00edho programu a st\u00e1tn\u00edm rozpo\u010dtem. Pardubick\u00fd kraj ho podpo\u0159il \u010d\u00e1stkou p\u0159ibli\u017en\u011b 20 milion\u016f korun.<\/p>\n<p>Prvn\u00ed transformace<\/p>\n<p>&#8222;Pardubick\u00fd kraj byl mezi prvn\u00edmi \u010dty\u0159mi kraji v republice, kter\u00e9 se do transformace soci\u00e1ln\u00edch \u00fastav\u016f pustily. Prvn\u00ed \u010dty\u0159i domky byly zkolaudov\u00e1ny u\u017e v roce 2006 a bylo vid\u011bt, \u017ee klient\u016fm tento zp\u016fsob p\u00e9\u010de nesm\u00edrn\u011b sv\u011bd\u010d\u00ed. Proto n\u00e1\u0161 kraj podal \u017e\u00e1dosti do nov\u011b vyhl\u00e1\u0161en\u00e9ho programu Evropsk\u00e9 unie s dal\u0161\u00edm projektem, se kter\u00fdm usp\u011bl, a kter\u00fd m\u016f\u017ee v t\u011bchto dnech slavnostn\u011b zavr\u0161it,&#8220; \u0159ekl radn\u00ed Pardubick\u00e9ho kraje pro soci\u00e1ln\u00ed v\u011bci a neziskov\u00fd sektor Pavel \u0160otola.<br \/>\nCelkem se projektu transformace soci\u00e1ln\u00edch slu\u017eeb \u00fa\u010dastn\u00ed 32 \u00fastavn\u00edch za\u0159\u00edzen\u00ed z cel\u00e9 \u010cesk\u00e9 republiky, kter\u00e1 poskytuj\u00ed slu\u017eby p\u0159ibli\u017en\u011b 3 800 lidem s posti\u017een\u00edm. Slati\u0148ansk\u00fd projekt je mezi nimi suver\u00e9nn\u011b ten nejv\u011bt\u0161\u00ed. &#8222;V na\u0161em za\u0159\u00edzen\u00ed \u017eije celkem 280 klient\u016f,&#8220; \u0159\u00edk\u00e1 \u0159editel Miroslav Kub\u00edn. &#8222;Z toho u\u017e n\u011bkte\u0159\u00ed v domc\u00edch bydl\u00ed, a do pr\u00e1v\u011b dokon\u010den\u00fdch domk\u016f a zakoupen\u00fdch byt\u016f st\u011bhujeme dal\u0161\u00edch 144 lid\u00ed. Tam budou m\u00edt sv\u016fj domov se sv\u00fdmi pe\u010dovateli a budou moci \u017e\u00edt zp\u016fsobem \u017eivota, kter\u00fd je obvykl\u00fd pro jejich vrstevn\u00edky. N\u011bkte\u0159\u00ed doj\u00ed\u017ed\u011bj\u00ed do Chrudimi do \u0161koly a do budovy Domova ve Slati\u0148anech budou d\u00e1l doj\u00ed\u017ed\u011bt t\u0159eba na z\u00e1jmov\u00e9 krou\u017eky, rehabilitaci nebo denn\u00ed aktivity. V\u0161echny domky jsou v okruhu do 12kmod Slati\u0148an.&#8220;<br \/>\nDo sou\u010dasn\u00e9 doby slati\u0148ansk\u00fd domov z velk\u00e9 \u010d\u00e1sti vyu\u017e\u00edval historick\u00e9 prostory b\u00fdval\u00e9ho kl\u00e1\u0161tera Kongregace \u0160kolsk\u00fdch sester sv. Franti\u0161ka, kde klienti nem\u011bli pot\u0159ebn\u00e9 soukrom\u00ed a nemohli se chovat jako v dom\u00e1c\u00edm prost\u0159ed\u00ed. &#8222;Vid\u00edme, \u017ee ti, kdo u\u017e v domc\u00edch \u017eij\u00ed, jsou klidn\u011bj\u0161\u00ed, nemus\u00ed br\u00e1t tolik l\u00e9k\u016f, l\u00e9pe komunikuj\u00ed, sna\u017e\u00ed se zapojit do b\u011b\u017en\u00fdch \u010dinnost\u00ed,&#8220; \u0159\u00edk\u00e1 Helena Zah\u00e1lkov\u00e1, vedouc\u00ed odboru soci\u00e1ln\u00edch v\u011bc\u00ed Krajsk\u00e9ho \u00fa\u0159adu Pardubick\u00e9ho kraje.<\/p>\n<p>Bez bari\u00e9r<\/p>\n<p>Ka\u017ed\u00fd domek obsahuje dv\u011b zcela samostatn\u00e9 dom\u00e1cnosti, kter\u00e9 ob\u00fdv\u00e1 \u010dty\u0159i a\u017e \u0161est klient\u016f, v\u010detn\u011b voz\u00ed\u010dk\u00e1\u0159\u016f. Proto jsou domky bezbari\u00e9rov\u00e9. Pokoje jsou maxim\u00e1ln\u011b dvoul\u016f\u017ekov\u00e9. Klient\u016fm bude v nov\u00e9m bydli\u0161ti poskytov\u00e1na soci\u00e1ln\u00ed slu\u017eba &#8222;domov pro osoby se zdravotn\u00edm posti\u017een\u00edm&#8220; a v bytech slu\u017eba &#8222;chr\u00e1n\u011bn\u00e9 bydlen\u00ed&#8220;. Zam\u011bstnanci se budou v domc\u00edch st\u0159\u00eddat v t\u0159\u00edsm\u011bnn\u00e9m provozu. Ob\u011bdy sice dostanou z Domova ve Slati\u0148anech, ale o n\u00e1kupy, j\u00eddlo a va\u0159en\u00ed na zbytek dne se budou muset spole\u010dn\u011b s obyvateli domk\u016fpostarat sami.<br \/>\nV modern\u011bj\u0161\u00ed \u010d\u00e1sti domova z\u016fstane asi jen pades\u00e1tka klient\u016f, kte\u0159\u00ed pot\u0159ebuj\u00ed intenzivn\u00ed zdravotn\u00ed p\u00e9\u010di a rehabilitaci.<\/p>\n<p>&nbsp;<\/p>\n<p>Chrudimsk\u00fd den\u00edk<br \/>\nhttp:\/\/chrudimsky.denik.cz\/<\/p>\n","protected":false},"excerpt":{"rendered":"<div class=\"mh-excerpt\"><p>Pro 144 hendikepovan\u00fdch klient\u016f Domova soci\u00e1ln\u00edch slu\u017eeb ve Slati\u0148anech se z\u00e1sadn\u011b m\u011bn\u00ed jejich \u017eivotn\u00ed podm\u00ednky. V r\u00e1mci nejv\u011bt\u0161\u00edho projektu transformace soci\u00e1ln\u00edch slu\u017eeb v na\u0161\u00ed republice <a class=\"mh-excerpt-more\" href=\"https:\/\/www.invarena.cz\/?p=21905\" title=\"Klienti domova se st\u011bhuj\u00ed z \u00fastavu do domk\u016f\">[&#8230;]<\/a><\/p>\n<\/div>","protected":false},"author":1,"featured_media":0,"comment_status":"open","ping_status":"closed","sticky":false,"template":"","format":"standard","meta":{"footnotes":""},"categories":[9],"tags":[],"class_list":["post-21905","post","type-post","status-publish","format-standard","hentry","category-zpravy"],"_links":{"self":[{"href":"https:\/\/www.invarena.cz\/index.php?rest_route=\/wp\/v2\/posts\/21905","targetHints":{"allow":["GET"]}}],"collection":[{"href":"https:\/\/www.invarena.cz\/index.php?rest_route=\/wp\/v2\/posts"}],"about":[{"href":"https:\/\/www.invarena.cz\/index.php?rest_route=\/wp\/v2\/types\/post"}],"author":[{"embeddable":true,"href":"https:\/\/www.invarena.cz\/index.php?rest_route=\/wp\/v2\/users\/1"}],"replies":[{"embeddable":true,"href":"https:\/\/www.invarena.cz\/index.php?rest_route=%2Fwp%2Fv2%2Fcomments&post=21905"}],"version-history":[{"count":0,"href":"https:\/\/www.invarena.cz\/index.php?rest_route=\/wp\/v2\/posts\/21905\/revisions"}],"wp:attachment":[{"href":"https:\/\/www.invarena.cz\/index.php?rest_route=%2Fwp%2Fv2%2Fmedia&parent=21905"}],"wp:term":[{"taxonomy":"category","embeddable":true,"href":"https:\/\/www.invarena.cz\/index.php?rest_route=%2Fwp%2Fv2%2Fcategories&post=21905"},{"taxonomy":"post_tag","embeddable":true,"href":"https:\/\/www.invarena.cz\/index.php?rest_route=%2Fwp%2Fv2%2Ftags&post=21905"}],"curies":[{"name":"wp","href":"https:\/\/api.w.org\/{rel}","templated":true}]}}