{"id":21908,"date":"2015-06-25T11:17:40","date_gmt":"2015-06-25T09:17:40","guid":{"rendered":"http:\/\/www.invarena.cz\/?p=21908"},"modified":"2015-06-25T14:43:44","modified_gmt":"2015-06-25T12:43:44","slug":"urad-prace-a-obce-musi-v-otazce-vyplaty-doplatku-na-bydleni-uzce-spolupracovat","status":"publish","type":"post","link":"https:\/\/www.invarena.cz\/?p=21908","title":{"rendered":"\u00da\u0159ad pr\u00e1ce a obce mus\u00ed p\u0159i v\u00fdplat\u011b doplatku na bydlen\u00ed spolupracovat"},"content":{"rendered":"<p><strong>St\u00e1t prost\u0159ednictv\u00edm \u00da\u0159adu pr\u00e1ce a obce by m\u011bly v ot\u00e1zce souhlasu s v\u00fdplatou doplatku na bydlen\u00ed postupovat v maxim\u00e1ln\u00ed sou\u010dinnosti tak, aby byl napln\u011bn duch z\u00e1kona o hmotn\u00e9 nouzi.<\/strong><br \/>\n<!--more--><\/p>\n<p>P\u0159es v\u0161echny nejasnosti kolem v\u00fdkladu \u010d\u00e1sti novely z\u00e1kona se ukazuje, \u017ee obc\u00edm, kter\u00e9 po ud\u011blen\u00ed nesouhlasu zah\u00e1jily s klienty soci\u00e1ln\u00ed pr\u00e1ci, se da\u0159\u00ed situaci \u0159e\u0161it ve prosp\u011bch obc\u00ed i lid\u00ed, kte\u0159\u00ed se ocitli v t\u00ed\u017eiv\u00e9 \u017eivotn\u00ed situaci a napl\u0148uj\u00ed tak i povinnosti ulo\u017een\u00e9 jim z\u00e1konem o pomoci v hmotn\u00e9 nouzi a z\u00e1konem o soci\u00e1ln\u00edch slu\u017eb\u00e1ch. Na tyto \u010dinnosti nav\u00edc MPSV letos poskytne \u00fa\u0159ad\u016fm obc\u00ed a krajsk\u00fdm \u00fa\u0159ad\u016fm zvl\u00e1\u0161tn\u00ed \u00fa\u010delovou dotaci.<\/p>\n<p>V n\u00e1vaznosti na nov\u00e9 stanovisko Ministerstva vnitra, podle kter\u00e9ho souhlas \u010di nesouhlas obce je pouze jedn\u00edm z podklad\u016f pro \u00fa\u010dely hodnocen\u00ed n\u00e1roku na d\u00e1vku, to uvedla ministryn\u011b pr\u00e1ce a soci\u00e1ln\u00edch v\u011bc\u00ed Michaela Marksov\u00e1. <\/p>\n<p>\u201eMinisterstvo vnitra po p\u016fl roce zm\u011bnilo sv\u00e9 stanovisko v tom duchu, \u017ee souhlas obce je nyn\u00ed jen jedn\u00edm z krit\u00e9ri\u00ed, podle kter\u00fdch se \u00fa\u0159ad pr\u00e1ce bude rozhodovat p\u0159i ud\u011blen\u00ed \u010di neud\u011blen\u00ed doplatku na bydlen\u00ed. \u00da\u0159ady pr\u00e1ce \u00fazce spolupracuj\u00ed s obcemi a v \u017e\u00e1dn\u00e9m p\u0159\u00edpad\u011b nehroz\u00ed, \u017ee bude nar\u016fstat po\u010det bezdomovc\u016f. Zejm\u00e9na v p\u0159\u00edpadech, kdy r\u016fzn\u00ed podnikatel\u00e9 s chudobou stav\u011bj\u00ed v obc\u00edch proti v\u016fli starost\u016f a ob\u010dan\u016f nov\u00e9 ubytovny a vytv\u00e1\u0159ej\u00ed tak vylou\u010den\u00e9 lokality, nep\u0159edpokl\u00e1d\u00e1m, \u017ee bude souhlas s vyplacen\u00edm doplatku ud\u011blen,\u201c uvedla ministryn\u011b Marksov\u00e1. <\/p>\n<p>MPSV podle jej\u00edch slov p\u0159iprav\u00ed ve spolupr\u00e1ci se Svazem m\u011bst a obc\u00ed novelu z\u00e1kona tak, aby starostov\u00e9 neztratili mo\u017enost br\u00e1nit se podnikatel\u016fm s chudobou, kte\u0159\u00ed \u010dasto sest\u011bhov\u00e1v\u00e1n\u00edm lid\u00ed vytv\u00e1\u0159ej\u00ed nov\u00e1 ghetta. <\/p>\n<p>Pouze spole\u010dn\u00fd postup podle ministryn\u011b zaru\u010d\u00ed, \u017ee d\u00e1vku obdr\u017e\u00ed ti p\u0159\u00edjemci, kte\u0159\u00ed ji skute\u010dn\u011b pot\u0159ebuj\u00ed, a kte\u0159\u00ed budou sou\u010dasn\u011b d\u00edky soci\u00e1ln\u00ed pr\u00e1ci m\u00edt \u0161anci a motivaci svoji \u017eivotn\u00ed situaci aktivn\u011b \u0159e\u0161it. <\/p>\n<p>Ministerstvo pr\u00e1ce a soci\u00e1ln\u00edch v\u011bc\u00ed v t\u00e9to souvislosti vydalo pobo\u010dk\u00e1m \u00da\u0159adu pr\u00e1ce \u010cR doporu\u010den\u00ed, aby byl doplatek na bydlen\u00ed vypl\u00e1cen v p\u0159\u00edpad\u011b, \u017ee situace klienta bude vyhodnocena i nad\u00e1le jako p\u0159\u00edpad hodn\u00fd zvl\u00e1\u0161tn\u00edho z\u0159etele. <\/p>\n<p>Tento postup lze pou\u017e\u00edt i v p\u0159\u00edpadech, kdy obec dosud \u00da\u0159adu pr\u00e1ce nezaslala sv\u00e9 stanovisko, ale i v p\u0159\u00edpad\u011b, kdy obec zaslala nesouhlasn\u00e9 stanovisko, a podle vyhodnocen\u00ed \u00da\u0159adu pr\u00e1ce \u010cR jde o p\u0159\u00edpad hodn\u00fd zvl\u00e1\u0161tn\u00edho z\u0159etele. <\/p>\n<p>\u00daP \u010cR m\u016f\u017ee naopak tak\u00e9 rozhodnout, \u017ee doplatek na bydlen\u00ed klientovi neposkytne, proto\u017ee d\u016fvody, kter\u00e9 uvedla obec ve sv\u00e9m nesouhlasn\u00e9m stanovisku, nazna\u010duj\u00ed, \u017ee situaci nelze jako p\u0159\u00edpad hodn\u00fd zvl\u00e1\u0161tn\u00edho z\u0159etele vyhodnotit. <\/p>\n<p>Pokud \u00daP \u010cR rozhodne, \u017ee doplatek na bydlen\u00ed v konkr\u00e9tn\u00edm p\u0159\u00edpad\u011b neposkytne, m\u00e1 klient mo\u017enost na omezenou p\u0159eklenovac\u00ed dobu dos\u00e1hnout na d\u00e1vku mimo\u0159\u00e1dn\u00e9 okam\u017eit\u00e9 pomoci. Pouze ov\u0161em za podm\u00ednky aktivn\u00edho p\u0159\u00edstupu k trvalej\u0161\u00edmu \u0159e\u0161en\u00ed t\u00e9to mezn\u00ed situace. <\/p>\n<p>\u201eZam\u011bstnanci v\u0161ech kontaktn\u00edch pracovi\u0161\u0165 \u00da\u0159adu pr\u00e1ce \u010cR budou i nad\u00e1le monitorovat situaci a \u00fazce spolupracovat s obcemi na \u0159e\u0161en\u00ed situac\u00ed konkr\u00e9tn\u00edch klient\u016f. V obc\u00edch, kter\u00e9 neud\u011blily souhlas s doplatkem na bydlen\u00ed v\u011bt\u0161\u00edmu po\u010dtu lid\u00ed, se na\u0161i lid\u00e9 ocitli pod velk\u00fdm tlakem. Situaci ale zvl\u00e1daj\u00ed a spolupr\u00e1ce s obcemi a dal\u0161\u00edmi zainteresovan\u00fdmi subjekty funguje,\u201c potvrdila Kate\u0159ina Sad\u00edlkov\u00e1, pov\u011b\u0159en\u00e1 \u0159\u00edzen\u00edm \u00daP \u010cR. <\/p>\n<p>Podle \u00fadaj\u016f \u00da\u0159adu pr\u00e1ce \u010cR bylo ke konci kv\u011btna 2015 vyd\u00e1no celkem 946 nesouhlasn\u00fdch stanovisek k doplatku na bydlen\u00ed ze stran obc\u00ed. Nejv\u00edce nesouhlasn\u00fdch rozhodnut\u00ed zaznamenali pracovn\u00edci \u00da\u0159adu pr\u00e1ce \u010cR v Moravskoslezsk\u00e9m kraji (443) a ve St\u0159edn\u00edch \u010cech\u00e1ch (139), v ostatn\u00edch kraj\u00edch bylo nesouhlasn\u00fdch stanovisek \u0159\u00e1dov\u011b m\u00e9n\u011b, nap\u0159\u00edklad na Vyso\u010din\u011b a v Praze nebylo ani jedno. <\/p>\n<p>Petr Hab\u00e1\u0148<br \/>\ntiskov\u00fd mluv\u010d\u00ed MPSV<br \/>\nKate\u0159ina Ber\u00e1nkov\u00e1<br \/>\ntiskov\u00e1 mluv\u010d\u00ed \u00daP \u010cR<\/p>\n","protected":false},"excerpt":{"rendered":"<div class=\"mh-excerpt\"><p>St\u00e1t prost\u0159ednictv\u00edm \u00da\u0159adu pr\u00e1ce a obce by m\u011bly v ot\u00e1zce souhlasu s v\u00fdplatou doplatku na bydlen\u00ed postupovat v maxim\u00e1ln\u00ed sou\u010dinnosti tak, aby byl napln\u011bn duch <a class=\"mh-excerpt-more\" href=\"https:\/\/www.invarena.cz\/?p=21908\" title=\"\u00da\u0159ad pr\u00e1ce a obce mus\u00ed p\u0159i v\u00fdplat\u011b doplatku na bydlen\u00ed spolupracovat\">[&#8230;]<\/a><\/p>\n<\/div>","protected":false},"author":1,"featured_media":14424,"comment_status":"open","ping_status":"closed","sticky":false,"template":"","format":"standard","meta":{"footnotes":""},"categories":[1],"tags":[],"class_list":["post-21908","post","type-post","status-publish","format-standard","has-post-thumbnail","hentry","category-nezarazene"],"_links":{"self":[{"href":"https:\/\/www.invarena.cz\/index.php?rest_route=\/wp\/v2\/posts\/21908","targetHints":{"allow":["GET"]}}],"collection":[{"href":"https:\/\/www.invarena.cz\/index.php?rest_route=\/wp\/v2\/posts"}],"about":[{"href":"https:\/\/www.invarena.cz\/index.php?rest_route=\/wp\/v2\/types\/post"}],"author":[{"embeddable":true,"href":"https:\/\/www.invarena.cz\/index.php?rest_route=\/wp\/v2\/users\/1"}],"replies":[{"embeddable":true,"href":"https:\/\/www.invarena.cz\/index.php?rest_route=%2Fwp%2Fv2%2Fcomments&post=21908"}],"version-history":[{"count":0,"href":"https:\/\/www.invarena.cz\/index.php?rest_route=\/wp\/v2\/posts\/21908\/revisions"}],"wp:featuredmedia":[{"embeddable":true,"href":"https:\/\/www.invarena.cz\/index.php?rest_route=\/wp\/v2\/media\/14424"}],"wp:attachment":[{"href":"https:\/\/www.invarena.cz\/index.php?rest_route=%2Fwp%2Fv2%2Fmedia&parent=21908"}],"wp:term":[{"taxonomy":"category","embeddable":true,"href":"https:\/\/www.invarena.cz\/index.php?rest_route=%2Fwp%2Fv2%2Fcategories&post=21908"},{"taxonomy":"post_tag","embeddable":true,"href":"https:\/\/www.invarena.cz\/index.php?rest_route=%2Fwp%2Fv2%2Ftags&post=21908"}],"curies":[{"name":"wp","href":"https:\/\/api.w.org\/{rel}","templated":true}]}}