{"id":21910,"date":"2015-06-25T11:27:16","date_gmt":"2015-06-25T09:27:16","guid":{"rendered":"http:\/\/www.invarena.cz\/?p=21910"},"modified":"2015-06-25T11:27:16","modified_gmt":"2015-06-25T09:27:16","slug":"den-spirometrie-ve-vitkovicke-nemocnici-zacili-na-plicni-choroby","status":"publish","type":"post","link":"https:\/\/www.invarena.cz\/?p=21910","title":{"rendered":"Den spirometrie ve V\u00edtkovick\u00e9 nemocnici zac\u00edl\u00ed na plicn\u00ed choroby"},"content":{"rendered":"<p><strong>Z\u00e1jemci z\u00a0Ostravska a \u0161irok\u00e9ho okol\u00ed mohou v\u00a0p\u00e1tek 26. \u010dervna zav\u00edtat do V\u00edtkovick\u00e9 nemocnice, kter\u00e1 nab\u00eddne v\u0161em p\u0159\u00edchoz\u00edm mo\u017enost bezplatn\u00e9ho vy\u0161et\u0159en\u00ed plic.<\/strong><!--more--><\/p>\n<p> Konkr\u00e9tn\u011b jde o rychl\u00e9 a bezbolestn\u00e9 vy\u0161et\u0159en\u00ed spirometrem, kter\u00fd odhal\u00ed stav plic i p\u0159\u00edpadn\u00e9 choroby. Akci po\u0159\u00e1d\u00e1 V\u00edtkovick\u00e1 nemocnice, \u010dlen skupiny AGEL, v\u00a0r\u00e1mci celosv\u011btov\u00fdch oslav Dne spirometrie, kter\u00fd vyhla\u0161uje ka\u017edoro\u010dn\u011b Evropsk\u00e1 plicn\u00ed nadace p\u0159i Evropsk\u00e9 respira\u010dn\u00ed spole\u010dnosti.<\/p>\n<p>\u201eZejm\u00e9na v\u00a0Moravskoslezsk\u00e9m kraji je riziko plicn\u00edch obt\u00ed\u017e\u00ed velice vysok\u00e9 a nap\u0159\u00edklad v\u00a0po\u010dtu pacient\u016f s\u00a0tuberkul\u00f3zou nebo rakovinou plic dr\u017e\u00ed Moravskoslezsk\u00fd kraj rovnou smutn\u00e9 prvenstv\u00ed. Zejm\u00e9na ku\u0159\u00e1ci by proto nem\u011bli podce\u0148ovat preventivn\u00ed vy\u0161et\u0159en\u00ed. Ide\u00e1ln\u00ed interval kontrol je jednou ro\u010dn\u011b, k\u00a0\u010demu\u017e m\u016f\u017ee b\u00fdt Den spirometrie ide\u00e1ln\u00ed p\u0159\u00edle\u017eitost\u00ed,\u201c zve z\u00e1jemce o vy\u0161et\u0159en\u00ed spirometrem prim\u00e1\u0159ka plicn\u00edho odd\u011blen\u00ed V\u00edtkovick\u00e9 nemocnice MUDr. Terezie Jan\u00e1skov\u00e1 s\u00a0t\u00edm, \u017ee preventivn\u00ed vy\u0161et\u0159en\u00ed by si nem\u011bli nechat uj\u00edt ani lid\u00e9 s\u00a0dlouhodob\u00fdm ka\u0161lem, alergici nebo lid\u00e9, kte\u0159\u00ed maj\u00ed pocit obt\u00ed\u017en\u00e9ho dechu.<\/p>\n<p>\u201eVy\u0161et\u0159en\u00ed se prov\u00e1d\u00ed tak, \u017ee pacient d\u00fdch\u00e1 do p\u0159\u00edstroje, kter\u00fd zaznamen\u00e1v\u00e1 objem a rychlost vzduchu vyd\u00fdchan\u00e9ho za ur\u010dit\u00fd \u010das. T\u00edm m\u016f\u017eeme zjistit jak\u00e1 je pru\u017enost plic, jejich kapacita i poddajnost, a tak\u00e9 odhal\u00edme pr\u016fchodnosti d\u00fdchac\u00edch cest,\u201c vysv\u011btluje MUDr. Jan\u00e1skov\u00e1. Z\u00e1rove\u0148 pak spirometrie umo\u017e\u0148uje odhalit i n\u011bkter\u00e9 nemoci plic a pr\u016fdu\u0161ek, nap\u0159\u00edklad pr\u016fdu\u0161kov\u00e9 astma nebo chronickou obstruk\u010dn\u00ed plicn\u00ed nemoc. \u0158adu plicn\u00edch onemocn\u011bn\u00ed p\u0159itom m\u016f\u017ee pr\u00e1v\u011b spirometrie odhalit ji\u017e v\u00a0za\u010d\u00e1tku.<\/p>\n<p>Z\u00e1jemci o vy\u0161et\u0159en\u00ed spirometrem mohou do V\u00edtkovick\u00e9 nemocnice p\u0159ich\u00e1zet bez objedn\u00e1n\u00ed v\u00a0p\u00e1tek 26. \u010dervna od 10 do 14 hodin, a to konkr\u00e9tn\u011b na plicn\u00ed odd\u011blen\u00ed nemocnice um\u00edst\u011bn\u00e9 v\u00a0pavilonu A.<\/p>\n","protected":false},"excerpt":{"rendered":"<div class=\"mh-excerpt\"><p>Z\u00e1jemci z\u00a0Ostravska a \u0161irok\u00e9ho okol\u00ed mohou v\u00a0p\u00e1tek 26. \u010dervna zav\u00edtat do V\u00edtkovick\u00e9 nemocnice, kter\u00e1 nab\u00eddne v\u0161em p\u0159\u00edchoz\u00edm mo\u017enost bezplatn\u00e9ho vy\u0161et\u0159en\u00ed plic.<\/p>\n<\/div>","protected":false},"author":1,"featured_media":21911,"comment_status":"open","ping_status":"closed","sticky":false,"template":"","format":"standard","meta":{"footnotes":""},"categories":[11],"tags":[],"class_list":["post-21910","post","type-post","status-publish","format-standard","has-post-thumbnail","hentry","category-zdravi"],"_links":{"self":[{"href":"https:\/\/www.invarena.cz\/index.php?rest_route=\/wp\/v2\/posts\/21910","targetHints":{"allow":["GET"]}}],"collection":[{"href":"https:\/\/www.invarena.cz\/index.php?rest_route=\/wp\/v2\/posts"}],"about":[{"href":"https:\/\/www.invarena.cz\/index.php?rest_route=\/wp\/v2\/types\/post"}],"author":[{"embeddable":true,"href":"https:\/\/www.invarena.cz\/index.php?rest_route=\/wp\/v2\/users\/1"}],"replies":[{"embeddable":true,"href":"https:\/\/www.invarena.cz\/index.php?rest_route=%2Fwp%2Fv2%2Fcomments&post=21910"}],"version-history":[{"count":0,"href":"https:\/\/www.invarena.cz\/index.php?rest_route=\/wp\/v2\/posts\/21910\/revisions"}],"wp:featuredmedia":[{"embeddable":true,"href":"https:\/\/www.invarena.cz\/index.php?rest_route=\/wp\/v2\/media\/21911"}],"wp:attachment":[{"href":"https:\/\/www.invarena.cz\/index.php?rest_route=%2Fwp%2Fv2%2Fmedia&parent=21910"}],"wp:term":[{"taxonomy":"category","embeddable":true,"href":"https:\/\/www.invarena.cz\/index.php?rest_route=%2Fwp%2Fv2%2Fcategories&post=21910"},{"taxonomy":"post_tag","embeddable":true,"href":"https:\/\/www.invarena.cz\/index.php?rest_route=%2Fwp%2Fv2%2Ftags&post=21910"}],"curies":[{"name":"wp","href":"https:\/\/api.w.org\/{rel}","templated":true}]}}