{"id":21922,"date":"2015-06-26T10:05:24","date_gmt":"2015-06-26T08:05:24","guid":{"rendered":"http:\/\/www.invarena.cz\/?p=21922"},"modified":"2015-06-26T10:05:24","modified_gmt":"2015-06-26T08:05:24","slug":"pomaha-postizenym-a-planuje-nabidnout-lidem-kavarnu-potme","status":"publish","type":"post","link":"https:\/\/www.invarena.cz\/?p=21922","title":{"rendered":"Pom\u00e1h\u00e1 posti\u017een\u00fdm a pl\u00e1nuje nab\u00eddnout lidem kav\u00e1rnu potm\u011b"},"content":{"rendered":"<p><strong>Kdy\u017e se sezn\u00e1m\u00edte s Tom\u00e1\u0161em Plesn\u00edkem, p\u0159ipad\u00e1 v\u00e1m naprosto zdrav\u00fd. Do doby, ne\u017e v\u00e1m nab\u00eddne m\u00edsto prav\u00e9 ruky levou.<\/strong><!--more--><\/p>\n<p> Prav\u00e1 ruka mu toti\u017e nefunguje, ve t\u0159in\u00e1cti o ni mohl dokonce \u00fapln\u011b p\u0159ij\u00edt. Zm\u011bnil se mu \u017eivot. On se ale nevzdal. <\/p>\n<p>&#8222;Byl jsem se projet na kole a srazil jsem se s motorkou. Byl to \u010deln\u00ed n\u00e1raz, zah\u00e1kli jsme sedosebe \u0159\u00edd\u00edtky. Pop\u0159evozu do nemocnice se zjistilo, \u017ee n\u00e1raz mi p\u0159eru\u0161il c\u00e9vu, zlomil pa\u017en\u00ed kost a vytrhl nervy z m\u00edchy i s ko\u0159eny. Od t\u00e9 doby c\u00edt\u00edm jen ur\u010dit\u00e1 m\u00edsta po loket, ale jinak nic,&#8220; za\u010d\u00edn\u00e1 vypr\u00e1v\u011bt p\u011btadvacetilet\u00fd mlad\u00edk. St\u00e1le v\u0161ak r\u00e1d jezd\u00ed na kole a neboj\u00ed se \u017e\u00e1dn\u00e9ho dal\u0161\u00edho sportu. <\/p>\n<p>Nehoda mu naprosto zm\u011bnila \u017eivot. &#8222;Hlavn\u011b se zm\u011bnil m\u016fj pohled na sv\u011bt. Te\u010f si dok\u00e1\u017eu v\u00edc ne\u017e kdy d\u0159\u00edv u\u017e\u00edvat mali\u010dkost\u00ed a netr\u00e1pit se zbyte\u010dnostmi,&#8220; hodnot\u00ed sv\u016fj \u017eivot. Tom\u00e1\u0161 Plesn\u00edk toho st\u00edh\u00e1 hodn\u011b. Sportuje, vypom\u00e1h\u00e1 v jedn\u00e9 z hranick\u00fdch bank, ale p\u0159edev\u0161\u00edm se v\u011bnuje neziskovce Tom\u00achelp. &#8222;\u010casem bych se j\u00ed cht\u011bl v\u011bnovat naplno. Zat\u00edm to ale nen\u00ed mo\u017en\u00e9, teprve se rozj\u00ed\u017ed\u00edme,&#8220; popisuje za\u010d\u00e1tky projektu. &#8222;Poda\u0159ilo se n\u00e1m ji zalo\u017eit v lednu. Nyn\u00ed jsme ve f\u00e1zi, kdy se budeme sna\u017eit kontaktovat m\u00edstn\u00ed firmy,&#8220; vysv\u011btluje. <\/p>\n<p>N\u00e1vody i besedy <\/p>\n<p>C\u00edlem Tom\u00e1\u0161e Plesn\u00edka je pomoci lidem, kte\u0159\u00ed maj\u00ed n\u011bjak\u00fd t\u011blesn\u00fd handicap. &#8222;V rehabilita\u010dn\u00edm centru jsem potkal kluka, kter\u00fd m\u011bl skoro stejn\u00e9 posti\u017een\u00ed jako j\u00e1. Ani ho nenapadlo, \u017ee by si mohl s\u00e1m zav\u00e1zat tkani\u010dku. Uk\u00e1zal jsem mu, jak na to. Uv\u011bdomil jsem si, \u017ee n\u00e1vod\u016f, kter\u00e9 by pom\u00e1haly posti\u017een\u00fdm nau\u010dit se d\u011blat v\u011bci, kter\u00e9 jsou pro zdrav\u00e9ho \u010dlov\u011bka, moc nen\u00ed,&#8220; \u0159\u00edk\u00e1.<br \/>\n&#8222;Zam\u011b\u0159ujeme se nyn\u00ed na zrakov\u011b posti\u017een\u00e9 a lidi s posti\u017een\u00edm horn\u00edch kon\u010detin. <\/p>\n<p>M\u00e1me v t\u00fdmu kamar\u00e1da Davida, kter\u00fd je slep\u00fd. Ten n\u011bkter\u00e9 v\u011bci dokonce d\u011blal \u00fapln\u011b poprv\u00e9v\u017eivot\u011b,&#8220; pochvaluje si Tom\u00e1\u0161 Plesn\u00edk. &#8222;Ned\u00e1vno jsme s Davidem b\u011b\u017eeli z\u00e1vod. Zvl\u00e1dl to. Kdy\u017e si vzpomenu, jak se z toho radoval, tak v\u00edm, \u017ee to, co d\u011bl\u00e1m, m\u00e1 smysl. I kdyby to m\u011bla b\u00fdt jedin\u00e1 v\u011bc, co se mi poda\u0159ila, tak to stoj\u00ed za to,&#8220; dod\u00e1v\u00e1. <\/p>\n<p>Tom\u00achelp nab\u00edz\u00ed \u0161kol\u00e1m besedy, kde se \u017e\u00e1ci dov\u011bd\u00ed v\u00edc o problematice \u017eivota s handicapem, a hlavn\u011b, jak se maj\u00ed k takov\u00fdm lidem chovat. Organizace nat\u00e1\u010d\u00ed videon\u00e1vody, kter\u00e9 by m\u011bly pomoci posti\u017een\u00fdm lidem zvl\u00e1dat ka\u017edodenn\u00ed z\u00e1le\u017eitosti. &#8222;\u010casem chceme vytvo\u0159it v\u00edce nahr\u00e1vek, zat\u00edm jsou k dispozici dv\u011b videa na na\u0161ich webov\u00fdch str\u00e1nk\u00e1ch www.tom\u00achelp.com nebo je lze naj\u00edt na YouTube pod na\u0161\u00edm kan\u00e1lem. Nejaktu\u00e1ln\u011bj\u0161\u00ed je asi n\u00e1\u0161 Facebook. V budoucnu bychom r\u00e1di uk\u00e1zali Hranic\u00edm, co znamen\u00e1 kav\u00e1rna potm\u011b, kdy si lid\u00e9 mohou p\u0159ij\u00edt na kafe a z\u00e1kusek v \u00fapln\u00e9 tm\u011b. Obsluhuj\u00ed je slep\u00ed lid\u00e9 a je to ur\u010dit\u011b zaj\u00edmav\u00fd z\u00e1\u017eitek,&#8220; uzav\u00edr\u00e1 Tom\u00e1\u0161 Plesn\u00edk.<\/p>\n<p>\u0160umpersk\u00fd a Jesenick\u00fd den\u00edk<br \/>\nhttp:\/\/www.sumpersky.denik.cz\/<\/p>\n","protected":false},"excerpt":{"rendered":"<div class=\"mh-excerpt\"><p>Kdy\u017e se sezn\u00e1m\u00edte s Tom\u00e1\u0161em Plesn\u00edkem, p\u0159ipad\u00e1 v\u00e1m naprosto zdrav\u00fd. Do doby, ne\u017e v\u00e1m nab\u00eddne m\u00edsto prav\u00e9 ruky levou.<\/p>\n<\/div>","protected":false},"author":1,"featured_media":14494,"comment_status":"open","ping_status":"closed","sticky":false,"template":"","format":"standard","meta":{"footnotes":""},"categories":[7],"tags":[],"class_list":["post-21922","post","type-post","status-publish","format-standard","has-post-thumbnail","hentry","category-spolecnost"],"_links":{"self":[{"href":"https:\/\/www.invarena.cz\/index.php?rest_route=\/wp\/v2\/posts\/21922","targetHints":{"allow":["GET"]}}],"collection":[{"href":"https:\/\/www.invarena.cz\/index.php?rest_route=\/wp\/v2\/posts"}],"about":[{"href":"https:\/\/www.invarena.cz\/index.php?rest_route=\/wp\/v2\/types\/post"}],"author":[{"embeddable":true,"href":"https:\/\/www.invarena.cz\/index.php?rest_route=\/wp\/v2\/users\/1"}],"replies":[{"embeddable":true,"href":"https:\/\/www.invarena.cz\/index.php?rest_route=%2Fwp%2Fv2%2Fcomments&post=21922"}],"version-history":[{"count":0,"href":"https:\/\/www.invarena.cz\/index.php?rest_route=\/wp\/v2\/posts\/21922\/revisions"}],"wp:featuredmedia":[{"embeddable":true,"href":"https:\/\/www.invarena.cz\/index.php?rest_route=\/wp\/v2\/media\/14494"}],"wp:attachment":[{"href":"https:\/\/www.invarena.cz\/index.php?rest_route=%2Fwp%2Fv2%2Fmedia&parent=21922"}],"wp:term":[{"taxonomy":"category","embeddable":true,"href":"https:\/\/www.invarena.cz\/index.php?rest_route=%2Fwp%2Fv2%2Fcategories&post=21922"},{"taxonomy":"post_tag","embeddable":true,"href":"https:\/\/www.invarena.cz\/index.php?rest_route=%2Fwp%2Fv2%2Ftags&post=21922"}],"curies":[{"name":"wp","href":"https:\/\/api.w.org\/{rel}","templated":true}]}}