{"id":21928,"date":"2015-06-25T12:30:03","date_gmt":"2015-06-25T10:30:03","guid":{"rendered":"http:\/\/www.invarena.cz\/?p=21928"},"modified":"2015-06-25T12:30:03","modified_gmt":"2015-06-25T10:30:03","slug":"nadace-chci-pomoci-chysta-dalsi-dobrocinny-koncert","status":"publish","type":"post","link":"https:\/\/www.invarena.cz\/?p=21928","title":{"rendered":"Nadace Chci pomoci chyst\u00e1 dal\u0161\u00ed dobro\u010dinn\u00fd koncert"},"content":{"rendered":"<p><strong>Nadace tentokr\u00e1t pom\u016f\u017ee Matou\u0161i Grillovi, kter\u00fd trp\u00ed obrnou. Na koncertu vystoup\u00ed kapela Mandrage<\/strong> <!--more--><\/p>\n<p>P\u0159\u00edbram \u2013 P\u0159\u00edbramsk\u00e1 nadace p\u0159ipravuje dal\u0161\u00ed dobro\u010dinn\u00fd koncert. Tentokr\u00e1t pro \u010dtrn\u00e1ctilet\u00e9ho Matou\u0161e z P\u00edsku, kter\u00fd trp\u00ed d\u011btskou mozkovou obrnou. Ochrnut\u00ed p\u0159itom postihlo t\u0159i kon\u010detiny chlapcova t\u011bla.<\/p>\n<p>&#8222;L\u00e9ka\u0159i synovi tak\u00e9 diagnostikovali epilepsii a lehk\u00e9 ment\u00e1ln\u00ed posti\u017een\u00ed. Od ran\u00e9ho d\u011btstv\u00ed cvi\u010d\u00edme pravideln\u011b Vojtovu metodu a postur\u00e1ln\u00ed terapii podle Jarmily \u010c\u00e1pov\u00e9. Ka\u017edodenn\u00edm mnohalet\u00fdm \u00fasil\u00edm jsme doc\u00edlili p\u00e1r krok\u016f s oporou,&#8220; sd\u011blili v dopise Matou\u0161ovy rodi\u010de G\u00e1bina a Michal Grillovi.<\/p>\n<p>Zlom v Matou\u0161ovo \u017eivot\u011b pr\u00fd p\u0159i\u0161el p\u0159ed t\u0159emi lety. &#8222;Po absolvov\u00e1n\u00ed prvn\u00edho pobytu v Adeli se chlapec dok\u00e1zal \u00fapln\u011b vertikalizovat a byl schopen samostatn\u00e9 ch\u016fze p\u0159edev\u0161\u00edm v interi\u00e9ru. V l\u00e9t\u011b pak pob\u00fdval n\u00e1\u0161 syn v Adeli je\u0161t\u011b jednou a jeho ch\u016fze se zkvalitnila, nyn\u00ed se m\u016f\u017ee pohybovat samostatn\u011b i v exteri\u00e9ru, zvl\u00e1dne ch\u016fzi do schod\u016f. Samoz\u0159ejm\u011b je nutn\u00fd dohled, ob\u010dasn\u00e1 pomoc a na v\u011bt\u0161\u00ed vzd\u00e1lenosti pou\u017eit\u00ed invalidn\u00edho voz\u00edku. Tato l\u00e9\u010dba v\u00fdrazn\u011b Matou\u0161ovi usnadnila \u017eivot, v\u00edce ho osamostatnila, otev\u0159ely se nov\u00e9 mo\u017enosti vyu\u017eit\u00ed voln\u00e9ho \u010dasu a samoz\u0159ejm\u011b se odleh\u010dilo i n\u00e1m rodi\u010d\u016fm,&#8220; tvrd\u00ed rodi\u010de.<\/p>\n<p>L\u00e9\u010dba za v\u00edce ne\u017e t\u0159i tis\u00edce eur<\/p>\n<p>Podle rodi\u010d\u016f doporu\u010duj\u00ed l\u00e9ka\u0159i opakov\u00e1n\u00ed terapie ka\u017ed\u00e9 3-4 m\u011bs\u00edce. To ale nen\u00ed pro rodinu finan\u010dn\u011b \u00fanosn\u00e9. &#8222;Matou\u0161 je i v sou\u010dasn\u00e9 dob\u011b rehabilitov\u00e1n ka\u017ed\u00fd den doma nebo v Arpid\u011b v \u010cesk\u00fdch Bud\u011bjovic\u00edch, p\u0159esto by mu prosp\u011bla dal\u0161\u00ed d\u00e1vka speci\u00e1ln\u00edho cvi\u010den\u00ed, kter\u00e1 zajist\u00ed udr\u017een\u00ed jeho pokrok\u016f, vylep\u0161en\u00ed modelu ch\u016fze, z\u00edsk\u00e1n\u00ed nov\u00fdch dovednost\u00ed, minimalizuje jeho stup\u0148uj\u00edc\u00ed se skoli\u00f3zu a umo\u017en\u00ed Matou\u0161ovi naplno vyu\u017e\u00edt jeho potenci\u00e1l. Z p\u0159edchoz\u00edch zku\u0161enost\u00ed v\u00edme, \u017ee tato speci\u00e1ln\u00ed l\u00e9\u010dba je v p\u0159\u00edpad\u011b na\u0161eho syna velice efektivn\u00ed,&#8220; dod\u00e1vaj\u00ed Grillovi.<\/p>\n<p>Pen\u00edze z koncertu chce proto rodina vyu\u017e\u00edt na speci\u00e1ln\u00ed &#8222;kosmickou&#8220; terapii v Adeli Medical Center v Pie\u0161\u0165anech na Slovensku. &#8222;Jen l\u00e9\u010dba bez ubytov\u00e1n\u00ed, stravy, dopravy vyjde na v\u00edce ne\u017e t\u0159i tis\u00edce eur. A bohu\u017eel nen\u00ed hrazena z ve\u0159ejn\u00e9ho zdravotn\u00edho poji\u0161\u0165\u011bn\u00ed,&#8220; doplnili Grillovi.<\/p>\n<p>P\u0159\u00edbramsk\u00e1 nadace a Matou\u0161 Grill<\/p>\n<p>Nadace cht\u011bla p\u016fvodn\u011b pom\u00e1hat pouze d\u011btem z P\u0159\u00edbramska. Pro\u010d tedy tentokr\u00e1t vybrala Matou\u0161e z P\u00edsku? Podle zakladatele nadace Tom\u00e1\u0161e Bezou\u0161ky p\u0159ed zhruba \u010dtvrt rokem \u017e\u00e1dn\u00e9 dal\u0161\u00ed \u017e\u00e1dosti od rodi\u010d\u016f nemocn\u00fdch d\u011bt\u00ed z p\u0159\u00edbramsk\u00e9ho regionu nezaznamenal.<\/p>\n<p>&#8222;Ty se objevily a\u017e po charitativn\u00edm koncertu kapely Divokej Bill. V t\u00e9 dob\u011b jsme ale u\u017e sl\u00edbili pomoc Matou\u0161ovi, kter\u00e9mu kapela Mandrage tento rok pom\u00e1h\u00e1,&#8220; vysv\u011btlil Bezou\u0161ka. Dobro\u010dinn\u00fd koncert pro Matou\u0161e se uskute\u010dn\u00ed 6. srpna v p\u0159\u00edbramsk\u00e9m letn\u00edm kin\u011b.<\/p>\n<p>KATE\u0158INA CHOUROV\u00c1<br \/>\nP\u0159\u00edbramsk\u00fd den\u00edk<br \/>\n<a href=\"http:\/\/www.pribramsky.denik.cz\/\">http:\/\/www.pribramsky.denik.cz\/<\/a><\/p>\n","protected":false},"excerpt":{"rendered":"<div class=\"mh-excerpt\"><p>Nadace tentokr\u00e1t pom\u016f\u017ee Matou\u0161i Grillovi, kter\u00fd trp\u00ed obrnou. Na koncertu vystoup\u00ed kapela Mandrage<\/p>\n<\/div>","protected":false},"author":1,"featured_media":14143,"comment_status":"open","ping_status":"closed","sticky":false,"template":"","format":"standard","meta":{"footnotes":""},"categories":[9],"tags":[],"class_list":["post-21928","post","type-post","status-publish","format-standard","has-post-thumbnail","hentry","category-zpravy"],"_links":{"self":[{"href":"https:\/\/www.invarena.cz\/index.php?rest_route=\/wp\/v2\/posts\/21928","targetHints":{"allow":["GET"]}}],"collection":[{"href":"https:\/\/www.invarena.cz\/index.php?rest_route=\/wp\/v2\/posts"}],"about":[{"href":"https:\/\/www.invarena.cz\/index.php?rest_route=\/wp\/v2\/types\/post"}],"author":[{"embeddable":true,"href":"https:\/\/www.invarena.cz\/index.php?rest_route=\/wp\/v2\/users\/1"}],"replies":[{"embeddable":true,"href":"https:\/\/www.invarena.cz\/index.php?rest_route=%2Fwp%2Fv2%2Fcomments&post=21928"}],"version-history":[{"count":0,"href":"https:\/\/www.invarena.cz\/index.php?rest_route=\/wp\/v2\/posts\/21928\/revisions"}],"wp:featuredmedia":[{"embeddable":true,"href":"https:\/\/www.invarena.cz\/index.php?rest_route=\/wp\/v2\/media\/14143"}],"wp:attachment":[{"href":"https:\/\/www.invarena.cz\/index.php?rest_route=%2Fwp%2Fv2%2Fmedia&parent=21928"}],"wp:term":[{"taxonomy":"category","embeddable":true,"href":"https:\/\/www.invarena.cz\/index.php?rest_route=%2Fwp%2Fv2%2Fcategories&post=21928"},{"taxonomy":"post_tag","embeddable":true,"href":"https:\/\/www.invarena.cz\/index.php?rest_route=%2Fwp%2Fv2%2Ftags&post=21928"}],"curies":[{"name":"wp","href":"https:\/\/api.w.org\/{rel}","templated":true}]}}