{"id":21929,"date":"2015-06-26T09:57:34","date_gmt":"2015-06-26T07:57:34","guid":{"rendered":"http:\/\/www.invarena.cz\/?p=21929"},"modified":"2015-06-26T09:57:34","modified_gmt":"2015-06-26T07:57:34","slug":"akce-cihla-letos-zatim-vynesla-pres-dvacet-tisic","status":"publish","type":"post","link":"https:\/\/www.invarena.cz\/?p=21929","title":{"rendered":"Akce Cihla letos zat\u00edm vynesla p\u0159es dvacet tis\u00edc"},"content":{"rendered":"<p><strong>Benefi\u010dn\u00ed Akce Cihla, kterou po\u0159\u00e1d\u00e1 sdru\u017een\u00ed Proutek pom\u00e1haj\u00edc\u00ed ment\u00e1ln\u011b hendikepovan\u00fdm lidem, se letos kon\u00e1 ji\u017e po\u0161estn\u00e1ct\u00e9. Zat\u00edm se poda\u0159ilo vybrat t\u00e9m\u011b\u0159 p\u011btadvacet tis\u00edc korun.<\/strong><!--more--><\/p>\n<p>P\u0159itom p\u0159\u00edle\u017eitost p\u0159isp\u011bt budou m\u00edt z\u00e1jemci je\u0161t\u011b na t\u0159ech akc\u00edch.<br \/>\nPremi\u00e9ru si letos Akce Cihla odbyla hned za\u010d\u00e1tkem \u010dervna na slavnostech m\u011bsta Jind\u0159ich\u016fv Hradec. &#8222;\u00da\u010dast zde byla na\u0161\u00ed prvn\u00ed zku\u0161enost\u00ed. Z\u00e1jem o namalov\u00e1n\u00ed cihli\u010dek byl p\u0159ekvapiv\u011b velk\u00fd, za co\u017e jsme velmi r\u00e1di. I p\u0159es panuj\u00edc\u00ed tepl\u00e9 po\u010das\u00ed se u na\u0161eho cihlov\u00e9ho st\u00e1nku zastavilo 23 d\u011bt\u00ed s rodi\u010di a t\u00edm n\u00e1m pomohly vyd\u011blat kr\u00e1sn\u00fdch 2 300 korun,&#8220; uvedla produk\u010dn\u00ed Proutku Al\u017eb\u011bta Jirkov\u00e1.<br \/>\nDal\u0161\u00ed p\u0159\u00edle\u017eitost\u00ed, kde si mohli z\u00e1jemci vymalovat vlastn\u00ed cihli\u010dku a p\u0159isp\u011bt tak Proutku, byl festival \u017div\u00fd Hradec. &#8222;Mile n\u00e1s p\u0159ekvapil nejen kr\u00e1sn\u00fd v\u00fdt\u011b\u017eek, ale i to, \u017ee cihlu si p\u0159i\u0161li namalovatjak d\u011bti, tak i spousta dosp\u011bl\u00fdch&#8220;, dodala \u0159editelka Proutku Zuzana Markov\u00e1. Z festivalu si Proutek odnesl i d\u00edky kapele \u010canki\u0161ou, kter\u00e1 v\u011bnovala sv\u00e9CDdo dra\u017eby,osmtis\u00edc korun. Tradici m\u00e1 Akce Cihla i v \u010cesk\u00fdch Bud\u011bjovic\u00edch, kde se vybralo 13 922 korun.<br \/>\nOd pond\u011bl\u00ed najdete st\u00e1nek Proutku na jind\u0159ichohradeck\u00e9m Masarykov\u011b n\u00e1m\u011bst\u00ed. V\u00fdt\u011b\u017eek poputuje na zaji\u0161t\u011bn\u00ed provozu a rozvoje chr\u00e1n\u011bn\u00e9 d\u00edlny v Plasn\u00e9.<\/p>\n<p>Akce Cihla \u00ac Jind\u0159ich\u016fv Hradec, Masarykovo n\u00e1m\u011bst\u00ed: 29. \u010dervna a\u017e 5. \u010dervence \u00ac Jind\u0159ich\u016fv Hradec, u z\u00e1mku: 7. a\u017e 12. \u010dervence \u00ac Hlubok\u00e1 nad Vltavou, u z\u00e1mku: 20. \u010dervence a\u017e 2. srpna<\/p>\n<p>PETRA LEJTNAROV\u00c1<br \/>\nJind\u0159ichohradeck\u00fd den\u00edk<br \/>\nhttp:\/\/jindrichohradecky.denik.cz\/<\/p>\n","protected":false},"excerpt":{"rendered":"<div class=\"mh-excerpt\"><p>Benefi\u010dn\u00ed Akce Cihla, kterou po\u0159\u00e1d\u00e1 sdru\u017een\u00ed Proutek pom\u00e1haj\u00edc\u00ed ment\u00e1ln\u011b hendikepovan\u00fdm lidem, se letos kon\u00e1 ji\u017e po\u0161estn\u00e1ct\u00e9. Zat\u00edm se poda\u0159ilo vybrat t\u00e9m\u011b\u0159 p\u011btadvacet tis\u00edc korun.<\/p>\n<\/div>","protected":false},"author":1,"featured_media":0,"comment_status":"open","ping_status":"closed","sticky":false,"template":"","format":"standard","meta":{"footnotes":""},"categories":[9],"tags":[],"class_list":["post-21929","post","type-post","status-publish","format-standard","hentry","category-zpravy"],"_links":{"self":[{"href":"https:\/\/www.invarena.cz\/index.php?rest_route=\/wp\/v2\/posts\/21929","targetHints":{"allow":["GET"]}}],"collection":[{"href":"https:\/\/www.invarena.cz\/index.php?rest_route=\/wp\/v2\/posts"}],"about":[{"href":"https:\/\/www.invarena.cz\/index.php?rest_route=\/wp\/v2\/types\/post"}],"author":[{"embeddable":true,"href":"https:\/\/www.invarena.cz\/index.php?rest_route=\/wp\/v2\/users\/1"}],"replies":[{"embeddable":true,"href":"https:\/\/www.invarena.cz\/index.php?rest_route=%2Fwp%2Fv2%2Fcomments&post=21929"}],"version-history":[{"count":0,"href":"https:\/\/www.invarena.cz\/index.php?rest_route=\/wp\/v2\/posts\/21929\/revisions"}],"wp:attachment":[{"href":"https:\/\/www.invarena.cz\/index.php?rest_route=%2Fwp%2Fv2%2Fmedia&parent=21929"}],"wp:term":[{"taxonomy":"category","embeddable":true,"href":"https:\/\/www.invarena.cz\/index.php?rest_route=%2Fwp%2Fv2%2Fcategories&post=21929"},{"taxonomy":"post_tag","embeddable":true,"href":"https:\/\/www.invarena.cz\/index.php?rest_route=%2Fwp%2Fv2%2Ftags&post=21929"}],"curies":[{"name":"wp","href":"https:\/\/api.w.org\/{rel}","templated":true}]}}