{"id":21931,"date":"2015-06-25T12:38:54","date_gmt":"2015-06-25T10:38:54","guid":{"rendered":"http:\/\/www.invarena.cz\/?p=21931"},"modified":"2015-06-25T12:38:54","modified_gmt":"2015-06-25T10:38:54","slug":"praha-16-dominika-pojede-za-vytezek-sbirky-do-lazni","status":"publish","type":"post","link":"https:\/\/www.invarena.cz\/?p=21931","title":{"rendered":"Praha 16: Dominika pojede za v\u00fdt\u011b\u017eek sb\u00edrky do l\u00e1zn\u00ed"},"content":{"rendered":"<p><strong>V \u00fater\u00fd 23. \u010dervna byl mal\u00e9 Dominice Jechov\u00e9 z Radot\u00edna a jej\u00ed mamince Jan\u011b p\u0159ed\u00e1n dar v celkov\u00e9 v\u00fd\u0161i 10 370 korun.<\/strong> <!--more--><\/p>\n<p>Pen\u00edze shrom\u00e1\u017ed\u011bn\u00e9 ve sb\u00edrce organizovan\u00e9 Nada\u010dn\u00edm fondem Algo a M\u011bstskou \u010d\u00e1st\u00ed Praha 16 jsou ur\u010deny na l\u00e9\u010debn\u00fd pobyt v l\u00e1zn\u00edch a na \u00fahradu t\u011bch procedur, kter\u00e9 zdravotn\u00ed poji\u0161\u0165ovna nehrad\u00ed.<\/p>\n<p>Dominika je toti\u017e 9let\u00e1 sle\u010dna, kter\u00e9 byla diagnostikov\u00e1na juveniln\u00ed idiopatick\u00e1 artritida, onemocn\u011bn\u00ed projevuj\u00edc\u00ed se vlekl\u00fdmi z\u00e1n\u011bty, bolestmi a otoky kloub\u016f, v jej\u00edm\u017e d\u016fsledku m\u00e1 ji\u017e dnes nestejnom\u011brn\u011b dlouh\u00e9 nohy. Onemocn\u011bn\u00ed Dominiku tr\u00e1p\u00ed hlavn\u011b p\u0159i chladn\u00e9m po\u010das\u00ed a nam\u00e1hav\u00e9m pohybu. Nem\u016f\u017ee sportovat, ani se v\u011bnovat \u010dinnosti, kter\u00e1 vy\u017eaduje fyzick\u00e9 \u00fasil\u00ed. Je ale state\u010dn\u00e1 a pravideln\u011b rehabilituje. D\u00edky ve\u0159ejn\u00e9 podpo\u0159e byl Dominice na konci listopadu 2014 p\u0159ed\u00e1n ji\u017e jeden d\u00e1rek &#8211; speci\u00e1ln\u00ed \u017eidli\u010dka do \u0161koly v cen\u011b 5000 K\u010d.<\/p>\n<p>K ofici\u00e1ln\u00edmu p\u0159ed\u00e1n\u00ed daru do\u0161lo v \u0159editeln\u011b Z\u00e1kladn\u00ed \u0161koly Praha &#8211; Radot\u00edn za p\u0159\u00edtomnosti Mgr. Karla Hanzl\u00edka, starosty M\u011bstsk\u00e9 \u010d\u00e1sti Praha 16. Ten ocenil p\u0159edev\u0161\u00edm samu my\u0161lenku akce: &#8222;Mysl\u00edm, \u017ee i d\u00edky sb\u00edrce si mnoho lid\u00ed z Radot\u00edna uv\u011bdomilo, \u017ee p\u0159\u00edmo vedle nich \u017eije n\u011bkdo, kdo si, obrazn\u011b \u0159e\u010deno, nevyt\u00e1hl ty \u00fapln\u011b nejlep\u0161\u00ed karty. Dominika je state\u010dn\u00e1 a ned\u00e1v\u00e1 najevo, s \u010d\u00edm mus\u00ed z\u00e1polit. Nen\u00ed samoz\u0159ejm\u011b jedin\u00e1, ale i to u\u017e dnes vn\u00edm\u00e1me v\u00edc.&#8220;<\/p>\n<p>Ing. Pavel Jir\u00e1sek, tajemn\u00edk \u00fa\u0159adu, p\u0159ipomn\u011bl tak\u00e9 obdobn\u00e9 aktivity m\u00edstn\u00ed radnice, d\u00edky nim\u017e se v posledn\u00ed dob\u011b pomohlo dal\u0161\u00edm dv\u011bma pot\u0159ebn\u00fdm: pro Janka Ferance byl po\u0159\u00edzen nov\u00fd invalidn\u00ed voz\u00edk (sb\u00edrka plastov\u00fdch v\u00ed\u010dek) a ro\u010dn\u00ed hol\u010di\u010dce Ane\u017ece Prachov\u00e9 se p\u0159isp\u011blo na sluchadla (jednodenn\u00ed sb\u00edrka na lo\u0148sk\u00e9m Radot\u00ednsk\u00e9m Bur\u010d\u00e1kobran\u00ed).<\/p>\n<p>Finan\u010dn\u00ed prost\u0159edky poch\u00e1zej\u00ed ze sb\u00edrky plastov\u00fdch v\u00ed\u010dek<\/p>\n<p>Slavnostn\u00edho aktu se d\u00e1le vedle Mgr. Zde\u0148ka St\u0159\u00edhavky, \u0159editele \u0161koly, z\u00fa\u010dastnili z\u00e1stupci Nada\u010dn\u00edho fondu Algo, jeho p\u0159edsedkyn\u011b Ing. Kate\u0159ina Lou\u017eeck\u00e1 a Petr Lou\u017eeck\u00fd, \u010dlen spr\u00e1vn\u00ed rady nada\u010dn\u00edho fondu, a marketingov\u00e1 mana\u017eerka spole\u010dnosti Channel Crossings Eva Havr\u00e1nkov\u00e1.<\/p>\n<p>Finan\u010dn\u00ed prost\u0159edky daru poch\u00e1z\u00ed ze sb\u00edrky plastov\u00fdch v\u00ed\u010dek, kterou pro Dominiku uspo\u0159\u00e1dala M\u011bstsk\u00e1 \u010d\u00e1st Praha 16 ve spolupr\u00e1ci s Nada\u010dn\u00edm fondem Algo, pen\u011b\u017en\u00edho daru ve v\u00fd\u0161i 3 000 korun v\u011bnovan\u00e9ho firmou Channel Crossings, a drobn\u00fdch finan\u010dn\u00edch \u010d\u00e1stek od zam\u011bstnanc\u016f spole\u010dnosti Algotech, s.r.o. D\u011bkujeme proto v\u0161em, kte\u0159\u00ed pomohli tam, kde je t\u0159eba.<\/p>\n<p>U\u017e nyn\u00ed m\u00e1 Dominika objednan\u00fd t\u00fddenn\u00ed l\u00e9\u010debn\u00fd pobyt v Jansk\u00fdch l\u00e1zn\u00edch, v jeho\u017e r\u00e1mci m\u00e1 navoleno p\u011bt procedur denn\u011b. Bude to ur\u010dit\u011b n\u00e1ro\u010dn\u00e9, ale jej\u00ed maminka v\u011b\u0159\u00ed, \u017ee Dom\u010da v\u0161e zvl\u00e1dne a l\u00e9\u010dba j\u00ed napom\u016f\u017ee alespo\u0148 \u010d\u00e1ste\u010dn\u011b p\u0159edej\u00edt o\u010dek\u00e1vateln\u00e9mu zhor\u0161en\u00ed nemoci v dob\u011b bl\u00ed\u017e\u00edc\u00ed se puberty.<\/p>\n<p>Parlamentn\u00ed Listy<\/p>\n","protected":false},"excerpt":{"rendered":"<div class=\"mh-excerpt\"><p>V \u00fater\u00fd 23. \u010dervna byl mal\u00e9 Dominice Jechov\u00e9 z Radot\u00edna a jej\u00ed mamince Jan\u011b p\u0159ed\u00e1n dar v celkov\u00e9 v\u00fd\u0161i 10 370 korun.<\/p>\n<\/div>","protected":false},"author":1,"featured_media":5279,"comment_status":"open","ping_status":"closed","sticky":false,"template":"","format":"standard","meta":{"footnotes":""},"categories":[9],"tags":[],"class_list":["post-21931","post","type-post","status-publish","format-standard","has-post-thumbnail","hentry","category-zpravy"],"_links":{"self":[{"href":"https:\/\/www.invarena.cz\/index.php?rest_route=\/wp\/v2\/posts\/21931","targetHints":{"allow":["GET"]}}],"collection":[{"href":"https:\/\/www.invarena.cz\/index.php?rest_route=\/wp\/v2\/posts"}],"about":[{"href":"https:\/\/www.invarena.cz\/index.php?rest_route=\/wp\/v2\/types\/post"}],"author":[{"embeddable":true,"href":"https:\/\/www.invarena.cz\/index.php?rest_route=\/wp\/v2\/users\/1"}],"replies":[{"embeddable":true,"href":"https:\/\/www.invarena.cz\/index.php?rest_route=%2Fwp%2Fv2%2Fcomments&post=21931"}],"version-history":[{"count":0,"href":"https:\/\/www.invarena.cz\/index.php?rest_route=\/wp\/v2\/posts\/21931\/revisions"}],"wp:featuredmedia":[{"embeddable":true,"href":"https:\/\/www.invarena.cz\/index.php?rest_route=\/wp\/v2\/media\/5279"}],"wp:attachment":[{"href":"https:\/\/www.invarena.cz\/index.php?rest_route=%2Fwp%2Fv2%2Fmedia&parent=21931"}],"wp:term":[{"taxonomy":"category","embeddable":true,"href":"https:\/\/www.invarena.cz\/index.php?rest_route=%2Fwp%2Fv2%2Fcategories&post=21931"},{"taxonomy":"post_tag","embeddable":true,"href":"https:\/\/www.invarena.cz\/index.php?rest_route=%2Fwp%2Fv2%2Ftags&post=21931"}],"curies":[{"name":"wp","href":"https:\/\/api.w.org\/{rel}","templated":true}]}}