{"id":21943,"date":"2015-06-28T22:02:49","date_gmt":"2015-06-28T20:02:49","guid":{"rendered":"http:\/\/www.invarena.cz\/?p=21943"},"modified":"2015-06-28T22:02:49","modified_gmt":"2015-06-28T20:02:49","slug":"chrudimske-rekreacni-lesy-se-otevrou-i-vozickarum","status":"publish","type":"post","link":"https:\/\/www.invarena.cz\/?p=21943","title":{"rendered":"Chrudimsk\u00e9 rekrea\u010dn\u00ed lesy se otev\u0159ou i voz\u00ed\u010dk\u00e1\u0159\u016fm"},"content":{"rendered":"<p><strong>Chrudimsk\u00e9 rekrea\u010dn\u00ed lesy na Podh\u016f\u0159e se nov\u011b otev\u0159ou i voz\u00ed\u010dk\u00e1\u0159\u016fm. <\/strong><!--more--><\/p>\n<p>Klub \u010desk\u00fdch turist\u016f tam ve spolupr\u00e1ci s M\u011bstsk\u00fdmi lesy Chrudim vyzna\u010duje vhodn\u00e9 cesty i pro lidi na voz\u00ed\u010dku. <\/p>\n","protected":false},"excerpt":{"rendered":"<div class=\"mh-excerpt\"><p>Chrudimsk\u00e9 rekrea\u010dn\u00ed lesy na Podh\u016f\u0159e se nov\u011b otev\u0159ou i voz\u00ed\u010dk\u00e1\u0159\u016fm.<\/p>\n<\/div>","protected":false},"author":1,"featured_media":0,"comment_status":"open","ping_status":"closed","sticky":false,"template":"","format":"standard","meta":{"footnotes":""},"categories":[9],"tags":[],"class_list":["post-21943","post","type-post","status-publish","format-standard","hentry","category-zpravy"],"_links":{"self":[{"href":"https:\/\/www.invarena.cz\/index.php?rest_route=\/wp\/v2\/posts\/21943","targetHints":{"allow":["GET"]}}],"collection":[{"href":"https:\/\/www.invarena.cz\/index.php?rest_route=\/wp\/v2\/posts"}],"about":[{"href":"https:\/\/www.invarena.cz\/index.php?rest_route=\/wp\/v2\/types\/post"}],"author":[{"embeddable":true,"href":"https:\/\/www.invarena.cz\/index.php?rest_route=\/wp\/v2\/users\/1"}],"replies":[{"embeddable":true,"href":"https:\/\/www.invarena.cz\/index.php?rest_route=%2Fwp%2Fv2%2Fcomments&post=21943"}],"version-history":[{"count":0,"href":"https:\/\/www.invarena.cz\/index.php?rest_route=\/wp\/v2\/posts\/21943\/revisions"}],"wp:attachment":[{"href":"https:\/\/www.invarena.cz\/index.php?rest_route=%2Fwp%2Fv2%2Fmedia&parent=21943"}],"wp:term":[{"taxonomy":"category","embeddable":true,"href":"https:\/\/www.invarena.cz\/index.php?rest_route=%2Fwp%2Fv2%2Fcategories&post=21943"},{"taxonomy":"post_tag","embeddable":true,"href":"https:\/\/www.invarena.cz\/index.php?rest_route=%2Fwp%2Fv2%2Ftags&post=21943"}],"curies":[{"name":"wp","href":"https:\/\/api.w.org\/{rel}","templated":true}]}}