{"id":21945,"date":"2015-06-28T22:12:43","date_gmt":"2015-06-28T20:12:43","guid":{"rendered":"http:\/\/www.invarena.cz\/?p=21945"},"modified":"2015-06-28T22:12:43","modified_gmt":"2015-06-28T20:12:43","slug":"za-dvermi-azyloveho-domu","status":"publish","type":"post","link":"https:\/\/www.invarena.cz\/?p=21945","title":{"rendered":"Za dve\u0159mi azylov\u00e9ho domu"},"content":{"rendered":"<p><strong>Azylov\u00fd d\u016fm &#8211; pro mnoh\u00e9 zoufal\u00e9 a osudem zkou\u0161en\u00e9 matky posledn\u00ed mo\u017enost \u00faniku p\u0159ed t\u00fdr\u00e1n\u00edm, nebo t\u0159eba ne\u0159e\u0161iteln\u00fdmi dluhy.<\/strong><!--more--><\/p>\n<p>v azylov\u00e9m dom\u011b m\u016f\u017ee skon\u010dit i mu\u017e a dokonce se sv\u00fdm vnukem.<\/p>\n<p>Dvacet p\u011bt byt\u016f a dvacet p\u011bt p\u0159\u00edb\u011bh\u016f, kter\u00e9 maj\u00ed spole\u010dn\u00e9ho jmenovatele &#8211; n\u00e1sil\u00ed, ztr\u00e1ta partnery, nedostatek pen\u011bz a \u017e\u00e1dn\u00e9 z\u00e1zem\u00ed. Na dve\u0159e tohoto azylov\u00e9ho domu v pra\u017esk\u00fdch Hole\u0161ovic\u00edch jednoho dne zazvonila i pan\u00ed Stanislava.<\/p>\n<p>Stanislava, obyvatelka azylov\u00e9ho domu:Prost\u011b jsem zji\u0161\u0165ovala furt dal\u0161\u00ed a dal\u0161\u00ed jakoby probl\u00e9my, o kterejch jsem vlastn\u011b ani nev\u011bd\u011bla, \u017ee existujou. Skon\u010dili jsme teda jako v byt\u011b bez elektriky, \u017ee jo, bez tepl\u00fd vody.<\/p>\n<p>Svou azylovou kari\u00e9ru odstartovala p\u0159ed t\u0159emi lety a nejen kv\u016fli finan\u010dn\u00edm probl\u00e9m\u016fm, ty toti\u017e vyvolaly mezi man\u017eely facky, n\u00e1sil\u00ed, \u0159ev a pl\u00e1\u010d.<\/p>\n<p>Stanislava, :Nebylo to hezk\u00fd, ty d\u011bti bre\u010dely taky a t\u0159eba byly doby, kdy j\u00e1 jsem je v py\u017eamu vzala a utekla jsem na chodbu a b\u011bhala jsem s nima po bar\u00e1ku.<\/p>\n<p>Michaela NOVOTN\u00c1, \u0159editelka azylov\u00e9ho domu Otev\u0159en\u00e9 srdce:Vol\u00e1 n\u00e1m asi p\u0159ibli\u017en\u011b t\u0159i, \u010dty\u0159i maminky denn\u011b a v\u011bt\u0161inou to bejvaj maminky, kter\u00fd bu\u010f vyr\u016fstaly v d\u011btsk\u00fdm domov\u011b, nebo m\u011bly nefunk\u010dn\u00ed rodinu.<\/p>\n<p>\u010casto pot\u0159ebuj\u00ed pomoc s p\u00e9\u010d\u00ed o d\u00edt\u011b a s veden\u00edm dom\u00e1cnosti.<\/p>\n<p>Michaela NOVOTN\u00c1, :Maminky u n\u00e1s m\u016f\u017eou bejt jeden rok. My p\u0159i n\u00e1stupu samoz\u0159ejm\u011b s nima stanov\u00edme jejich pro n\u011b nejd\u016fle\u017eit\u011bj\u0161\u00ed c\u00edle.<\/p>\n<p>To je v\u011bt\u0161inou bydlen\u00ed, vy\u0159\u00edzen\u00ed soci\u00e1ln\u00edch d\u00e1vek, pomoc p\u0159i hled\u00e1n\u00ed pr\u00e1ce a zaji\u0161t\u011bn\u00ed \u0161koln\u00ed doch\u00e1zky jejich d\u011btem. Azylov\u00e9 domy nemusej\u00ed b\u00fdt jen dom\u00e9nou \u017een, sv\u011bd\u010d\u00ed o tom i p\u0159\u00edpad mu\u017ee s p\u011btim\u011bs\u00ed\u010dn\u00edm vnou\u010detem.<\/p>\n<p>Libor, obyvatel azylov\u00e9ho domu:  Otec toho d\u00edt\u011bte se dostal do v\u011bzen\u00ed, docela asi na velk\u00fd roky, dcera zat\u00edm, nev\u00edm kde, nen\u00ed tady, nechala mi d\u00edt\u011b d\u00edt\u011btem, prost\u011b je to slo\u017eitej p\u0159\u00edb\u011bh.<\/p>\n<p>O tom, \u017ee lidem nen\u00ed \u017eivot zdej\u0161\u00edch obyvatel\u016f lhostejn\u00fd sv\u011bd\u010d\u00ed i to, \u017ee sem nos\u00ed hra\u010dky, oble\u010den\u00ed, ko\u010d\u00e1rky a jin\u00e9 vybaven\u00ed. Na pan\u00ed Stanislavu, kter\u00e1 je v invalidn\u00edm d\u016fchodu, se d\u00edky podpo\u0159e zdej\u0161\u00edch pracovnic usm\u00e1lo \u0161t\u011bst\u00ed a kone\u010dn\u011b se st\u011bhuje do vlastn\u00edho bytu.<\/p>\n<p>Stanislava, :Prvn\u00ed pro m\u011b je tam vybudovat kluk\u016fm jejich jakoby stabiln\u00ed prost\u0159ed\u00ed.<\/p>\n<p>Zat\u00edm tam jsou jen \u010dty\u0159i hol\u00e9 st\u011bny, ale kluci u\u017e si snad nikdy nebudou muset balit kufry. <\/p>\n<p> Tv Barrandov<\/p>\n","protected":false},"excerpt":{"rendered":"<div class=\"mh-excerpt\"><p>Azylov\u00fd d\u016fm &#8211; pro mnoh\u00e9 zoufal\u00e9 a osudem zkou\u0161en\u00e9 matky posledn\u00ed mo\u017enost \u00faniku p\u0159ed t\u00fdr\u00e1n\u00edm, nebo t\u0159eba ne\u0159e\u0161iteln\u00fdmi dluhy.<\/p>\n<\/div>","protected":false},"author":1,"featured_media":3558,"comment_status":"open","ping_status":"closed","sticky":false,"template":"","format":"standard","meta":{"footnotes":""},"categories":[7],"tags":[],"class_list":["post-21945","post","type-post","status-publish","format-standard","has-post-thumbnail","hentry","category-spolecnost"],"_links":{"self":[{"href":"https:\/\/www.invarena.cz\/index.php?rest_route=\/wp\/v2\/posts\/21945","targetHints":{"allow":["GET"]}}],"collection":[{"href":"https:\/\/www.invarena.cz\/index.php?rest_route=\/wp\/v2\/posts"}],"about":[{"href":"https:\/\/www.invarena.cz\/index.php?rest_route=\/wp\/v2\/types\/post"}],"author":[{"embeddable":true,"href":"https:\/\/www.invarena.cz\/index.php?rest_route=\/wp\/v2\/users\/1"}],"replies":[{"embeddable":true,"href":"https:\/\/www.invarena.cz\/index.php?rest_route=%2Fwp%2Fv2%2Fcomments&post=21945"}],"version-history":[{"count":0,"href":"https:\/\/www.invarena.cz\/index.php?rest_route=\/wp\/v2\/posts\/21945\/revisions"}],"wp:featuredmedia":[{"embeddable":true,"href":"https:\/\/www.invarena.cz\/index.php?rest_route=\/wp\/v2\/media\/3558"}],"wp:attachment":[{"href":"https:\/\/www.invarena.cz\/index.php?rest_route=%2Fwp%2Fv2%2Fmedia&parent=21945"}],"wp:term":[{"taxonomy":"category","embeddable":true,"href":"https:\/\/www.invarena.cz\/index.php?rest_route=%2Fwp%2Fv2%2Fcategories&post=21945"},{"taxonomy":"post_tag","embeddable":true,"href":"https:\/\/www.invarena.cz\/index.php?rest_route=%2Fwp%2Fv2%2Ftags&post=21945"}],"curies":[{"name":"wp","href":"https:\/\/api.w.org\/{rel}","templated":true}]}}