{"id":21946,"date":"2015-06-28T22:15:45","date_gmt":"2015-06-28T20:15:45","guid":{"rendered":"http:\/\/www.invarena.cz\/?p=21946"},"modified":"2015-06-28T22:15:45","modified_gmt":"2015-06-28T20:15:45","slug":"hrozici-zanik-chraneneho-bydleni-odvrati-dotace","status":"publish","type":"post","link":"https:\/\/www.invarena.cz\/?p=21946","title":{"rendered":"Hroz\u00edc\u00ed z\u00e1nik Chr\u00e1n\u011bn\u00e9ho bydlen\u00ed odvr\u00e1t\u00ed dotace"},"content":{"rendered":"<p><strong>Hroz\u00edc\u00ed z\u00e1nik Chr\u00e1n\u011bn\u00e9ho bydlen\u00ed svat\u00e9ho Michaela v Brn\u011b odvr\u00e1t\u00ed krajsk\u00e1 dotace. <\/strong><!--more--><\/p>\n<p>Slu\u017eb\u011b pro ment\u00e1ln\u011b posti\u017een\u00e9 klienty se jihomorav\u0161t\u00ed zastupitel\u00e9 rozhodli poslat milion korun. Diec\u00e9zn\u00ed charita Brno, pod kterou soci\u00e1ln\u00ed slu\u017eba spad\u00e1, toti\u017e letos p\u0159i\u0161la oproti d\u0159\u00edv\u011bj\u0161\u00edm let\u016fm na dotac\u00edch o 12 milion\u016f. Nejv\u00edce se muselo \u0161krtat pr\u00e1v\u011b v rozpo\u010dtu zm\u00edn\u011bn\u00e9ho chr\u00e1n\u011bn\u00e9ho bydlen\u00ed.<\/p>\n<p>Ludmila PAVLI\u0160OV\u00c1, \u0159editelka Chr\u00e1n\u011bn\u00e9ho bydlen\u00ed sv. Michaela v Brn\u011b:  Jsme sn\u00ed\u017eili mzdy v\u0161em zam\u011bstnanc\u016fm, ud\u011blali jsme to neradi. Ta jejich pr\u00e1ce je n\u00e1ro\u010dn\u00e1 a d\u016fle\u017eit\u00e1.<\/p>\n<p>L\u00ed\u010d\u00ed \u00fasporn\u00e1 opat\u0159en\u00ed \u0159editelka chr\u00e1n\u011bn\u00e9ho bydlen\u00ed Ludmila Pavli\u0161ov\u00e1. V\u00edra, \u017ee se jedn\u00e1 o do\u010dasnou krizi, se d\u00edky dotaci naplnila a podle \u0159editele brn\u011bnsk\u00e9 charity Old\u0159icha Hai\u010dmana by dal\u0161\u00ed pen\u00edze m\u011bly p\u0159ij\u00edt v z\u00e1\u0159\u00ed.<\/p>\n<p>Old\u0159ich HAI\u010cMAN, \u0159editel, Diec\u00e9zn\u00ed charita Brno:M\u00e1me znovu p\u0159\u00edslib, \u017ee by se potom je\u0161t\u011b i ostatn\u00ed slu\u017eby v diec\u00e9zn\u00ed charit\u011b Brno dofinancovaly z t\u00e9to \u010d\u00e1stky.<\/p>\n<p>Sv\u00e9 slu\u017eby se sna\u017e\u00ed charita dofinancovat tak\u00e9 sb\u00edrkami. <\/p>\n<p> \u010cesk\u00fd rozhlas<\/p>\n","protected":false},"excerpt":{"rendered":"<div class=\"mh-excerpt\"><p>Hroz\u00edc\u00ed z\u00e1nik Chr\u00e1n\u011bn\u00e9ho bydlen\u00ed svat\u00e9ho Michaela v Brn\u011b odvr\u00e1t\u00ed krajsk\u00e1 dotace.<\/p>\n<\/div>","protected":false},"author":1,"featured_media":7019,"comment_status":"open","ping_status":"closed","sticky":false,"template":"","format":"standard","meta":{"footnotes":""},"categories":[7],"tags":[],"class_list":["post-21946","post","type-post","status-publish","format-standard","has-post-thumbnail","hentry","category-spolecnost"],"_links":{"self":[{"href":"https:\/\/www.invarena.cz\/index.php?rest_route=\/wp\/v2\/posts\/21946","targetHints":{"allow":["GET"]}}],"collection":[{"href":"https:\/\/www.invarena.cz\/index.php?rest_route=\/wp\/v2\/posts"}],"about":[{"href":"https:\/\/www.invarena.cz\/index.php?rest_route=\/wp\/v2\/types\/post"}],"author":[{"embeddable":true,"href":"https:\/\/www.invarena.cz\/index.php?rest_route=\/wp\/v2\/users\/1"}],"replies":[{"embeddable":true,"href":"https:\/\/www.invarena.cz\/index.php?rest_route=%2Fwp%2Fv2%2Fcomments&post=21946"}],"version-history":[{"count":0,"href":"https:\/\/www.invarena.cz\/index.php?rest_route=\/wp\/v2\/posts\/21946\/revisions"}],"wp:featuredmedia":[{"embeddable":true,"href":"https:\/\/www.invarena.cz\/index.php?rest_route=\/wp\/v2\/media\/7019"}],"wp:attachment":[{"href":"https:\/\/www.invarena.cz\/index.php?rest_route=%2Fwp%2Fv2%2Fmedia&parent=21946"}],"wp:term":[{"taxonomy":"category","embeddable":true,"href":"https:\/\/www.invarena.cz\/index.php?rest_route=%2Fwp%2Fv2%2Fcategories&post=21946"},{"taxonomy":"post_tag","embeddable":true,"href":"https:\/\/www.invarena.cz\/index.php?rest_route=%2Fwp%2Fv2%2Ftags&post=21946"}],"curies":[{"name":"wp","href":"https:\/\/api.w.org\/{rel}","templated":true}]}}