{"id":21972,"date":"2015-07-01T10:05:38","date_gmt":"2015-07-01T08:05:38","guid":{"rendered":"http:\/\/www.invarena.cz\/?p=21972"},"modified":"2015-07-01T10:13:27","modified_gmt":"2015-07-01T08:13:27","slug":"zapadni-evropu-zacinaji-suzovat-mimoradna-vedra","status":"publish","type":"post","link":"https:\/\/www.invarena.cz\/?p=21972","title":{"rendered":"Z\u00e1padn\u00ed Evropu za\u010d\u00ednaj\u00ed su\u017eovat mimo\u0159\u00e1dn\u00e1 vedra"},"content":{"rendered":"<p><strong>V jihoz\u00e1padn\u00edch a st\u0159edn\u00edch oblastech Francie dnes za\u010d\u00ednaj\u00ed mimo\u0159\u00e1dn\u00e1 letn\u00ed vedra, p\u0159i nich\u017e teplota dos\u00e1hne a\u017e 40 stup\u0148\u016f Celsia a kter\u00e1 se postupn\u011b roz\u0161\u00ed\u0159\u00ed po cel\u00e9 zemi. Vl\u00e1da vyzvala obyvatele a n\u00e1v\u0161t\u011bvn\u00edky k velk\u00e9 opatrnosti, proto\u017ee horka maj\u00ed trvat bez p\u0159eru\u0161en\u00ed do poloviny \u010dervence. <\/strong><!--more--><\/p>\n<p>morgueFile photo<\/p>\n<p>Nap\u0159\u00edklad v Pa\u0159\u00ed\u017ei se o\u010dek\u00e1vaj\u00ed teploty nad 38 stup\u0148\u016f Celsia. Extr\u00e9mn\u011b tepl\u00e9 po\u010das\u00ed se \u010dek\u00e1 i v dal\u0161\u00edch z\u00e1padoevropsk\u00fdch zem\u00edch.<\/p>\n<p>    Francouzsk\u00e1 vl\u00e1da mobilizovala jednotliv\u00e1 ministerstva, aby se podle webu den\u00edku Le Monde neopakovala situace z roku 2003, kdy podobn\u00e1 mimo\u0159\u00e1dn\u00e1 vlna veder m\u011bla ve Francii na sv\u011bdom\u00ed t\u00e9m\u011b\u0159 20.000 mrtv\u00fdch. \u00da\u0159ady daj\u00ed na pomoc lidem, kter\u00e9 horko bude su\u017eovat, ve\u0159ejn\u00e9 klimatizovan\u00e9 prostory jako nap\u0159\u00edklad obchodn\u00ed centra, kina \u010di knihovny. Star\u00fdm a dal\u0161\u00edm nejv\u00edce ohro\u017een\u00fdm lidem \u00fa\u0159ady nab\u00eddly, aby si objednali odborn\u00fd dozor v podob\u011b telefonick\u00fdch zavol\u00e1n\u00ed a n\u00e1v\u0161t\u011bv v byt\u011b.<br \/>\n    &#8222;Je t\u0159eba si nam\u00e1\u010det vlasy, hlavu, t\u011blo. Jako p\u0159i minul\u00fdch vedrech se doporu\u010duje hodn\u011b p\u00edt. Av\u0161ak u nejv\u00edce ohro\u017een\u00fdch lid\u00ed, tedy star\u00fdch osob a d\u011bt\u00ed, je t\u0159eba nav\u00edc se zabalovat do namo\u010den\u00fdch ru\u010dn\u00edk\u016f a postavit se do pr\u016fvanu. To opravdu umo\u017e\u0148uje p\u0159edch\u00e1zet (zdravotn\u00edm) incident\u016fm,&#8220; citoval list ministryni \u017eivotn\u00edho prost\u0159ed\u00ed S\u00e9gol\u00e8ne Royalovou. V\u011b\u0159\u00ed, \u017ee vzhledem k mobilizaci \u00fa\u0159ad\u016f se situace z roku 2003 nebude opakovat.<br \/>\n    Zdrav\u00ed ohro\u017euj\u00edc\u00ed vedra se v nadch\u00e1zej\u00edc\u00edch dnech a t\u00fddnech o\u010dek\u00e1vaj\u00ed i v jin\u00fdch zem\u00edch, p\u0159edev\u0161\u00edm ve \u0160pan\u011blsku a v Portugalsku. Teplota v n\u011bkter\u00fdch oblastech t\u011bchto st\u00e1t\u016f m\u00e1 dos\u00e1hnout a\u017e 44 stup\u0148\u016f Celsia. Velk\u00e1 horka ale maj\u00ed su\u017eovat i Brit\u00e1nii a Belgii. Ostatn\u00ed evropsk\u00e9 zem\u011b za\u017eij\u00ed tak\u00e9 vysok\u00e9 teploty, ale ne vedra, poznamenal Le Monde. <\/p>\n","protected":false},"excerpt":{"rendered":"<div class=\"mh-excerpt\"><p>V jihoz\u00e1padn\u00edch a st\u0159edn\u00edch oblastech Francie dnes za\u010d\u00ednaj\u00ed mimo\u0159\u00e1dn\u00e1 letn\u00ed vedra, p\u0159i nich\u017e teplota dos\u00e1hne a\u017e 40 stup\u0148\u016f Celsia a kter\u00e1 se postupn\u011b roz\u0161\u00ed\u0159\u00ed po <a class=\"mh-excerpt-more\" href=\"https:\/\/www.invarena.cz\/?p=21972\" title=\"Z\u00e1padn\u00ed Evropu za\u010d\u00ednaj\u00ed su\u017eovat mimo\u0159\u00e1dn\u00e1 vedra\">[&#8230;]<\/a><\/p>\n<\/div>","protected":false},"author":1,"featured_media":21973,"comment_status":"open","ping_status":"closed","sticky":false,"template":"","format":"standard","meta":{"footnotes":""},"categories":[7],"tags":[],"class_list":["post-21972","post","type-post","status-publish","format-standard","has-post-thumbnail","hentry","category-spolecnost"],"_links":{"self":[{"href":"https:\/\/www.invarena.cz\/index.php?rest_route=\/wp\/v2\/posts\/21972","targetHints":{"allow":["GET"]}}],"collection":[{"href":"https:\/\/www.invarena.cz\/index.php?rest_route=\/wp\/v2\/posts"}],"about":[{"href":"https:\/\/www.invarena.cz\/index.php?rest_route=\/wp\/v2\/types\/post"}],"author":[{"embeddable":true,"href":"https:\/\/www.invarena.cz\/index.php?rest_route=\/wp\/v2\/users\/1"}],"replies":[{"embeddable":true,"href":"https:\/\/www.invarena.cz\/index.php?rest_route=%2Fwp%2Fv2%2Fcomments&post=21972"}],"version-history":[{"count":0,"href":"https:\/\/www.invarena.cz\/index.php?rest_route=\/wp\/v2\/posts\/21972\/revisions"}],"wp:featuredmedia":[{"embeddable":true,"href":"https:\/\/www.invarena.cz\/index.php?rest_route=\/wp\/v2\/media\/21973"}],"wp:attachment":[{"href":"https:\/\/www.invarena.cz\/index.php?rest_route=%2Fwp%2Fv2%2Fmedia&parent=21972"}],"wp:term":[{"taxonomy":"category","embeddable":true,"href":"https:\/\/www.invarena.cz\/index.php?rest_route=%2Fwp%2Fv2%2Fcategories&post=21972"},{"taxonomy":"post_tag","embeddable":true,"href":"https:\/\/www.invarena.cz\/index.php?rest_route=%2Fwp%2Fv2%2Ftags&post=21972"}],"curies":[{"name":"wp","href":"https:\/\/api.w.org\/{rel}","templated":true}]}}