{"id":21975,"date":"2015-07-01T10:34:13","date_gmt":"2015-07-01T08:34:13","guid":{"rendered":"http:\/\/www.invarena.cz\/?p=21975"},"modified":"2015-07-01T10:34:58","modified_gmt":"2015-07-01T08:34:58","slug":"pro-vozickare-je-stanice-roztyly-stredovekem","status":"publish","type":"post","link":"https:\/\/www.invarena.cz\/?p=21975","title":{"rendered":"Pro voz\u00ed\u010dk\u00e1\u0159e je stanice Roztyly st\u0159edov\u011bkem"},"content":{"rendered":"<p><strong>Dopravn\u00ed podnik mezi bezbari\u00e9rov\u00e9 stanice po\u010d\u00edt\u00e1 i Roztyly a Opatov. Tam ale v\u0161e z\u016fstalo p\u0159i star\u00e9m. Lid\u00e9 na voz\u00ed\u010dku dodnes vj\u00ed\u017ed\u011bj\u00ed na n\u00e1stupi\u0161t\u011b pomoc\u00ed n\u00e1kladn\u00edho v\u00fdtahu<\/strong><!--more--><\/p>\n<p> P\u0159ed 25 lety vjeli do metra prvn\u00ed voz\u00ed\u010dk\u00e1\u0159i.<\/p>\n<p>Dom\u00e1c\u00ed telefon vedle n\u00e1kladn\u00edho v\u00fdtahu a vy\u0161kolen\u00fd pracovn\u00edk metra, kter\u00fd voz\u00ed\u010dk\u00e1\u0159e vozil a\u017e ke dve\u0159\u00edm vlaku. Takto vypadalo cestov\u00e1n\u00ed handicapovan\u00fdch v metru na za\u010d\u00e1tku devades\u00e1t\u00fdch let.<\/p>\n<p>&#8222;Za t\u011bch p\u011btadvacet let se ud\u011blalo mnoho, zejm\u00e9na na nov\u00fdch stanic\u00edch metra. Kde bych byl ale kriti\u010dt\u011bj\u0161\u00ed, jsou star\u0161\u00ed stanice. Kdyby se od roku 1990 ka\u017ed\u00fd rok bezbari\u00e9rov\u011b zp\u0159\u00edstupnila jedna stanice, tak jsme dnes n\u011bkde jinde,&#8220; hodnot\u00ed v\u00fdvoj bezbari\u00e9rov\u00fdch p\u0159\u00edstup\u016f Erik \u010cipera ze sdru\u017een\u00ed Asistence.<\/p>\n<p>Dnes m\u00e1 metro 61 stanic. T\u0159icet osm z nich je p\u0159\u00edstupn\u00fdch pro voz\u00ed\u010dk\u00e1\u0159e a ko\u010d\u00e1rky. Dopravn\u00ed podnik mezi bezbari\u00e9rov\u00e9 stanice po\u010d\u00edt\u00e1 i Roztyly a Opatov. Tam ale v\u0161e z\u016fstalo p\u0159i star\u00e9m. Lid\u00e9 na voz\u00ed\u010dku dodnes vj\u00ed\u017ed\u011bj\u00ed na n\u00e1stupi\u0161t\u011b pomoc\u00ed n\u00e1kladn\u00edho v\u00fdtahu, a to jen za doprovodu asistenta, kter\u00fd pro\u0161el \u0161kolen\u00edm na jeho obsluhu. <\/p>\n<p>&#8222;Sou\u010dasn\u00fd stav dostate\u010dn\u00fd je\u0161t\u011b nen\u00ed,&#8220; hodnot\u00ed bezbari\u00e9rovost \u010cipera, kter\u00fd v\u0161ak dod\u00e1v\u00e1, \u017ee situace se letos p\u0159ece jen o n\u011bco zlep\u0161\u00ed, t\u0159eba d\u00edky otev\u0159en\u00ed v\u00fdtah\u016f na stanic\u00edch M\u016fstek, I. P. Pavlova a And\u011bl.<\/p>\n<p>Dopravn\u00ed podnik m\u00e1 v pl\u00e1nu do deseti let, kdy pra\u017esk\u00e1 hromadn\u00e1 doprava oslav\u00ed 150 let existence, bezbari\u00e9rov\u011b zp\u0159\u00edstupnit v\u0161echny zb\u00fdvaj\u00edc\u00ed stanice. Doposud vynalo\u017eil na zp\u0159\u00edstupn\u011bn\u00ed stanic metra v\u00edce ne\u017e 447 milion\u016f korun.<\/p>\n<p>Prvn\u00ed vla\u0161tovky<\/p>\n<p>Bezbari\u00e9rov\u00e9 p\u0159\u00edstupy do metra dnes slav\u00ed v\u00fdro\u010d\u00ed.<\/p>\n<p>&#8211; Na den p\u0159esn\u011b, p\u0159ed 25 lety, byly provizorn\u011b bezbari\u00e9rov\u011b p\u0159\u00edstupn\u00e9 prvn\u00ed dv\u011b stanice metra. Do stanice Florenc C a Chodov se mohli lid\u00e9 na voz\u00ed\u010dku v roce 1990 dostat za asistence vy\u0161kolen\u00fdch pracovn\u00edk\u016f metra d\u00edky st\u00e1vaj\u00edc\u00edm n\u00e1kladn\u00edm v\u00fdtah\u016fm.<\/p>\n<p>&#8211; Ve stejn\u00e9m roce byla \u010d\u00e1ste\u010dn\u011b bezbari\u00e9rov\u011b p\u0159\u00edstupn\u00e1 pomoc\u00ed venkovn\u00ed rampy i stanice Vy\u0161ehrad.<\/p>\n<p>Metro &#8211; Praha<br \/>\nAutor: \tMAREK H\u00dd\u0158<br \/>\nOdkaz: \thttp:\/\/www.metro.cz<\/p>\n","protected":false},"excerpt":{"rendered":"<div class=\"mh-excerpt\"><p>Dopravn\u00ed podnik mezi bezbari\u00e9rov\u00e9 stanice po\u010d\u00edt\u00e1 i Roztyly a Opatov. Tam ale v\u0161e z\u016fstalo p\u0159i star\u00e9m. Lid\u00e9 na voz\u00ed\u010dku dodnes vj\u00ed\u017ed\u011bj\u00ed na n\u00e1stupi\u0161t\u011b pomoc\u00ed n\u00e1kladn\u00edho <a class=\"mh-excerpt-more\" href=\"https:\/\/www.invarena.cz\/?p=21975\" title=\"Pro voz\u00ed\u010dk\u00e1\u0159e je stanice Roztyly st\u0159edov\u011bkem\">[&#8230;]<\/a><\/p>\n<\/div>","protected":false},"author":1,"featured_media":1478,"comment_status":"open","ping_status":"closed","sticky":false,"template":"","format":"standard","meta":{"footnotes":""},"categories":[7,9],"tags":[],"class_list":["post-21975","post","type-post","status-publish","format-standard","has-post-thumbnail","hentry","category-spolecnost","category-zpravy"],"_links":{"self":[{"href":"https:\/\/www.invarena.cz\/index.php?rest_route=\/wp\/v2\/posts\/21975","targetHints":{"allow":["GET"]}}],"collection":[{"href":"https:\/\/www.invarena.cz\/index.php?rest_route=\/wp\/v2\/posts"}],"about":[{"href":"https:\/\/www.invarena.cz\/index.php?rest_route=\/wp\/v2\/types\/post"}],"author":[{"embeddable":true,"href":"https:\/\/www.invarena.cz\/index.php?rest_route=\/wp\/v2\/users\/1"}],"replies":[{"embeddable":true,"href":"https:\/\/www.invarena.cz\/index.php?rest_route=%2Fwp%2Fv2%2Fcomments&post=21975"}],"version-history":[{"count":0,"href":"https:\/\/www.invarena.cz\/index.php?rest_route=\/wp\/v2\/posts\/21975\/revisions"}],"wp:featuredmedia":[{"embeddable":true,"href":"https:\/\/www.invarena.cz\/index.php?rest_route=\/wp\/v2\/media\/1478"}],"wp:attachment":[{"href":"https:\/\/www.invarena.cz\/index.php?rest_route=%2Fwp%2Fv2%2Fmedia&parent=21975"}],"wp:term":[{"taxonomy":"category","embeddable":true,"href":"https:\/\/www.invarena.cz\/index.php?rest_route=%2Fwp%2Fv2%2Fcategories&post=21975"},{"taxonomy":"post_tag","embeddable":true,"href":"https:\/\/www.invarena.cz\/index.php?rest_route=%2Fwp%2Fv2%2Ftags&post=21975"}],"curies":[{"name":"wp","href":"https:\/\/api.w.org\/{rel}","templated":true}]}}