{"id":21976,"date":"2015-07-01T10:39:42","date_gmt":"2015-07-01T08:39:42","guid":{"rendered":"http:\/\/www.invarena.cz\/?p=21976"},"modified":"2015-07-01T10:39:42","modified_gmt":"2015-07-01T08:39:42","slug":"handicap-slovo-vyvolavajici-emoce","status":"publish","type":"post","link":"https:\/\/www.invarena.cz\/?p=21976","title":{"rendered":"Handicap \u2013 slovo vyvol\u00e1vaj\u00edc\u00ed emoce"},"content":{"rendered":"<p><strong>U v\u011bt\u0161inov\u00e9 spole\u010dnosti nejistotu, mo\u017en\u00e1 i \u0161patn\u00e9 sv\u011bdom\u00ed. Slovo mnohozna\u010dn\u00e9, za n\u00edm\u017e c\u00edt\u00edme rozpor, probl\u00e9m, z\u00e1vazek, p\u00ed\u0161e koment\u00e1\u0159 Ladislav \u0160AFR\u00c1NEK. <\/strong><!--more--><\/p>\n<p>ilustra\u010dn\u00ed foto: PhotoRack<\/p>\n<p> S handicapem t\u011blesn\u00fdm se ji\u017e v z\u00e1sad\u011b vyrovn\u00e1v\u00e1me. Tis\u00edce firem lidi s t\u011blesn\u00fdm posti\u017een\u00edm bez probl\u00e9m\u016f zam\u011bstn\u00e1v\u00e1. St\u00e1t jim to umo\u017e\u0148uje finan\u010dn\u00ed stimulac\u00ed tvorby a udr\u017eov\u00e1n\u00ed pracovn\u00edch m\u00edst pro t\u011blesn\u011b posti\u017een\u00e9. Nep\u0159\u00edmo i t\u00edm, \u017ee firmy nepln\u00edc\u00ed kv\u00f3ty pro zam\u011bstn\u00e1v\u00e1n\u00ed t\u011blesn\u011b handicapovan\u00fdch penalizuje.<\/p>\n<p>Slo\u017eit\u011bj\u0161\u00ed a zat\u00edm v\u0161emi vl\u00e1dami s r\u016fznou intenzitou obch\u00e1zen\u00fd, p\u0159\u00edpadn\u011b populisticky zneu\u017e\u00edvan\u00fd, je probl\u00e9m soci\u00e1ln\u00edho handicapu. Jako bychom vych\u00e1zeli z toho, \u017ee fyzick\u00e9 \u010di ment\u00e1ln\u00ed posti\u017een\u00ed poch\u00e1z\u00ed \u00bbz vy\u0161\u0161\u00ed moci\u00ab a zasluhuje si proto v\u011bt\u0161\u00ed ohleduplnost a empatii, zat\u00edmco za soci\u00e1ln\u00ed slabost si mohou lid\u00e9 na okraji spole\u010dnosti sami neschopnost\u00ed, zp\u016fsobem \u017eivota, alkoholovou a drogovou z\u00e1vislost\u00ed.<\/p>\n<p>Uveden\u00e9 d\u016fvody soci\u00e1ln\u00edho handicapu jsou re\u00e1ln\u00e9 a ka\u017ed\u00fd by mohl ze sv\u00e9ho okol\u00ed uv\u00e9st \u0159adu p\u0159\u00edklad\u016f, jak lid\u00e9 \u0159e\u0161\u00ed osobn\u00ed probl\u00e9my \u00fat\u011bkem do spole\u010densky z\u00e1vadn\u00e9ho jedn\u00e1n\u00ed. I z toho pramen\u00ed v\u011bt\u0161inov\u00fd n\u00e1zor, \u017ee za odsun za soci\u00e1ln\u00ed hranu si m\u016f\u017ee ka\u017ed\u00fd s\u00e1m. Slabinou logiky je, \u017ee soci\u00e1ln\u00ed slabost je vyvol\u00e1na i neschopnost\u00ed spole\u010dnosti vytvo\u0159it z\u00e1kladn\u00ed podm\u00ednky \u017eivota soci\u00e1ln\u011b vylou\u010den\u00fdch, nap\u0159. dlouhodob\u011b nezam\u011bstnan\u00fdch.<\/p>\n<p> V\u00fdluka \u00bbnep\u0159izp\u016fsobiv\u00fdch\u00ab ze spole\u010dnosti a p\u0159\u00edstup k nim jako k \u00bbcizorod\u00e9mu prvku\u00ab je pro establishment cestou nejsnadn\u011bj\u0161\u00ed. Navzdory nejr\u016fzn\u011bj\u0161\u00edm nadac\u00edm, fond\u016fm a dal\u0161\u00edm nevl\u00e1dn\u00edm organizac\u00edm se boj\u00edme p\u0159iznat, \u017ee soci\u00e1ln\u00ed spravedlnost je v \u010cesk\u00e9 republice ciz\u00ed slovo a \u017ee souhlasn\u011b vylou\u010d\u00edme v\u0161echny, kter\u00e9 pokl\u00e1d\u00e1me za cizorod\u00fd prvek, p\u0159ipom\u00ednaj\u00edc\u00ed n\u00e1m na\u0161e sobectv\u00ed.<\/p>\n<p> P\u0159ipom\u00edn\u00e1 to pon\u011bkud slaboduch\u00e9 prohl\u00e1\u0161en\u00ed Bohuslava Sobotky, \u017ee kv\u00f3ty pro p\u0159ijet\u00ed imigrant\u016f z\u00e1sadn\u011b odm\u00edt\u00e1me, nicm\u00e9n\u011b jsme ochotni je p\u0159ijmout dobrovoln\u011b. Nen\u00ed jeho obl\u00edbenou hrdinkou chytr\u00e1 hor\u00e1kyn\u011b?<\/p>\n<p>Pokud jde o p\u0159\u00edslu\u0161n\u00e9 ministerstvo Ji\u0159\u00edho Dienstbiera, tam nelze o \u017e\u00e1dn\u00e9 koncepci, ba ani o n\u011bjak\u00e9 sofistikovan\u00e9 snaze probl\u00e9m syst\u00e9mov\u011b \u0159e\u0161it, v\u016fbec hovo\u0159it. Doposud p\u0159eva\u017euj\u00edc\u00ed metoda poslat ad hoc n\u011bjak\u00e9 pen\u00edze a jmenovat zmocn\u011bnce pro m\u00edsto s vysokou koncentrac\u00ed soci\u00e1ln\u00edho handicapu k utlumen\u00ed mo\u017en\u00e9ho v\u00fdbuchu probl\u00e9m pouze zhor\u0161uje. <\/p>\n<p>\u0158e\u0161en\u00edm m\u016f\u017ee b\u00fdt odpov\u011bdn\u00e1 d\u011blba mezi soci\u00e1ln\u011b handicapovan\u00fdmi podle p\u0159\u00ed\u010din vzniku (\u00faloha ter\u00e9nn\u00edch pracovn\u00edk\u016f) a na tom zalo\u017een\u00fd diferencovan\u00fd p\u0159\u00edstup k nim. Ten by m\u011bl nal\u00e9zt z\u00e1sadn\u00ed dialektick\u00fd odraz ve fyzick\u00e9 realit\u011b i v ustanoven\u00edch z\u00e1kona. Teprve pak bude spole\u010dnost m\u00e9n\u011b n\u00e1chyln\u00e1 k hysterii a soci\u00e1ln\u00edm konflikt\u016fm. <\/p>\n<p>\tLadislav \u0160AFR\u00c1NEK<br \/>\nHal\u00f3 noviny<\/p>\n","protected":false},"excerpt":{"rendered":"<div class=\"mh-excerpt\"><p>U v\u011bt\u0161inov\u00e9 spole\u010dnosti nejistotu, mo\u017en\u00e1 i \u0161patn\u00e9 sv\u011bdom\u00ed. Slovo mnohozna\u010dn\u00e9, za n\u00edm\u017e c\u00edt\u00edme rozpor, probl\u00e9m, z\u00e1vazek, p\u00ed\u0161e koment\u00e1\u0159 Ladislav \u0160AFR\u00c1NEK.<\/p>\n<\/div>","protected":false},"author":1,"featured_media":14298,"comment_status":"open","ping_status":"closed","sticky":false,"template":"","format":"standard","meta":{"footnotes":""},"categories":[4],"tags":[],"class_list":["post-21976","post","type-post","status-publish","format-standard","has-post-thumbnail","hentry","category-nazory"],"_links":{"self":[{"href":"https:\/\/www.invarena.cz\/index.php?rest_route=\/wp\/v2\/posts\/21976","targetHints":{"allow":["GET"]}}],"collection":[{"href":"https:\/\/www.invarena.cz\/index.php?rest_route=\/wp\/v2\/posts"}],"about":[{"href":"https:\/\/www.invarena.cz\/index.php?rest_route=\/wp\/v2\/types\/post"}],"author":[{"embeddable":true,"href":"https:\/\/www.invarena.cz\/index.php?rest_route=\/wp\/v2\/users\/1"}],"replies":[{"embeddable":true,"href":"https:\/\/www.invarena.cz\/index.php?rest_route=%2Fwp%2Fv2%2Fcomments&post=21976"}],"version-history":[{"count":0,"href":"https:\/\/www.invarena.cz\/index.php?rest_route=\/wp\/v2\/posts\/21976\/revisions"}],"wp:featuredmedia":[{"embeddable":true,"href":"https:\/\/www.invarena.cz\/index.php?rest_route=\/wp\/v2\/media\/14298"}],"wp:attachment":[{"href":"https:\/\/www.invarena.cz\/index.php?rest_route=%2Fwp%2Fv2%2Fmedia&parent=21976"}],"wp:term":[{"taxonomy":"category","embeddable":true,"href":"https:\/\/www.invarena.cz\/index.php?rest_route=%2Fwp%2Fv2%2Fcategories&post=21976"},{"taxonomy":"post_tag","embeddable":true,"href":"https:\/\/www.invarena.cz\/index.php?rest_route=%2Fwp%2Fv2%2Ftags&post=21976"}],"curies":[{"name":"wp","href":"https:\/\/api.w.org\/{rel}","templated":true}]}}