{"id":21977,"date":"2015-07-01T10:51:14","date_gmt":"2015-07-01T08:51:14","guid":{"rendered":"http:\/\/www.invarena.cz\/?p=21977"},"modified":"2015-07-01T10:51:14","modified_gmt":"2015-07-01T08:51:14","slug":"barokni-slavnosti-v-olomouci-nabidnou-mozarta-i-mistni-skladatele","status":"publish","type":"post","link":"https:\/\/www.invarena.cz\/?p=21977","title":{"rendered":"Barokn\u00ed slavnosti v Olomouci nab\u00eddnou Mozarta i m\u00edstn\u00ed skladatele"},"content":{"rendered":"<p><strong>Opern\u00ed p\u0159edstaven\u00ed a prohl\u00eddky pam\u00e1tek si Olomou\u010dan\u00e9 i n\u00e1v\u0161t\u011bvn\u00edci u\u017eij\u00ed ode dne\u0161ka. Zlevn\u011bn\u00e9 vstupn\u00e9 pro seniory a dr\u017eitele karty ZTP je 100 korun.<\/strong><!--more--><\/p>\n<p>photo on Flickr &#8211; Don Giovanni<\/p>\n<p>Barokn\u00ed kulisy Olomouce po roce op\u011bt o\u017eij\u00ed. Ode dne\u0161ka do 24. \u010dervence zapln\u00ed m\u011bsto bohat\u011b zdoben\u00e9 kost\u00fdmy i melodie hudebn\u00edch velik\u00e1n\u016f Mozarta, Monteverdiho \u010di Vivaldiho. Postar\u00e1 se o to dal\u0161\u00ed ro\u010dn\u00edk festivalu Olomouck\u00e9 barokn\u00ed slavnosti, kter\u00fd p\u0159inese sedm opern\u00edch titul\u016f se \u0161pi\u010dkov\u00fdmi s\u00f3listy, komentovan\u00e9 prohl\u00eddky Sarkandrovy kaple \u010di v\u00fdstupy na kostel svat\u00e9ho Michala. T\u0159i t\u00fddny slavnost\u00ed nab\u00eddnou hned n\u011bkolik perli\u010dek, kter\u00e9 by si podle po\u0159adatelek festivalu nem\u011bl nechat uj\u00edt \u017e\u00e1dn\u00fd milovn\u00edk opery. &#8222;Hned na \u00favod jsme pro n\u00e1v\u0161t\u011bvn\u00edky p\u0159ipravili operu Apollo et Hyacinthus, kterou Wolfgang Amadeus Mozart zkomponoval v pouh\u00fdch dvan\u00e1cti letech. Dal\u0161\u00edm dramaturgick\u00fdm pil\u00ed\u0159em je \u010desk\u00e1 verze jedn\u00e9 z nejslavn\u011bj\u0161\u00edch oper historie Orfeus Claudia Monteverdiho,&#8220; prozradila k programu produk\u010dn\u00ed festivalu Kate\u0159ina Zahradn\u00ed\u010dkov\u00e1 s t\u00edm, \u017ee z\u00e1v\u011br festivalu bude pat\u0159it opern\u00edmu hitu Antonia Vivaldiho La Senna festeggiante, oslavuj\u00edc\u00edmu kr\u00e1le Ludv\u00edka XV.<br \/>\nStejn\u00e9 pozornosti se dostane i region\u00e1ln\u00edm autor\u016fm. B\u011bhem slavnost\u00ed zazn\u00ed nap\u0159\u00edklad opera d\u0159evohostick\u00e9ho kantora Josefa Schreiera pln\u00e1 unik\u00e1tn\u00edch n\u00e1m\u011bt\u016f. &#8222;Alegorick\u00e1 komick\u00e1 opera Aurea libertas pojedn\u00e1v\u00e1 o tom, zda nen\u00ed mu\u017ei l\u00e9pe bez \u017eeny a v d\u00edle Veritas exulans se poslucha\u010di dozv\u011bd\u00ed, jak se alegorick\u00e1 postava Sv\u011bt s pomoc\u00ed Politika zbav\u00ed Pravdy,&#8220; doplnila Kate\u0159ina Zahradn\u00ed\u010dkov\u00e1.<br \/>\nDom\u00e1c\u00ed olomouckou produkci pak zastoup\u00ed voln\u00e1 rekonstrukce kuri\u00f3zn\u00edho alegorick\u00e9ho melodramatu olomouck\u00e9ho rod\u00e1ka Anton\u00edna Saletky Korunovan\u00e9 stolet\u00ed a nebude chyb\u011bt ani zn\u00e1m\u00fd titul Endymio, v n\u011bm\u017e se ve v\u0161ech rol\u00edch p\u0159edstav\u00ed v\u00fdhradn\u011b mu\u017e\u0161t\u00ed interpreti.<br \/>\nV\u0161echna ve\u010dern\u00ed p\u0159edstaven\u00ed, kter\u00e1 se odehraj\u00ed v replice barokn\u00edho divadla v prostor\u00e1ch jezuitsk\u00e9ho Konviktu, dopln\u00ed p\u016flhodinov\u00e1 tafelmusik \u2013 hudba k tabul, a pro z\u00e1jemce je po ope\u0159e p\u0159ipravena komentovan\u00e1 prohl\u00eddka Sarkandrovy kaple a kostela sv. Michala sv\u00fdstupemnav\u011b\u017e.<br \/>\nTradi\u010dn\u00ed sou\u010d\u00e1st\u00ed slavnost\u00ed op\u011bt budou barokn\u00ed prohl\u00eddky Olomouce v\u017edy v p\u00e1tek a sobotu od 17 hodin. P\u0159ipraveny jsou dva okruhy, a to Barokn\u00ed skvosty a Vojensk\u00e1 barokn\u00ed pevnost.<\/p>\n<p>Vstupenky na festival jsou v p\u0159edprodeji v s\u00edti Ticketpro za 150 korun, zlevn\u011bn\u00e9 vstupn\u00e9 pro seniory a dr\u017eitele karty ZTP je 100 korun. Pro n\u00e1v\u0161t\u011bvn\u00edky z jin\u00fdch m\u011bst jsou k dispozici pobytov\u00e9 bal\u00ed\u010dky.<\/p>\n<p>Program<\/p>\n<p>1.\u20134. \u010dervenec<br \/>\nWolfgang Amadeus Mozart:<\/p>\n<p>Apollo et Hyacinthus<br \/>\n5.\u20138. \u010dervenec<br \/>\nSaeculum coronatum<br \/>\n9.\u201312. \u010dervenec<br \/>\nTom\u00e1\u0161 Hanzl\u00edk: Endymio<br \/>\n13.\u201316. \u010dervenec<br \/>\nJosef Schreier: Aurea libertas,<\/p>\n<p>Veritas exulant<br \/>\n17.\u201320. \u010dervenec<br \/>\nClaudio Monteverdi:<br \/>\nOrfeus \u2013 hudebn\u00ed poh\u00e1dka<br \/>\n21.\u201324. \u010dervenec<br \/>\nAntonio Vivaldi:<\/p>\n<p>La Senna festeggiante<\/p>\n<p>Vy\u0161lo tak\u00e9 v: \u0160umpersk\u00fd a Jesenick\u00fd den\u00edk; Prost\u011bjovsk\u00fd den\u00edk; P\u0159erovsk\u00fd a Hranick\u00fd den\u00edk<\/p>\n","protected":false},"excerpt":{"rendered":"<div class=\"mh-excerpt\"><p>Opern\u00ed p\u0159edstaven\u00ed a prohl\u00eddky pam\u00e1tek si Olomou\u010dan\u00e9 i n\u00e1v\u0161t\u011bvn\u00edci u\u017eij\u00ed ode dne\u0161ka. Zlevn\u011bn\u00e9 vstupn\u00e9 pro seniory a dr\u017eitele karty ZTP je 100 korun.<\/p>\n<\/div>","protected":false},"author":1,"featured_media":21979,"comment_status":"open","ping_status":"closed","sticky":false,"template":"","format":"standard","meta":{"footnotes":""},"categories":[9],"tags":[],"class_list":["post-21977","post","type-post","status-publish","format-standard","has-post-thumbnail","hentry","category-zpravy"],"_links":{"self":[{"href":"https:\/\/www.invarena.cz\/index.php?rest_route=\/wp\/v2\/posts\/21977","targetHints":{"allow":["GET"]}}],"collection":[{"href":"https:\/\/www.invarena.cz\/index.php?rest_route=\/wp\/v2\/posts"}],"about":[{"href":"https:\/\/www.invarena.cz\/index.php?rest_route=\/wp\/v2\/types\/post"}],"author":[{"embeddable":true,"href":"https:\/\/www.invarena.cz\/index.php?rest_route=\/wp\/v2\/users\/1"}],"replies":[{"embeddable":true,"href":"https:\/\/www.invarena.cz\/index.php?rest_route=%2Fwp%2Fv2%2Fcomments&post=21977"}],"version-history":[{"count":0,"href":"https:\/\/www.invarena.cz\/index.php?rest_route=\/wp\/v2\/posts\/21977\/revisions"}],"wp:featuredmedia":[{"embeddable":true,"href":"https:\/\/www.invarena.cz\/index.php?rest_route=\/wp\/v2\/media\/21979"}],"wp:attachment":[{"href":"https:\/\/www.invarena.cz\/index.php?rest_route=%2Fwp%2Fv2%2Fmedia&parent=21977"}],"wp:term":[{"taxonomy":"category","embeddable":true,"href":"https:\/\/www.invarena.cz\/index.php?rest_route=%2Fwp%2Fv2%2Fcategories&post=21977"},{"taxonomy":"post_tag","embeddable":true,"href":"https:\/\/www.invarena.cz\/index.php?rest_route=%2Fwp%2Fv2%2Ftags&post=21977"}],"curies":[{"name":"wp","href":"https:\/\/api.w.org\/{rel}","templated":true}]}}