{"id":21987,"date":"2015-07-02T07:35:48","date_gmt":"2015-07-02T05:35:48","guid":{"rendered":"http:\/\/www.invarena.cz\/?p=21987"},"modified":"2015-07-02T07:36:03","modified_gmt":"2015-07-02T05:36:03","slug":"zahadnou-zenu-se-ztratou-pameti-nasla-rodina-pomoci-internetu","status":"publish","type":"post","link":"https:\/\/www.invarena.cz\/?p=21987","title":{"rendered":"Z\u00e1hadnou \u017eenu se ztr\u00e1tou pam\u011bti na\u0161la rodina pomoc\u00ed internetu"},"content":{"rendered":"<p><strong>Z\u00e1hadnou \u017eenu bez pam\u011bti, jej\u00ed\u017e p\u0159\u00edb\u011bh n\u011bkolik m\u011bs\u00edc\u016f rozpl\u00e9tala americk\u00e1 policie i u\u017eivatel\u00e9 internetu, kone\u010dn\u011b objevila jej\u00ed rodina.<\/strong><!--more--><\/p>\n<p>ilustra\u010dn\u00ed foto: MorgueFile<\/p>\n<p> Osobu p\u0159ezd\u00edvanou &#8222;Sam&#8220;, kter\u00e1 si vzpom\u00ednala jen na \u0159\u00eddk\u00e9 \u00fatr\u017eky sv\u00e9ho \u017eivota, nalezli p\u0159\u00edbuzn\u00ed na soci\u00e1ln\u00edch s\u00edt\u00edch. Jde pr\u00fd o t\u0159iapades\u00e1tiletou Ashley Menattaovou z Kalifornie, uvedla dnes stanice BBC.<\/p>\n<p>    Zmaten\u00e1 osoba se objevila v \u00fanoru v kalifornsk\u00e9m m\u011bst\u011b Carlsbad a nebyla policist\u016fm ani l\u00e9ka\u0159\u016fm schopna \u0159\u00edci, kdo je a odkud poch\u00e1z\u00ed. Popisovala pouze sc\u00e9ny t\u00fdkaj\u00edc\u00ed se jej\u00edho \u00fadajn\u00e9ho \u017eivota na Havaji \u010di v Austr\u00e1lii. Na australsk\u00fd p\u016fvod podle mnoh\u00fdch odkazoval i jej\u00ed p\u0159\u00edzvuk. Proto se do p\u0159\u00edpadu zapojila i australsk\u00e1 ambas\u00e1da v USA, kter\u00e1 nab\u00eddla pomoc.<\/p>\n<p>    P\u0159\u00edb\u011bh nabral dramatick\u00fd sm\u011br ve chv\u00edli, kdy j\u00ed l\u00e9ka\u0159i diagnostikovali rakovinu a podstoupila operaci. Podle l\u00e9ka\u0159\u016f m\u016f\u017ee amn\u00e9zie souviset pr\u00e1v\u011b s touto chorobou. &#8222;M\u00e9 vyhl\u00eddky nejsou dobr\u00e9 a modl\u00edm se, aby byla brzy nalezena moje rodina,&#8220; napsala na Facebooku za pomoci nemocni\u010dn\u00edho person\u00e1lu.<br \/>\n    Podle televize NBC se nakonec rodina na\u0161la, av\u0161ak nikoli v Austr\u00e1lii. Menattaov\u00e1 se pr\u00fd narodila v Pensylv\u00e1nii a postupn\u011b se p\u0159es n\u011bkolik dal\u0161\u00edch bydli\u0161\u0165 p\u0159est\u011bhovala a\u017e na z\u00e1padn\u00ed pob\u0159e\u017e\u00ed USA. Zda v\u016fbec n\u011bkdy byla na australsk\u00e9m kontinentu, kter\u00fd ve vzpom\u00ednk\u00e1ch v\u011brn\u011b l\u00ed\u010dila, nen\u00ed jasn\u00e9.<\/p>\n","protected":false},"excerpt":{"rendered":"<div class=\"mh-excerpt\"><p>Z\u00e1hadnou \u017eenu bez pam\u011bti, jej\u00ed\u017e p\u0159\u00edb\u011bh n\u011bkolik m\u011bs\u00edc\u016f rozpl\u00e9tala americk\u00e1 policie i u\u017eivatel\u00e9 internetu, kone\u010dn\u011b objevila jej\u00ed rodina.<\/p>\n<\/div>","protected":false},"author":1,"featured_media":13998,"comment_status":"open","ping_status":"closed","sticky":false,"template":"","format":"standard","meta":{"footnotes":""},"categories":[7],"tags":[],"class_list":["post-21987","post","type-post","status-publish","format-standard","has-post-thumbnail","hentry","category-spolecnost"],"_links":{"self":[{"href":"https:\/\/www.invarena.cz\/index.php?rest_route=\/wp\/v2\/posts\/21987","targetHints":{"allow":["GET"]}}],"collection":[{"href":"https:\/\/www.invarena.cz\/index.php?rest_route=\/wp\/v2\/posts"}],"about":[{"href":"https:\/\/www.invarena.cz\/index.php?rest_route=\/wp\/v2\/types\/post"}],"author":[{"embeddable":true,"href":"https:\/\/www.invarena.cz\/index.php?rest_route=\/wp\/v2\/users\/1"}],"replies":[{"embeddable":true,"href":"https:\/\/www.invarena.cz\/index.php?rest_route=%2Fwp%2Fv2%2Fcomments&post=21987"}],"version-history":[{"count":0,"href":"https:\/\/www.invarena.cz\/index.php?rest_route=\/wp\/v2\/posts\/21987\/revisions"}],"wp:featuredmedia":[{"embeddable":true,"href":"https:\/\/www.invarena.cz\/index.php?rest_route=\/wp\/v2\/media\/13998"}],"wp:attachment":[{"href":"https:\/\/www.invarena.cz\/index.php?rest_route=%2Fwp%2Fv2%2Fmedia&parent=21987"}],"wp:term":[{"taxonomy":"category","embeddable":true,"href":"https:\/\/www.invarena.cz\/index.php?rest_route=%2Fwp%2Fv2%2Fcategories&post=21987"},{"taxonomy":"post_tag","embeddable":true,"href":"https:\/\/www.invarena.cz\/index.php?rest_route=%2Fwp%2Fv2%2Ftags&post=21987"}],"curies":[{"name":"wp","href":"https:\/\/api.w.org\/{rel}","templated":true}]}}