{"id":22009,"date":"2015-07-03T14:02:35","date_gmt":"2015-07-03T12:02:35","guid":{"rendered":"http:\/\/www.invarena.cz\/?p=22009"},"modified":"2015-07-03T14:02:35","modified_gmt":"2015-07-03T12:02:35","slug":"evropa-o-vikendu-ceka-extremni-tepla-ve-spanelsku-az-44-stupnu","status":"publish","type":"post","link":"https:\/\/www.invarena.cz\/?p=22009","title":{"rendered":"Evropa o v\u00edkendu \u010dek\u00e1 extr\u00e9mn\u00ed tepla, ve \u0160pan\u011blsku a\u017e 44 stup\u0148\u016f"},"content":{"rendered":"<p><strong>Evropa, ve kter\u00e9 ji\u017e nyn\u00ed vl\u00e1dnou tropick\u00e1 vedra, se p\u0159ipravuje na dal\u0161\u00ed citeln\u00e9 oteplen\u00ed. Extr\u00e9mn\u00ed hodnoty \u010dek\u00e1 \u0160pan\u011blsko, kde by teplom\u011bry mohly v pond\u011bl\u00ed ukazovat p\u0159es 40 stup\u0148\u016f Celsia. T\u0159icetistup\u0148ov\u00e1 horka doraz\u00ed tak\u00e9 do Skandin\u00e1vie. <\/strong><!--more--><\/p>\n<p>Vlna nyn\u011bj\u0161\u00edch veder p\u0159edstavuje zna\u010dnou z\u00e1t\u011b\u017e pro lidsk\u00fd organismus a zdravotn\u00edci proto upozor\u0148uj\u00ed na nutnost dodr\u017eov\u00e1n\u00ed pitn\u00e9ho re\u017eimu. Vysok\u00e9 teploty vyvol\u00e1vaj\u00ed komplikace v doprav\u011b: n\u011bkolik vlak\u016f v N\u011bmecku zastavila nefunk\u010dn\u00ed klimatizace a v Rakousku praskaly koleje.<\/p>\n<p>    Vrchol veder v Evrop\u011b nastane podle meteorolog\u016f v pond\u011bl\u00ed, kdy by hork\u00fd vzduch proud\u00edc\u00ed z Afriky mohl vyhnat teplotu ve \u0160pan\u011blsku a\u017e na 44 stup\u0148\u016f Celsia, uvedla \u0161pan\u011blsk\u00e1 mutace listu The Local. Extr\u00e9mn\u00ed teploty budou pot\u00e9 v t\u00e9to jihoevropsk\u00e9 zemi panovat nejm\u00e9n\u011b dev\u011bt dn\u00ed.<\/p>\n<p>    Vlna veder netr\u00e1p\u00ed jen z\u00e1padn\u00ed a st\u0159edn\u00ed Evropu; neb\u00fdval\u00e9 teplo dorazilo i do Skandin\u00e1vie. \u0160v\u00e9dsko ve \u010dtvrtek pro\u017eilo nejteplej\u0161\u00ed den leto\u0161n\u00edho roku, ve Stockholmu bylo 26 stup\u0148\u016f Celsia. Podle meteorolog\u016f bude dnes v metropoli je\u0161t\u011b tepleji a na jihu zem\u011b se rtu\u0165 teplom\u011bru p\u0159ibl\u00ed\u017e\u00ed k hranici t\u0159iceti stup\u0148\u016f, kterou z\u0159ejm\u011b p\u0159ekon\u00e1 v sobotu.<\/p>\n<p>    Zdravotnick\u00e9 \u00fa\u0159ady po cel\u00e9 Evrop\u011b p\u0159ed v\u00edkendem varuj\u00ed obyvatele, aby se vyvarovali pobytu na p\u0159\u00edm\u00e9m slunci a aby pili dostatek tekutin. \u00da\u0159ady se rovn\u011b\u017e obracej\u00ed na rodi\u010de, aby ani kr\u00e1tce nenech\u00e1vali sv\u00e9 d\u011bti v autech bez dozoru, nebo\u0165 ty by mohly kv\u016fli vysok\u00e9 teplot\u011b rychle zkolabovat.<\/p>\n<p>    V Ma\u010farsku po\u010d\u00ednaje dne\u0161n\u00ed p\u016flnoc\u00ed za\u010dne platit p\u011btidenn\u00ed v\u00fdstraha t\u0159et\u00edho, tedy nejvy\u0161\u0161\u00edho stupn\u011b, uvedla agentura MTI. Od pond\u011bl\u00ed do st\u0159edy p\u0159edpov\u00eddaj\u00ed ma\u010far\u0161t\u00ed meteorologov\u00e9 teploty a\u017e 38 stup\u0148\u016f Celsia.<\/p>\n<p>    Probl\u00e9my s tropick\u00fdmi teplotami m\u00e1 \u017eeleznice. N\u011bmeck\u00fd dopravce Deutsche Bahn ve \u010dtvrtek uvedl, \u017ee na d\u00e1lkov\u00fdch tras\u00e1ch selhala klimatizace ve zhruba des\u00edtce star\u0161\u00edch souprav expresn\u00edch vlak\u016f. Obzvl\u00e1\u0161t\u011b citeln\u011b bylo posti\u017eeno spojen\u00ed mezi Berl\u00ednem a Amsterodamem. V z\u00e1padon\u011bmeck\u00e9 spolkov\u00e9 zemi Severn\u00ed Por\u00fdn\u00ed-Vestf\u00e1lsko muselo b\u00fdt odstaveno p\u011bt region\u00e1ln\u00edch a d\u00e1lkov\u00fdch vlak\u016f, u nich\u017e se chlazen\u00ed porouchalo. N\u011bmeck\u00e9 dr\u00e1hy probl\u00e9my s nefunk\u010dn\u00ed vzduchotechnikou \u0159e\u0161\u00ed ka\u017edoro\u010dn\u011b, poznamenala DPA. Nap\u0159\u00edklad b\u011bhem vlny veder v roce 2010 se v n\u011bkolika dnech porouchala klimatizace v 50 rychl\u00edc\u00edch.<\/p>\n<p>    Extr\u00e9mn\u011b vysok\u00e9 teploty p\u016fsob\u00ed pot\u00ed\u017ee i rakousk\u00fdm drah\u00e1m \u00d6BB. Ve \u010dtvrtek odpoledne musely b\u00fdt kv\u016fli popraskan\u00fdm a zdeformovan\u00fdm kolej\u00edm na n\u011bkolik hodin \u010d\u00e1ste\u010dn\u011b uzav\u0159eny trat\u011b spojuj\u00edc\u00ed Tyrolsko s Vorarlberskem a Bavorskem. Mluv\u010d\u00ed \u00d6BB Rene Zumtobel uvedl, \u017ee koleji\u0161t\u011b se na p\u0159\u00edm\u00e9m slunci rozp\u00e1l\u00ed a\u017e na teplotu 80 stup\u0148\u016f Celsia. Dodal, \u017ee dnes vyjede zvl\u00e1\u0161tn\u00ed cisternov\u00fd vlak, kter\u00fd bude kritick\u00e9 trat\u011b kropit vodou.<\/p>\n<p>    Vysok\u00e9 teploty, kter\u00e9 podle meteorolog\u016f dos\u00e1hnou v Rakousku v nadch\u00e1zej\u00edc\u00edch dnech a\u017e 37 stup\u0148\u016f Celsia, p\u0159edstavuj\u00ed zna\u010dnou z\u00e1t\u011b\u017e i pro silnice, ve kter\u00fdch kamiony snadno vyjedou koleje. Silni\u010d\u00e1\u0159i se proto vozovky sna\u017e\u00ed pomoc\u00ed kropic\u00edch voz\u016f ochladit. <\/p>\n","protected":false},"excerpt":{"rendered":"<div class=\"mh-excerpt\"><p>Evropa, ve kter\u00e9 ji\u017e nyn\u00ed vl\u00e1dnou tropick\u00e1 vedra, se p\u0159ipravuje na dal\u0161\u00ed citeln\u00e9 oteplen\u00ed. Extr\u00e9mn\u00ed hodnoty \u010dek\u00e1 \u0160pan\u011blsko, kde by teplom\u011bry mohly v pond\u011bl\u00ed ukazovat <a class=\"mh-excerpt-more\" href=\"https:\/\/www.invarena.cz\/?p=22009\" title=\"Evropa o v\u00edkendu \u010dek\u00e1 extr\u00e9mn\u00ed tepla, ve \u0160pan\u011blsku a\u017e 44 stup\u0148\u016f\">[&#8230;]<\/a><\/p>\n<\/div>","protected":false},"author":1,"featured_media":0,"comment_status":"open","ping_status":"closed","sticky":false,"template":"","format":"standard","meta":{"footnotes":""},"categories":[9],"tags":[],"class_list":["post-22009","post","type-post","status-publish","format-standard","hentry","category-zpravy"],"_links":{"self":[{"href":"https:\/\/www.invarena.cz\/index.php?rest_route=\/wp\/v2\/posts\/22009","targetHints":{"allow":["GET"]}}],"collection":[{"href":"https:\/\/www.invarena.cz\/index.php?rest_route=\/wp\/v2\/posts"}],"about":[{"href":"https:\/\/www.invarena.cz\/index.php?rest_route=\/wp\/v2\/types\/post"}],"author":[{"embeddable":true,"href":"https:\/\/www.invarena.cz\/index.php?rest_route=\/wp\/v2\/users\/1"}],"replies":[{"embeddable":true,"href":"https:\/\/www.invarena.cz\/index.php?rest_route=%2Fwp%2Fv2%2Fcomments&post=22009"}],"version-history":[{"count":0,"href":"https:\/\/www.invarena.cz\/index.php?rest_route=\/wp\/v2\/posts\/22009\/revisions"}],"wp:attachment":[{"href":"https:\/\/www.invarena.cz\/index.php?rest_route=%2Fwp%2Fv2%2Fmedia&parent=22009"}],"wp:term":[{"taxonomy":"category","embeddable":true,"href":"https:\/\/www.invarena.cz\/index.php?rest_route=%2Fwp%2Fv2%2Fcategories&post=22009"},{"taxonomy":"post_tag","embeddable":true,"href":"https:\/\/www.invarena.cz\/index.php?rest_route=%2Fwp%2Fv2%2Ftags&post=22009"}],"curies":[{"name":"wp","href":"https:\/\/api.w.org\/{rel}","templated":true}]}}