{"id":22011,"date":"2015-07-04T14:03:03","date_gmt":"2015-07-04T12:03:03","guid":{"rendered":"http:\/\/www.invarena.cz\/?p=22011"},"modified":"2015-07-04T14:03:03","modified_gmt":"2015-07-04T12:03:03","slug":"drazba-pyzama-mela-gibsona-pomuze-zenam-s-rakovinou-prsu","status":"publish","type":"post","link":"https:\/\/www.invarena.cz\/?p=22011","title":{"rendered":"Dra\u017eba py\u017eama Mela Gibsona pom\u016f\u017ee \u017een\u00e1m s rakovinou prsu"},"content":{"rendered":"<p><strong>Py\u017eamo, ve kter\u00e9m nato\u010dil Mel Gibson leto\u0161n\u00ed zn\u011blku Mezin\u00e1rodn\u00edho filmov\u00e9ho festivalu v Karlov\u00fdch Varech, jde do dra\u017eby. V\u00fdt\u011b\u017eek z n\u00ed pom\u016f\u017ee projekt\u016fm, kter\u00e9 p\u0159ipravuje Aliance \u017een s rakovinou prsu. <\/strong><!--more--><\/p>\n<p>ilustra\u010dn\u00ed foto: PhotoRack.net<\/p>\n<p>Dra\u017eba se odehr\u00e1v\u00e1 na internetu. P\u0159ihazovat se za\u010dalo v p\u00e1tek ve\u010der, dnes r\u00e1no byla nejvy\u0161\u0161\u00ed nab\u00eddka 3650 korun.<\/p>\n<p>Aliance \u017een s rakovinou prsu, kter\u00e1 je neziskov\u00fdm partnerem leto\u0161n\u00edho 50. mezin\u00e1rodn\u00edho filmov\u00e9ho festivalu, z\u00edskala py\u017eamo darem od organiz\u00e1tor\u016f festivalu. Aliance m\u00e1 na festivalu tak\u00e9 sv\u016fj prsn\u00ed d\u00f3m a kav\u00e1rnu, kterou ofici\u00e1ln\u011b otev\u0159e dnes odpoledne. Na \u00fater\u00fd p\u0159ipravila na festivalu benefi\u010dn\u00ed koncert Dana B\u00e1rty.<\/p>\n<p>Nat\u00e1\u010den\u00ed zn\u011blky na dal\u0161\u00ed ro\u010dn\u00edk festivalu se stalo tradic\u00ed. V kr\u00e1tk\u00fdch p\u0159\u00edb\u011bz\u00edch se objevuj\u00ed dr\u017eitel\u00e9 K\u0159i\u0161\u0165\u00e1lov\u00e9ho gl\u00f3bu karlovarsk\u00e9ho festivalu. Hr\u00e1li v nich Ji\u0159\u00ed Menzel, V\u011bra Chytilov\u00e1 nebo Milo\u0161 Forman, ze zahrani\u010dn\u00edch host\u016f pak John Malkovich, Jude Law a letos pr\u00e1v\u011b Mel Gibson. Ve zn\u011blce nachyt\u00e1 v py\u017eamu zlod\u011bje, kte\u0159\u00ed se pokou\u0161ej\u00ed ukr\u00e1st so\u0161ku festivalov\u00e9 ceny, a vy\u0159\u00edd\u00ed je fouka\u010dkou.<\/p>\n<p>Jak p\u0159i slavnostn\u00edm zah\u00e1jen\u00ed leto\u0161n\u00edho ro\u010dn\u00edku \u0159ekl Marek Eben, py\u017eamo bylo Gibsonovi velk\u00e9 a p\u0159i nat\u00e1\u010den\u00ed jej musel m\u00edt vzadu sepnut\u00e9.<\/p>\n<p>Dra\u017eba Gibsonova py\u017eama se vede na obchodn\u00edm port\u00e1lu Aukro.cz. Aukce kon\u010d\u00ed v p\u00e1tek 10. \u010dervence v 19:00.<\/p>\n","protected":false},"excerpt":{"rendered":"<div class=\"mh-excerpt\"><p>Py\u017eamo, ve kter\u00e9m nato\u010dil Mel Gibson leto\u0161n\u00ed zn\u011blku Mezin\u00e1rodn\u00edho filmov\u00e9ho festivalu v Karlov\u00fdch Varech, jde do dra\u017eby. V\u00fdt\u011b\u017eek z n\u00ed pom\u016f\u017ee projekt\u016fm, kter\u00e9 p\u0159ipravuje Aliance <a class=\"mh-excerpt-more\" href=\"https:\/\/www.invarena.cz\/?p=22011\" title=\"Dra\u017eba py\u017eama Mela Gibsona pom\u016f\u017ee \u017een\u00e1m s rakovinou prsu\">[&#8230;]<\/a><\/p>\n<\/div>","protected":false},"author":1,"featured_media":17230,"comment_status":"open","ping_status":"closed","sticky":false,"template":"","format":"standard","meta":{"footnotes":""},"categories":[7],"tags":[],"class_list":["post-22011","post","type-post","status-publish","format-standard","has-post-thumbnail","hentry","category-spolecnost"],"_links":{"self":[{"href":"https:\/\/www.invarena.cz\/index.php?rest_route=\/wp\/v2\/posts\/22011","targetHints":{"allow":["GET"]}}],"collection":[{"href":"https:\/\/www.invarena.cz\/index.php?rest_route=\/wp\/v2\/posts"}],"about":[{"href":"https:\/\/www.invarena.cz\/index.php?rest_route=\/wp\/v2\/types\/post"}],"author":[{"embeddable":true,"href":"https:\/\/www.invarena.cz\/index.php?rest_route=\/wp\/v2\/users\/1"}],"replies":[{"embeddable":true,"href":"https:\/\/www.invarena.cz\/index.php?rest_route=%2Fwp%2Fv2%2Fcomments&post=22011"}],"version-history":[{"count":0,"href":"https:\/\/www.invarena.cz\/index.php?rest_route=\/wp\/v2\/posts\/22011\/revisions"}],"wp:featuredmedia":[{"embeddable":true,"href":"https:\/\/www.invarena.cz\/index.php?rest_route=\/wp\/v2\/media\/17230"}],"wp:attachment":[{"href":"https:\/\/www.invarena.cz\/index.php?rest_route=%2Fwp%2Fv2%2Fmedia&parent=22011"}],"wp:term":[{"taxonomy":"category","embeddable":true,"href":"https:\/\/www.invarena.cz\/index.php?rest_route=%2Fwp%2Fv2%2Fcategories&post=22011"},{"taxonomy":"post_tag","embeddable":true,"href":"https:\/\/www.invarena.cz\/index.php?rest_route=%2Fwp%2Fv2%2Ftags&post=22011"}],"curies":[{"name":"wp","href":"https:\/\/api.w.org\/{rel}","templated":true}]}}