{"id":22015,"date":"2015-07-05T13:17:14","date_gmt":"2015-07-05T11:17:14","guid":{"rendered":"http:\/\/www.invarena.cz\/?p=22015"},"modified":"2015-07-05T13:17:14","modified_gmt":"2015-07-05T11:17:14","slug":"po-kolapsu-zemrel-v-jizerskych-horach-starsi-muz","status":"publish","type":"post","link":"https:\/\/www.invarena.cz\/?p=22015","title":{"rendered":"Po kolapsu zem\u0159el v Jizersk\u00fdch hor\u00e1ch star\u0161\u00ed mu\u017e"},"content":{"rendered":"<p><strong>V Jizersk\u00fdch hor\u00e1ch v\u010dera zem\u0159el star\u0161\u00ed mu\u017e po kolapsu zp\u016fsoben\u00e9m fyzickou n\u00e1mahou v tropick\u00fdch teplot\u00e1ch.<\/strong><!--more--><\/p>\n<p>photo on Wikimedia Commons<\/p>\n<p> O tom informovala mluv\u010d\u00ed Zdravotnick\u00e9 z\u00e1chrann\u00e9 slu\u017eby Libereck\u00e9ho kraje Lenka Moravcov\u00e1. Meteorologov\u00e9 vyhl\u00e1sili v \u00dasteck\u00e9m kraji smogovou situaci kv\u016fli vysok\u00e9 koncentraci oz\u00f3nu.<\/p>\n<p>    V hor\u00e1ch na Jizerce zasahovala leteck\u00e1 z\u00e1chrann\u00e1 slu\u017eba v sobotu po poledni. &#8222;Mu\u017e ve v\u011bku p\u0159es devades\u00e1t let m\u011bl po fyzick\u00e9 n\u00e1maze kolaps s n\u00e1slednou z\u00e1stavou srdce. Zem\u0159el po resuscitaci,&#8220; uvedla mluv\u010d\u00ed.<\/p>\n<p>    Sanitky vyj\u00ed\u017ed\u011bj\u00ed \u010dast\u011bji ne\u017e v jin\u00fdch dnech v cel\u00e9m regionu. Zdravotn\u00edci \u00fasteck\u00e9 Masarykovy nemocnice varovali p\u0159ed kolapsy z veder. &#8222;Lid\u00e9 by m\u011bli pravideln\u011b b\u011bhem dne dopl\u0148ovat do t\u011bla dostate\u010dn\u00e9 mno\u017estv\u00ed tekutin, minim\u00e1ln\u011b dva a p\u016fl litru nealkoholick\u00fdch n\u00e1poj\u016f. Star\u0161\u00ed a nemocn\u00ed lid\u00e9 by se m\u011bli v t\u011bchto dnech vyvarovat nadm\u011brn\u00e9 fyzick\u00e9 z\u00e1t\u011b\u017ei, a to zejm\u00e9na na p\u0159\u00edm\u00e9m slunci,&#8220; upozornila prim\u00e1\u0159ka Emergency Masarykovy nemocnice v \u00dast\u00ed nad Labem Jana Bedn\u00e1\u0159ov\u00e1.<\/p>\n<p>    Meteorologov\u00e9 v \u00dasteck\u00e9m kraji vyhl\u00e1sili odpoledne smogovou situaci kv\u016fli vysok\u00fdm koncentrac\u00edm ozonu, kter\u00e1 m\u016f\u017ee zt\u00ed\u017eit d\u00fdch\u00e1n\u00ed u star\u0161\u00edch a nemocn\u00fdch lid\u00ed nebo u d\u011bt\u00ed.<br \/>\n    Ve vzduchu je v\u00edce takzvan\u00e9ho troposf\u00e9rick\u00e9ho ozonu, ne\u017e je prahov\u00e1 hodnota 180 mikrogram\u016f na metr krychlov\u00fd. Koncentrace tohoto ozonu by p\u0159es noc m\u011bla podle meteorolog\u016f klesnout pod uveden\u00fd limit. V ned\u011bli podle p\u0159edpov\u011bdi se znovu dostane koncentrace ozonu nad limit a smogov\u00e1 situace potrv\u00e1. <\/p>\n","protected":false},"excerpt":{"rendered":"<div class=\"mh-excerpt\"><p>V Jizersk\u00fdch hor\u00e1ch v\u010dera zem\u0159el star\u0161\u00ed mu\u017e po kolapsu zp\u016fsoben\u00e9m fyzickou n\u00e1mahou v tropick\u00fdch teplot\u00e1ch.<\/p>\n<\/div>","protected":false},"author":1,"featured_media":22016,"comment_status":"open","ping_status":"closed","sticky":false,"template":"","format":"standard","meta":{"footnotes":""},"categories":[9],"tags":[],"class_list":["post-22015","post","type-post","status-publish","format-standard","has-post-thumbnail","hentry","category-zpravy"],"_links":{"self":[{"href":"https:\/\/www.invarena.cz\/index.php?rest_route=\/wp\/v2\/posts\/22015","targetHints":{"allow":["GET"]}}],"collection":[{"href":"https:\/\/www.invarena.cz\/index.php?rest_route=\/wp\/v2\/posts"}],"about":[{"href":"https:\/\/www.invarena.cz\/index.php?rest_route=\/wp\/v2\/types\/post"}],"author":[{"embeddable":true,"href":"https:\/\/www.invarena.cz\/index.php?rest_route=\/wp\/v2\/users\/1"}],"replies":[{"embeddable":true,"href":"https:\/\/www.invarena.cz\/index.php?rest_route=%2Fwp%2Fv2%2Fcomments&post=22015"}],"version-history":[{"count":0,"href":"https:\/\/www.invarena.cz\/index.php?rest_route=\/wp\/v2\/posts\/22015\/revisions"}],"wp:featuredmedia":[{"embeddable":true,"href":"https:\/\/www.invarena.cz\/index.php?rest_route=\/wp\/v2\/media\/22016"}],"wp:attachment":[{"href":"https:\/\/www.invarena.cz\/index.php?rest_route=%2Fwp%2Fv2%2Fmedia&parent=22015"}],"wp:term":[{"taxonomy":"category","embeddable":true,"href":"https:\/\/www.invarena.cz\/index.php?rest_route=%2Fwp%2Fv2%2Fcategories&post=22015"},{"taxonomy":"post_tag","embeddable":true,"href":"https:\/\/www.invarena.cz\/index.php?rest_route=%2Fwp%2Fv2%2Ftags&post=22015"}],"curies":[{"name":"wp","href":"https:\/\/api.w.org\/{rel}","templated":true}]}}