{"id":22019,"date":"2015-07-06T22:58:13","date_gmt":"2015-07-06T20:58:13","guid":{"rendered":"http:\/\/www.invarena.cz\/?p=22019"},"modified":"2015-07-06T22:58:13","modified_gmt":"2015-07-06T20:58:13","slug":"poutnici-na-velehradu-vedra-zvladli-kolapsu-bylo-malo","status":"publish","type":"post","link":"https:\/\/www.invarena.cz\/?p=22019","title":{"rendered":"Poutn\u00edci na Velehradu vedra zvl\u00e1dli, kolaps\u016f bylo m\u00e1lo"},"content":{"rendered":"<p><strong>Poutn\u00edci, kte\u0159\u00ed se vydali na n\u00e1rodn\u00ed pou\u0165 do Velehradu, zvl\u00e1dli podle zdravotn\u00edk\u016f tropick\u00e9 teploty pom\u011brn\u011b dob\u0159e. O\u0161et\u0159en\u00fdch kolaps\u016f z ostr\u00e9ho slunce bylo p\u0159es p\u016fvodn\u00ed o\u010dek\u00e1v\u00e1n\u00ed m\u00e1lo.<\/strong><!--more--><\/p>\n<p> Lid\u00e9 se z\u00e1sobili dostate\u010dn\u00fdm mno\u017estv\u00edm vody, m\u011bli pokr\u00fdvky hlavy i de\u0161tn\u00edky. Tak\u00e9 podle policie se pou\u0165 obe\u0161la bez probl\u00e9m\u016f. Tropy se v\u0161ak podepsaly na n\u00e1v\u0161t\u011bvnosti. Podle po\u0159adatel\u016f dorazilo zhruba 23.000 lid\u00ed, co\u017e je asi o 7000 m\u00e9n\u011b ne\u017e loni.<\/p>\n<p>    &#8222;Oproti p\u0159edpoklad\u016fm jsme se a\u017e divili, dnes jsme o\u0161et\u0159ili minimum lid\u00ed, byl jen jeden kolaps a pot\u00e9 to byly alergick\u00e9 reakce. Bylo tak\u00e9 vid\u011bt, \u017ee bylo m\u00e9n\u011b lid\u00ed, ne\u017e b\u00fdv\u00e1 obvykl\u00e9. Lid\u00e9 dodr\u017eovali pitn\u00fd re\u017eim a vyhled\u00e1vali st\u00edn,&#8220; \u0159ekla hlavn\u00ed sestra Malt\u00e9zsk\u00e9 pomoci Lucie Mare\u0161ov\u00e1. <\/p>\n<p>Doplnila, \u017ee b\u011bhem sobotn\u00ed akce Dn\u016f lid\u00ed dobr\u00e9 v\u016fle o\u0161et\u0159ili zdravotn\u00edci dv\u011b des\u00edtky lid\u00ed, v ned\u011bli p\u0159ibylo dal\u0161\u00edch p\u011bt. &#8222;V sobotu jsme o\u0161et\u0159ili p\u011bt kolaps\u016f a v ned\u011bli \u0161est\u00fd, jednomu z poutn\u00edk\u016f se ud\u011blalo \u0161patn\u011b na konci m\u0161e,&#8220; doplnila Mare\u0161ov\u00e1.<\/p>\n<p>    Podle organiz\u00e1tora akce Josefa Ko\u0159enka byli lid\u00e9 state\u010dn\u00ed. &#8222;Podle odhad\u016f p\u0159i\u0161lo tak 23.000 lid\u00ed, v sobotu jich bylo kolem 20.000, lid\u00e9 byli state\u010dn\u00ed a vybaveni na vedra. V\u0161echno prob\u011bhlo bez probl\u00e9m\u016f,&#8220; \u0159ekl Ko\u0159enek.<\/p>\n<p> \u017d\u00e1dn\u00e9 pot\u00ed\u017ee b\u011bhem cyrilometod\u011bjsk\u00fdch slavnost\u00ed nezaznamenali ani policist\u00e9. &#8222;V\u0161e se obe\u0161lo bez probl\u00e9m\u016f, \u0159e\u0161ili jsme pouze nalezen\u00e9 doklady, kter\u00e9 se vraceli majitel\u016fm, jinak se nic z\u00e1va\u017en\u00e9ho nestalo,&#8220; \u0159ekla mluv\u010d\u00ed uherskohradi\u0161\u0165sk\u00e9 policie Milena \u0160abatov\u00e1.<\/p>\n<p>    Cyrilometod\u011bjsk\u00e9 slavnosti za\u010daly na Velehrad\u011b v sobotu 16. ro\u010dn\u00edkem Dn\u016f lid\u00ed dobr\u00e9 v\u016fle, kter\u00e9 letos p\u0159ipomn\u011bly dv\u011b v\u00fdznamn\u00e1 v\u00fdro\u010d\u00ed &#8211; 1200 let od narozen\u00ed svat\u00e9ho Metod\u011bje a 25 let od n\u00e1v\u0161t\u011bvy pape\u017ee Jana Pavla II. na Velehrad\u011b. Jejich sou\u010d\u00e1st\u00ed byla \u0159ada v\u00fdstav, p\u0159episov\u00e1n\u00ed bible \u010di sout\u011b\u017ee pro d\u011bti. Program vyvrcholil charitativn\u00edm koncertem, b\u011bhem n\u011bho\u017e se vybralo na soci\u00e1ln\u00ed projekty 1,3 milionu korun. <\/p>\n<p>Cyrilometod\u011bjsk\u00e1 pou\u0165 se v ned\u011bli konala i na Slovansk\u00e9m hradi\u0161ti v Mikul\u010dic\u00edch na Hodon\u00ednsku, kde v\u011brozv\u011bsti p\u016fsobili. <\/p>\n","protected":false},"excerpt":{"rendered":"<div class=\"mh-excerpt\"><p>Poutn\u00edci, kte\u0159\u00ed se vydali na n\u00e1rodn\u00ed pou\u0165 do Velehradu, zvl\u00e1dli podle zdravotn\u00edk\u016f tropick\u00e9 teploty pom\u011brn\u011b dob\u0159e. O\u0161et\u0159en\u00fdch kolaps\u016f z ostr\u00e9ho slunce bylo p\u0159es p\u016fvodn\u00ed o\u010dek\u00e1v\u00e1n\u00ed <a class=\"mh-excerpt-more\" href=\"https:\/\/www.invarena.cz\/?p=22019\" title=\"Poutn\u00edci na Velehradu vedra zvl\u00e1dli, kolaps\u016f bylo m\u00e1lo\">[&#8230;]<\/a><\/p>\n<\/div>","protected":false},"author":1,"featured_media":7471,"comment_status":"open","ping_status":"closed","sticky":false,"template":"","format":"standard","meta":{"footnotes":""},"categories":[7],"tags":[],"class_list":["post-22019","post","type-post","status-publish","format-standard","has-post-thumbnail","hentry","category-spolecnost"],"_links":{"self":[{"href":"https:\/\/www.invarena.cz\/index.php?rest_route=\/wp\/v2\/posts\/22019","targetHints":{"allow":["GET"]}}],"collection":[{"href":"https:\/\/www.invarena.cz\/index.php?rest_route=\/wp\/v2\/posts"}],"about":[{"href":"https:\/\/www.invarena.cz\/index.php?rest_route=\/wp\/v2\/types\/post"}],"author":[{"embeddable":true,"href":"https:\/\/www.invarena.cz\/index.php?rest_route=\/wp\/v2\/users\/1"}],"replies":[{"embeddable":true,"href":"https:\/\/www.invarena.cz\/index.php?rest_route=%2Fwp%2Fv2%2Fcomments&post=22019"}],"version-history":[{"count":0,"href":"https:\/\/www.invarena.cz\/index.php?rest_route=\/wp\/v2\/posts\/22019\/revisions"}],"wp:featuredmedia":[{"embeddable":true,"href":"https:\/\/www.invarena.cz\/index.php?rest_route=\/wp\/v2\/media\/7471"}],"wp:attachment":[{"href":"https:\/\/www.invarena.cz\/index.php?rest_route=%2Fwp%2Fv2%2Fmedia&parent=22019"}],"wp:term":[{"taxonomy":"category","embeddable":true,"href":"https:\/\/www.invarena.cz\/index.php?rest_route=%2Fwp%2Fv2%2Fcategories&post=22019"},{"taxonomy":"post_tag","embeddable":true,"href":"https:\/\/www.invarena.cz\/index.php?rest_route=%2Fwp%2Fv2%2Ftags&post=22019"}],"curies":[{"name":"wp","href":"https:\/\/api.w.org\/{rel}","templated":true}]}}