{"id":22021,"date":"2015-07-07T11:14:18","date_gmt":"2015-07-07T09:14:18","guid":{"rendered":"http:\/\/www.invarena.cz\/?p=22021"},"modified":"2015-07-07T11:14:18","modified_gmt":"2015-07-07T09:14:18","slug":"nejvice-pracovnich-urazu-se-stava-zamestnancum-ve-veku-36-az-40-let-zjistil-statni-urad-inspekce-prace","status":"publish","type":"post","link":"https:\/\/www.invarena.cz\/?p=22021","title":{"rendered":"Nejv\u00edce pracovn\u00edch \u00faraz\u016f se st\u00e1v\u00e1 zam\u011bstnanc\u016fm ve v\u011bku 36 a\u017e 40 let, zjistil St\u00e1tn\u00ed \u00fa\u0159ad inspekce pr\u00e1ce"},"content":{"rendered":"<p><strong>Pond\u011bl\u00ed, des\u00e1t\u00e1 a\u017e jeden\u00e1ct\u00e1 hodina dopoledn\u00ed, zam\u011bstnanci ve v\u011bku 36 a\u017e 40 let. Pr\u00e1v\u011b tehdy a pr\u00e1v\u011b t\u00e9to v\u011bkov\u00e9 skupin\u011b se loni podle St\u00e1tn\u00edho \u00fa\u0159adu inspekce pr\u00e1ce stalo nejv\u00edc pracovn\u00edch \u00faraz\u016f. <\/strong><!--more--><\/p>\n<p>ilustra\u010dn\u00ed foto: Photoxpress<\/p>\n<p>\u00da\u0159ad, jeho\u017e hlavn\u00edm \u00fakolem je kontrolovat dodr\u017eov\u00e1n\u00ed povinnost\u00ed vypl\u00fdvaj\u00edc\u00edch z pr\u00e1vn\u00edch p\u0159edpis\u016f v\u010detn\u011b t\u011bch, kter\u00e9 se t\u00fdkaj\u00ed bezpe\u010dnosti a ochrany zdrav\u00ed p\u0159i pr\u00e1ci, si tento t\u00fdden p\u0159ipom\u00edn\u00e1 deset let \u010dinnosti.<\/p>\n<p>\u201eLoni bylo v \u010cesk\u00e9 republice zaznamen\u00e1no celkem 45 058 pracovn\u00edch \u00faraz\u016f s pracovn\u00ed neschopnost\u00ed. Oproti roku 2013 je to o 950 \u00faraz\u016f v\u00edce,\u201c uvedl gener\u00e1ln\u00ed inspektor Rudolf Hahn. \u201eNejv\u00edce z nich, celkem 35 432, co\u017e p\u0159edstavuje 86 procent celkov\u00e9ho po\u010dtu pracovn\u00edch \u00faraz\u016f, se stalo v d\u016fsledku \u0161patn\u011b nebo nedostate\u010dn\u011b odhadnut\u00e9ho rizika,\u201c doplnil. V roce 2014 do\u0161lo k 117 smrteln\u00fdm pracovn\u00edm \u00faraz\u016fm, co\u017e je \u010dty\u0159i v\u00edce ne\u017e v roce p\u0159ede\u0161l\u00e9m. N\u00e1r\u016fst je zp\u016fsoben zejm\u00e9na v\u011bt\u0161\u00edm po\u010dtem smrteln\u00fdch \u00faraz\u016f v p\u016fsobnosti \u010cesk\u00e9ho b\u00e1\u0148sk\u00e9ho \u00fa\u0159adu.<br \/>\nNej\u010dast\u011bj\u0161\u00edm zdrojem vzniku pracovn\u00edch \u00faraz\u016f jsou zejm\u00e9na r\u016fzn\u00e1 b\u0159emena, stavebn\u00ed materi\u00e1l, spojovac\u00ed \u010d\u00e1sti (h\u0159eb\u00edky, n\u00fdty), zem\u011bd\u011blsk\u00e9 v\u00fdrobky (v\u010detn\u011b semen, sl\u00e1my), skladovan\u00e9 v\u00fdrobky, zemina \u010di k\u00e1men. Ze Zpr\u00e1vy o pracovn\u00ed \u00farazovosti v roce 2014 St\u00e1tn\u00edho \u00fa\u0159adu inspekce pr\u00e1ce lze tak\u00e9 vy\u010d\u00edst, \u017ee nejv\u00edce zran\u011bn\u00fdch, celkem 5 773, bylo ve v\u011bku 36 a\u017e 40 let. N\u00e1sleduj\u00ed mlad\u00ed zam\u011bstnanci ve v\u011bku 21 a\u017e 25 let, pracovn\u00ed \u00faraz jich loni utrp\u011blo 5 120. Podle zji\u0161t\u011bn\u00ed inspektor\u016f je nejrizikov\u011bj\u0161\u00ed \u010d\u00e1st\u00ed dne des\u00e1t\u00e1 a\u017e jeden\u00e1ct\u00e1 hodina dopoledn\u00ed, kdy se stalo celkem 4 259 \u00faraz\u016f.<br \/>\nRizikov\u00fdm dnem je pond\u011bl\u00ed (8 772 \u00faraz\u016f), n\u00e1sledovan\u00e9 \u00fater\u00fdm (7 763 \u00faraz\u016f). Nejv\u00edce \u00faraz\u016f se loni stalo v m\u011bs\u00edci z\u00e1\u0159\u00ed (3 898 \u00faraz\u016f) a v \u0159\u00edjnu (3 791 \u00faraz\u016f). Naprost\u00e1 v\u011bt\u0161ina \u00faraz\u016f se stala zam\u011bstnanc\u016fm, kte\u0159\u00ed na dan\u00e9m pracovi\u0161ti pracovali krat\u0161\u00ed dobu ne\u017e jeden rok, loni \u0161lo o 11 916 \u00faraz\u016f.<br \/>\nSt\u00e1tn\u00ed \u00fa\u0159ad ale krom\u011b bezpe\u010dnosti pr\u00e1ce tak\u00e9 kontroluje pracovn\u00ed vztahy a podm\u00ednky a neleg\u00e1ln\u00ed zam\u011bstn\u00e1v\u00e1n\u00ed. V roce 2014 provedli inspekto\u0159i celkem 34 687 kontrol u 32 618 subjekt\u016f a ud\u011blili 3 595 pokut ve v\u00fd\u0161i t\u00e9m\u011b\u0159 304 milion\u016f korun. Podrobn\u011bj\u0161\u00ed informace lze zjistit ze Zpr\u00e1vy o \u010dinnosti St\u00e1tn\u00edho \u00fa\u0159adu inspekce pr\u00e1ce za rok 2014. <\/p>\n<p>Petr Hab\u00e1\u0148<br \/>\ntiskov\u00fd mluv\u010d\u00ed MPSV<\/p>\n","protected":false},"excerpt":{"rendered":"<div class=\"mh-excerpt\"><p>Pond\u011bl\u00ed, des\u00e1t\u00e1 a\u017e jeden\u00e1ct\u00e1 hodina dopoledn\u00ed, zam\u011bstnanci ve v\u011bku 36 a\u017e 40 let. Pr\u00e1v\u011b tehdy a pr\u00e1v\u011b t\u00e9to v\u011bkov\u00e9 skupin\u011b se loni podle St\u00e1tn\u00edho \u00fa\u0159adu <a class=\"mh-excerpt-more\" href=\"https:\/\/www.invarena.cz\/?p=22021\" title=\"Nejv\u00edce pracovn\u00edch \u00faraz\u016f se st\u00e1v\u00e1 zam\u011bstnanc\u016fm ve v\u011bku 36 a\u017e 40 let, zjistil St\u00e1tn\u00ed \u00fa\u0159ad inspekce pr\u00e1ce\">[&#8230;]<\/a><\/p>\n<\/div>","protected":false},"author":1,"featured_media":18323,"comment_status":"open","ping_status":"closed","sticky":false,"template":"","format":"standard","meta":{"footnotes":""},"categories":[7],"tags":[],"class_list":["post-22021","post","type-post","status-publish","format-standard","has-post-thumbnail","hentry","category-spolecnost"],"_links":{"self":[{"href":"https:\/\/www.invarena.cz\/index.php?rest_route=\/wp\/v2\/posts\/22021","targetHints":{"allow":["GET"]}}],"collection":[{"href":"https:\/\/www.invarena.cz\/index.php?rest_route=\/wp\/v2\/posts"}],"about":[{"href":"https:\/\/www.invarena.cz\/index.php?rest_route=\/wp\/v2\/types\/post"}],"author":[{"embeddable":true,"href":"https:\/\/www.invarena.cz\/index.php?rest_route=\/wp\/v2\/users\/1"}],"replies":[{"embeddable":true,"href":"https:\/\/www.invarena.cz\/index.php?rest_route=%2Fwp%2Fv2%2Fcomments&post=22021"}],"version-history":[{"count":0,"href":"https:\/\/www.invarena.cz\/index.php?rest_route=\/wp\/v2\/posts\/22021\/revisions"}],"wp:featuredmedia":[{"embeddable":true,"href":"https:\/\/www.invarena.cz\/index.php?rest_route=\/wp\/v2\/media\/18323"}],"wp:attachment":[{"href":"https:\/\/www.invarena.cz\/index.php?rest_route=%2Fwp%2Fv2%2Fmedia&parent=22021"}],"wp:term":[{"taxonomy":"category","embeddable":true,"href":"https:\/\/www.invarena.cz\/index.php?rest_route=%2Fwp%2Fv2%2Fcategories&post=22021"},{"taxonomy":"post_tag","embeddable":true,"href":"https:\/\/www.invarena.cz\/index.php?rest_route=%2Fwp%2Fv2%2Ftags&post=22021"}],"curies":[{"name":"wp","href":"https:\/\/api.w.org\/{rel}","templated":true}]}}