{"id":22029,"date":"2015-07-07T01:15:16","date_gmt":"2015-07-06T23:15:16","guid":{"rendered":"http:\/\/www.invarena.cz\/?p=22029"},"modified":"2015-07-07T15:16:52","modified_gmt":"2015-07-07T13:16:52","slug":"frantisek-kuna-stravi-cervenec-na-kole-jede-pro-svetlusku","status":"publish","type":"post","link":"https:\/\/www.invarena.cz\/?p=22029","title":{"rendered":"Franti\u0161ek Kuna str\u00e1v\u00ed \u010dervenec na kole. Jede pro Sv\u011btlu\u0161ku"},"content":{"rendered":"<p>Franti\u0161ek Kuna z Nov\u00e9ho Stra\u0161ec\u00ed se rozhodl aktivn\u011b podpo\u0159it projekt Jedeme pro Sv\u011btlu\u0161ku, jeho\u017e hlavn\u00edm c\u00edlem je vybrat pen\u00edze na po\u0159\u00edzen\u00ed tandemov\u00fdch kol pro konkr\u00e9tn\u00ed nevidom\u00e9 lidi, \u010di pen\u00edze d\u00e1t sdru\u017een\u00ed v p\u0159\u00edslu\u0161n\u00e9m kraji.<br \/>\n<!--more--><\/p>\n<p>&#8222;Myslel jsem, \u017ee to bude tro\u0161ku n\u011bco jin\u00e9ho, tedy \u017ee budu br\u00e1zdit na sv\u00e9m kole po zemi s\u00e1m, ale tohle je tak\u00e9 super,&#8220; \u0159ekl Franti\u0161ek Kuna s t\u00edm, \u017ee ka\u017ed\u00fd ujet\u00fd kilometr snad v r\u00e1mci mo\u017enost\u00ed pom\u016f\u017ee. Franti\u0161ka Kunu znaj\u00ed Novostra\u0161e\u010dt\u00ed z m\u00edstn\u00edho hokejbalov\u00e9ho klubu, kde \u0159adu let p\u016fsobil, nyn\u00ed je sportovn\u00edm redaktorem \u010cesk\u00e9ho rozhlasu. A nyn\u00ed br\u00e1zd\u00ed \u010ceskou republikou v sedle trojkola. <\/p>\n<p>&#8222;Je to nezvyk. P\u0159edev\u0161\u00edm mi vad\u00ed to, \u017ee nevid\u00edm p\u0159ed sebe, nav\u00edc statick\u00e1 \u0159\u00edd\u00edtka,&#8220; sd\u011blil Rakovnick\u00e9mu den\u00edku Franti\u0161ek Kuna. Ten se ani na m\u011bs\u00ed\u010dn\u00ed putov\u00e1n\u00ed na kole nikterak zvl\u00e1\u0161t\u011b nep\u0159ipravoval. &#8222;Netr\u00e9noval jsem. Bol\u00edm\u011b u\u017e zadek, ale to je norm\u00e1ln\u00ed,&#8220; sm\u00e1l se Franti\u0161ek Kuna po dvou etap\u00e1ch.<br \/>\nJeliko\u017e projekt Jedeme pro Sv\u011btlu\u0161ku je uskute\u010dn\u011bn na podporu nevidom\u00fdch, zkusil i on jet s\u00e1m potm\u011b. <\/p>\n<p>&#8222;Zkou\u0161el jsem zav\u0159\u00edt o\u010di asi na p\u016fl minuty. Je obdivuhodn\u00e9, jak dok\u00e1\u017e\u00ed nevidom\u00ed na tandemov\u00e9m kole jet. V\u0161e poznaj\u00ed, hlavn\u011b pak v\u011bci, nad kter\u00fdmi \u010dlov\u011bk v\u016fbec nep\u0159em\u00fd\u0161l\u00ed. Je to obdivuhodn\u00e9. S\u00e1m si nedok\u00e1\u017eu \u017eivot s takov\u00fdm handicapem v\u016fbec p\u0159edstavit,&#8220; poznamenal Franti\u0161ek Kuna.<br \/>\n&#8222;V\u011b\u0159\u00edme, \u017ee se n\u00e1m povede to stejn\u00e9, co Forrestu Gumpovi, a b\u011bhem letn\u00edch m\u011bs\u00edc\u016f se k n\u00e1m budou p\u0159ipojovat zn\u00e1m\u00ed i nezn\u00e1m\u00ed cyklist\u00e9 a my vytvo\u0159\u00edme skute\u010dn\u00fd peloton. Kdokoliv z poslucha\u010d\u016f se m\u016f\u017ee z\u00fa\u010dastnit tak\u00e9. Sta\u010d\u00ed jim jen poslouchat Radio\u017eurn\u00e1l nebo region\u00e1ln\u00ed vys\u00edl\u00e1n\u00ed \u010cesk\u00e9ho rozhlasu, aby v\u011bd\u011bli, kde se zrovna pos\u00e1dka projektu \u201aJedeme pro Sv\u011btlu\u0161ku\u2018 nach\u00e1z\u00ed,&#8220; uvedl koordin\u00e1tor projektu a programov\u00fd vedouc\u00ed Radio\u017eurn\u00e1lu Ond\u0159ej Suchan.<br \/>\nMapa cykloj\u00edzdy je k dispozici na webu \u010cesk\u00e9ho rozhlasu. C\u00edlem akce je podpo\u0159it nevidom\u00e9 cyklisty, kte\u0159\u00ed dok\u00e1\u017eou kr\u00e1su na\u0161\u00ed zem\u011b vn\u00edmat bez ohledu na sv\u016fj handicap. Sb\u00edrka Sv\u011btlu\u0161ka je otev\u0159en\u00e1 v\u0161em t\u011b\u017ece zrakov\u011b posti\u017een\u00fdm lidem v \u010cesk\u00e9 republice. O nada\u010dn\u00ed p\u0159\u00edsp\u011bvek m\u016f\u017ee po\u017e\u00e1dat jak\u00fdkoli jednotlivec s t\u011b\u017ekou ztr\u00e1tou zraku nebo kter\u00e1koli neziskov\u00e1 organizace poskytuj\u00edc\u00ed t\u011b\u017ece zrakov\u011b a kombinovan\u011b posti\u017een\u00fdm lidem odborn\u00e9 slu\u017eby na \u00fazem\u00ed na\u0161\u00ed republiky. Na rozd\u011blen\u00ed finan\u010dn\u00edch prost\u0159edk\u016f ze sb\u00edrky Sv\u011btlu\u0161ka dohl\u00ed\u017e\u00ed Rada nez\u00e1visl\u00fdch odborn\u00edk\u016f.<\/p>\n<p>MIROSLAV ELSNIC<br \/>\nRakovnick\u00fd den\u00edk<\/p>\n","protected":false},"excerpt":{"rendered":"<div class=\"mh-excerpt\"><p>Franti\u0161ek Kuna z Nov\u00e9ho Stra\u0161ec\u00ed se rozhodl aktivn\u011b podpo\u0159it projekt Jedeme pro Sv\u011btlu\u0161ku, jeho\u017e hlavn\u00edm c\u00edlem je vybrat pen\u00edze na po\u0159\u00edzen\u00ed tandemov\u00fdch kol pro konkr\u00e9tn\u00ed <a class=\"mh-excerpt-more\" href=\"https:\/\/www.invarena.cz\/?p=22029\" title=\"Franti\u0161ek Kuna str\u00e1v\u00ed \u010dervenec na kole. Jede pro Sv\u011btlu\u0161ku\">[&#8230;]<\/a><\/p>\n<\/div>","protected":false},"author":1,"featured_media":4795,"comment_status":"open","ping_status":"closed","sticky":false,"template":"","format":"standard","meta":{"footnotes":""},"categories":[9],"tags":[],"class_list":["post-22029","post","type-post","status-publish","format-standard","has-post-thumbnail","hentry","category-zpravy"],"_links":{"self":[{"href":"https:\/\/www.invarena.cz\/index.php?rest_route=\/wp\/v2\/posts\/22029","targetHints":{"allow":["GET"]}}],"collection":[{"href":"https:\/\/www.invarena.cz\/index.php?rest_route=\/wp\/v2\/posts"}],"about":[{"href":"https:\/\/www.invarena.cz\/index.php?rest_route=\/wp\/v2\/types\/post"}],"author":[{"embeddable":true,"href":"https:\/\/www.invarena.cz\/index.php?rest_route=\/wp\/v2\/users\/1"}],"replies":[{"embeddable":true,"href":"https:\/\/www.invarena.cz\/index.php?rest_route=%2Fwp%2Fv2%2Fcomments&post=22029"}],"version-history":[{"count":0,"href":"https:\/\/www.invarena.cz\/index.php?rest_route=\/wp\/v2\/posts\/22029\/revisions"}],"wp:featuredmedia":[{"embeddable":true,"href":"https:\/\/www.invarena.cz\/index.php?rest_route=\/wp\/v2\/media\/4795"}],"wp:attachment":[{"href":"https:\/\/www.invarena.cz\/index.php?rest_route=%2Fwp%2Fv2%2Fmedia&parent=22029"}],"wp:term":[{"taxonomy":"category","embeddable":true,"href":"https:\/\/www.invarena.cz\/index.php?rest_route=%2Fwp%2Fv2%2Fcategories&post=22029"},{"taxonomy":"post_tag","embeddable":true,"href":"https:\/\/www.invarena.cz\/index.php?rest_route=%2Fwp%2Fv2%2Ftags&post=22029"}],"curies":[{"name":"wp","href":"https:\/\/api.w.org\/{rel}","templated":true}]}}