{"id":22031,"date":"2015-07-08T14:11:08","date_gmt":"2015-07-08T12:11:08","guid":{"rendered":"http:\/\/www.invarena.cz\/?p=22031"},"modified":"2015-07-08T14:11:41","modified_gmt":"2015-07-08T12:11:41","slug":"penez-na-peci-o-seniory-a-postizene-je-o-dost-min","status":"publish","type":"post","link":"https:\/\/www.invarena.cz\/?p=22031","title":{"rendered":"Pen\u011bz na p\u00e9\u010di o seniory a posti\u017een\u00e9 je o dost m\u00ed\u0148"},"content":{"rendered":"<p><strong>Budou pen\u00edze na v\u00fdplaty? Chyst\u00e1 se propou\u0161t\u011bn\u00ed? Zm\u011bn\u00ed se rozsah \u010di dostupnost soci\u00e1ln\u00edch slu\u017eeb? To jsou ot\u00e1zky, kter\u00e9 v sou\u010dasn\u00e9 dob\u011b p\u00e1l\u00ed zam\u011bstnance poraden, domov\u016f pro seniory \u010di posti\u017een\u00e9, tedy p\u0159\u00edsp\u011bvkov\u00fdch organizac\u00ed, kter\u00fdm p\u0159isp\u00edv\u00e1 prost\u0159ednictv\u00edm kraje st\u00e1t.<\/strong><!--more--><\/p>\n<p> ilustra\u010dn\u00ed foto: Cohdra \/ MorgueFile<\/p>\n<p>Ten pro leto\u0161n\u00ed rok p\u0159\u00edsp\u011bvek Karlovarsk\u00e9mu kraji zkr\u00e1til o 53 milion\u016f korun. V cel\u00e9 republice chyb\u00ed na soci\u00e1ln\u00ed slu\u017eby t\u00e9m\u011b\u0159 t\u0159i \u010dtvrt\u011b miliardy. Kraje te\u010f napjat\u011b \u010dekaj\u00ed, zda se Ministerstvu pr\u00e1ce a soci\u00e1ln\u00edch v\u011bc\u00ed poda\u0159\u00ed pot\u0159ebn\u00e9 finance zajistit.<\/p>\n<p>&#8222;Boj\u00edm se o pr\u00e1ci. Kdy\u017e se mus\u00ed \u0161et\u0159it, je v\u017edy prvn\u00edm krokem propou\u0161t\u011bn\u00ed. Ale jde i o klienty. Ta pr\u00e1ce je velmi n\u00e1ro\u010dn\u00e1, \u010dasto i po psychick\u00e9 str\u00e1nce. Pokud bude m\u00e1lo person\u00e1lu, nebude p\u00e9\u010de kvalitn\u00ed,&#8220; uvedla soci\u00e1ln\u00ed pracovnice, kter\u00e1 si nep\u0159\u00e1la uv\u00e9st sv\u00e9 jm\u00e9no. <\/p>\n<p>&#8222;Kraj z\u00edskal od Ministerstva pr\u00e1ce a soci\u00e1ln\u00edch v\u011bc\u00ed \u010cesk\u00e9 republiky na zaji\u0161t\u011bn\u00ed soci\u00e1ln\u00edch slu\u017eeb v roce 2015 \u010d\u00e1stku ve v\u00fd\u0161i 257 milion\u016f korun. Po\u017eadavek na dotaci byl p\u0159itom ve v\u00fd\u0161i 310 milion\u016f. Je z\u0159ejm\u00e9, \u017ee chyb\u011bj\u00edc\u00ed \u010d\u00e1stka m\u016f\u017ee m\u00edt vliv na rozsah \u010di kvalitu poskytovan\u00fdch soci\u00e1ln\u00edch slu\u017eeb na \u00fazem\u00ed regionu,&#8220; p\u0159ipustila mluv\u010d\u00ed krajsk\u00e9ho \u00fa\u0159adu Veronika Severov\u00e1. Podle jej\u00edch slov je t\u0159eba, aby v nejbli\u017e\u0161\u00ed dob\u011b do\u0161lo k dohod\u011b mezi Ministerstvem pr\u00e1ce a soci\u00e1ln\u00edch v\u011bc\u00ed a Ministerstvem financ\u00ed o nav\u00fd\u0161en\u00ed prost\u0159edk\u016f na zaji\u0161t\u011bn\u00ed poskytov\u00e1n\u00ed soci\u00e1ln\u00edch slu\u017eeb. &#8222;Kraje by pak mohly tyto prost\u0159edky rozd\u011blit poskytovatel\u016fm soci\u00e1ln\u00edch slu\u017eeb nejpozd\u011bji v z\u00e1\u0159\u00ed leto\u0161n\u00edho roku,&#8220; uvedla Severov\u00e1. <\/p>\n<p>Podle krajsk\u00e9ho radn\u00edho pro soci\u00e1ln\u00ed oblast Miloslava \u010cerm\u00e1ka zat\u00edm nen\u00ed d\u016fvod k panice. &#8222;Ke zhroucen\u00ed p\u00e9\u010de nedojde. Nev\u00edm ani o \u017e\u00e1dn\u00e9m propou\u0161t\u011bn\u00ed z d\u016fvodu nedostatku financ\u00ed. P\u0159\u00edsp\u011bvek kraj pokr\u00e1til v\u0161em poskytovatel\u016fm soci\u00e1ln\u00edch slu\u017eeb. Douf\u00e1m, \u017ee n\u011bjak\u00e9 pen\u00edze je\u0161t\u011b p\u0159ijdou a budeme je moci p\u0159erozd\u011blit,&#8220; uvedl \u010cerm\u00e1k, kter\u00fd se jako z\u00e1stupce Karlovarsk\u00e9ho kraje v minul\u00fdch dnech z\u00fa\u010dastnil setk\u00e1n\u00ed hejtman\u016f s ministrem financ\u00ed Andrejem Babi\u0161em. &#8222;M\u00e1m z toho dobr\u00fd pocit, ministr byl vst\u0159\u00edcn\u00fd. N\u00e1vrh se bude ve vl\u00e1d\u011b projedn\u00e1vat p\u0159\u00ed\u0161t\u00ed t\u00fdden, tak snad to dopadne dob\u0159e,&#8220; doplnil \u010cerm\u00e1k. <\/p>\n<p>&#8222;Ud\u011blali jsme organiza\u010dn\u00ed zm\u011bny, pracujeme na zv\u00fd\u0161en\u00ed efektivity pr\u00e1ce a v p\u0159\u00edpad\u011b pot\u0159eby vyu\u017eijeme vlastn\u00ed rezervy. Pracujeme na tom, aby se v\u00fdpadek financ\u00ed na\u0161ich klient\u016f ani kvality slu\u017eeb nijak nedotkl,&#8220; podotkla \u0159editelka Domova pro seniory Skalka v Chebu Radka M\u00fcllerov\u00e1. Pro p\u0159\u00ed\u0161t\u00ed rok chce Karlovarsk\u00fd kraj po\u017e\u00e1dat o dotaci na soci\u00e1ln\u00ed slu\u017eby ve v\u00fd\u0161i 400 milion\u016f. &#8222;Na\u0159\u00edzen\u00edm vl\u00e1dy do\u0161lo k nav\u00fd\u0161en\u00ed mezd, zdra\u017eily se tak\u00e9 slu\u017eby,&#8220; vysv\u011btlil devades\u00e1timilionov\u00fd n\u00e1r\u016fst dotace Miloslav \u010cerm\u00e1k. &#8222;Zv\u00fd\u0161en\u00ed dotace je proto nevyhnuteln\u00e9.&#8220;<\/p>\n<p>Jitka Dolansk\u00e1<br \/>\nMlad\u00e1 fronta Dnes<\/p>\n","protected":false},"excerpt":{"rendered":"<div class=\"mh-excerpt\"><p>Budou pen\u00edze na v\u00fdplaty? Chyst\u00e1 se propou\u0161t\u011bn\u00ed? Zm\u011bn\u00ed se rozsah \u010di dostupnost soci\u00e1ln\u00edch slu\u017eeb? To jsou ot\u00e1zky, kter\u00e9 v sou\u010dasn\u00e9 dob\u011b p\u00e1l\u00ed zam\u011bstnance poraden, domov\u016f <a class=\"mh-excerpt-more\" href=\"https:\/\/www.invarena.cz\/?p=22031\" title=\"Pen\u011bz na p\u00e9\u010di o seniory a posti\u017een\u00e9 je o dost m\u00ed\u0148\">[&#8230;]<\/a><\/p>\n<\/div>","protected":false},"author":1,"featured_media":14577,"comment_status":"open","ping_status":"closed","sticky":false,"template":"","format":"standard","meta":{"footnotes":""},"categories":[1],"tags":[],"class_list":["post-22031","post","type-post","status-publish","format-standard","has-post-thumbnail","hentry","category-nezarazene"],"_links":{"self":[{"href":"https:\/\/www.invarena.cz\/index.php?rest_route=\/wp\/v2\/posts\/22031","targetHints":{"allow":["GET"]}}],"collection":[{"href":"https:\/\/www.invarena.cz\/index.php?rest_route=\/wp\/v2\/posts"}],"about":[{"href":"https:\/\/www.invarena.cz\/index.php?rest_route=\/wp\/v2\/types\/post"}],"author":[{"embeddable":true,"href":"https:\/\/www.invarena.cz\/index.php?rest_route=\/wp\/v2\/users\/1"}],"replies":[{"embeddable":true,"href":"https:\/\/www.invarena.cz\/index.php?rest_route=%2Fwp%2Fv2%2Fcomments&post=22031"}],"version-history":[{"count":0,"href":"https:\/\/www.invarena.cz\/index.php?rest_route=\/wp\/v2\/posts\/22031\/revisions"}],"wp:featuredmedia":[{"embeddable":true,"href":"https:\/\/www.invarena.cz\/index.php?rest_route=\/wp\/v2\/media\/14577"}],"wp:attachment":[{"href":"https:\/\/www.invarena.cz\/index.php?rest_route=%2Fwp%2Fv2%2Fmedia&parent=22031"}],"wp:term":[{"taxonomy":"category","embeddable":true,"href":"https:\/\/www.invarena.cz\/index.php?rest_route=%2Fwp%2Fv2%2Fcategories&post=22031"},{"taxonomy":"post_tag","embeddable":true,"href":"https:\/\/www.invarena.cz\/index.php?rest_route=%2Fwp%2Fv2%2Ftags&post=22031"}],"curies":[{"name":"wp","href":"https:\/\/api.w.org\/{rel}","templated":true}]}}