{"id":22042,"date":"2015-07-07T15:15:22","date_gmt":"2015-07-07T13:15:22","guid":{"rendered":"http:\/\/www.invarena.cz\/?p=22042"},"modified":"2015-07-07T15:15:33","modified_gmt":"2015-07-07T13:15:33","slug":"22042","status":"publish","type":"post","link":"https:\/\/www.invarena.cz\/?p=22042","title":{"rendered":"Vedra v posledn\u00edch dnech zam\u011bstnala zdravotn\u00edky ve Zl\u00ednsk\u00e9m kraji"},"content":{"rendered":"<p><strong>Vedra v posledn\u00edch dnech zam\u011bstnala zdravotn\u00edky ve Zl\u00ednsk\u00e9m kraji. V\u00edce pacient\u016f o\u0161et\u0159ila nap\u0159\u00edklad zl\u00ednsk\u00e1 krajsk\u00e1 nemocnice.<\/strong><!--more--><\/p>\n<p> Jen za prodlou\u017een\u00fd v\u00edkend pro\u0161lo ambulanc\u00ed intern\u00edho p\u0159\u00edjmu 82 pacient\u016f, z toho zhruba 20 s neurologick\u00fdmi pot\u00ed\u017eemi &#8211; c\u00e9vn\u00ed mozkovou p\u0159\u00edhodou, brn\u011bn\u00edm nohou \u010di z\u00e1vrat\u011bmi.<\/p>\n<p> Dal\u0161\u00ed pacienti skon\u010dili v ambulanci nap\u0159\u00edklad s kolapsy z horka, bolestmi hrudn\u00edku, du\u0161nost\u00ed a dehydratac\u00ed, \u0159ekla dnes \u010cTK mluv\u010d\u00ed zl\u00ednsk\u00e9 nemocnice Karla Havl\u00edkov\u00e1.<\/p>\n<p>    &#8222;Mnoz\u00ed z o\u0161et\u0159en\u00fdch museli b\u00fdt hospitalizov\u00e1ni, nap\u0159\u00edklad pacienti s c\u00e9vn\u00ed mozkovou p\u0159\u00edhodou, du\u0161nost\u00ed a tak\u00e9 n\u011bkolik hlavn\u011b star\u0161\u00edch lid\u00ed, kte\u0159\u00ed byli dehydrovan\u00ed. V\u011bt\u0161ina dehydrovan\u00fdch pacient\u016f dostala infuzi k zavodn\u011bn\u00ed, n\u011bkdy tak\u00e9 l\u00e9ky proti zvracen\u00ed, a po n\u011bkolika hodin\u00e1ch mohli j\u00edt dom\u016f,&#8220; uvedla mluv\u010d\u00ed.<br \/>\n    N\u011bkte\u0159\u00ed pacienti by v\u0161ak podle jej\u00edch slov m\u011bli pr\u00e1v\u011b kv\u016fli vedru zv\u00e1\u017eit, zda je nutn\u00e9, aby chodili k vy\u0161et\u0159en\u00ed. &#8222;N\u011bkdy skute\u010dn\u011b p\u0159ich\u00e1zej\u00ed s banalitami, a mnohdy pak v ambulanc\u00edch p\u0159i \u010dek\u00e1n\u00ed v horku kolabuj\u00ed,&#8220; poznamenala Havl\u00edkov\u00e1.<br \/>\n    U hospitalizovan\u00fdch pacient\u016f, zejm\u00e9na star\u0161\u00edch lid\u00ed, sleduj\u00ed v t\u011bchto dnech zdravotn\u00edci v\u00edce ne\u017e jindy p\u0159\u00edjem tekutin. &#8222;V pokoj\u00edch v\u011btraj\u00ed hlavn\u011b brzy r\u00e1no a pozd\u011b ve\u010der, kdy nen\u00ed venku u\u017e takov\u00e9 horko, p\u0159es den se sp\u00ed\u0161e n\u00e1razov\u011b otv\u00edr\u00e1 do pr\u016fvanu. V\u011bt\u0161ina budov v nemocnici je u\u017e zateplena a opat\u0159ena okny s venkovn\u00edmi \u017ealuziemi. Ty dostate\u010dn\u011b br\u00e1n\u00ed pr\u016fniku tepla,&#8220; uvedla Havl\u00edkov\u00e1.<br \/>\n    Pacienty s kolapsy z vedra p\u0159ijala o prodlou\u017een\u00e9m v\u00edkendu i Uherskohradi\u0161\u0165sk\u00e1 nemocnice. Jednu dehydrovanou pacientku p\u0159ivezli zdravotn\u00edci z nedalek\u00e9ho Velehradu, kde se konaly Dny lid\u00ed dobr\u00e9 v\u016fle. Nemocnice se kv\u016fli vedru mus\u00ed postarat i o sv\u00e9 zam\u011bstnance. &#8222;Ti, kte\u0159\u00ed pracuj\u00ed venku a nemaj\u00ed p\u0159\u00edstup ke kohoutkov\u00e9 vod\u011b, dost\u00e1vaj\u00ed denn\u011b p\u0159\u00edd\u011bl dvou a v\u00edce litr\u016f balen\u00e9 vody podle pot\u0159eby. Jedn\u00e1 se zejm\u00e9na o zahradn\u00edky, \u00fadr\u017eb\u00e1\u0159e, \u0161of\u00e9ry a pracovn\u00edky spalovny,&#8220; uvedla mluv\u010d\u00ed nemocnice Dana Lipovsk\u00e1.<br \/>\n    V loni otev\u0159en\u00e9m centr\u00e1ln\u00edm pavilonu je zavedena klimatizace. &#8222;Jinak imobiln\u00ed pacienti na l\u016f\u017ekov\u00fdch odd\u011blen\u00edch dost\u00e1vaj\u00ed zv\u00fd\u0161en\u00fd p\u0159\u00edjem tekutin, ostatn\u00ed jsou vyz\u00fdv\u00e1ni k tomu, aby v\u00edce pili &#8211; pokud jim to umo\u017e\u0148uje jejich zdravotn\u00ed stav &#8211; a person\u00e1l je kontroluje. V \u010dek\u00e1rn\u00e1ch u ambulanc\u00ed m\u00e1me um\u00edst\u011bny barely s pitnou vodou,&#8220; \u0159ekla Lipovsk\u00e1.<br \/>\n    N\u011bkolik pacient\u016f s dehydratac\u00ed \u010di kolapsov\u00fdm stavem o\u0161et\u0159ili i l\u00e9ka\u0159i Krom\u011b\u0159\u00ed\u017esk\u00e9 nemocnice. Krom\u011b toho ale museli podle mluv\u010d\u00ed nemocnice Veroniky Kl\u00edmov\u00e9 pomoci t\u0159eba i \u010dlov\u011bku, kter\u00fd se p\u0159i \u010di\u0161t\u011bn\u00ed baz\u00e9nu nad\u00fdchal chlorov\u00fdch chemik\u00e1li\u00ed. V\u00edce pr\u00e1ce v posledn\u00edch dnech m\u011bli tak\u00e9 z\u00e1chran\u00e1\u0159i v kraji, n\u00e1r\u016fst v\u00fdjezd\u016f byl oproti pr\u016fm\u011bru asi desetiprocentn\u00ed.<br \/>\n    Teploty v kraji by dnes podle meteorolog\u016f m\u011bly vystoupat a\u017e k 36 stup\u0148\u016fm Celsia. Ve st\u0159edu by v\u0161ak m\u011blo b\u00fdt obla\u010dno a\u017e zata\u017eeno, m\u00edsty bou\u0159ky, teploty by se m\u011bly pohybovat mezi 25 a\u017e 29 stupni.<\/p>\n","protected":false},"excerpt":{"rendered":"<div class=\"mh-excerpt\"><p>Vedra v posledn\u00edch dnech zam\u011bstnala zdravotn\u00edky ve Zl\u00ednsk\u00e9m kraji. V\u00edce pacient\u016f o\u0161et\u0159ila nap\u0159\u00edklad zl\u00ednsk\u00e1 krajsk\u00e1 nemocnice.<\/p>\n<\/div>","protected":false},"author":1,"featured_media":0,"comment_status":"open","ping_status":"closed","sticky":false,"template":"","format":"standard","meta":{"footnotes":""},"categories":[9],"tags":[],"class_list":["post-22042","post","type-post","status-publish","format-standard","hentry","category-zpravy"],"_links":{"self":[{"href":"https:\/\/www.invarena.cz\/index.php?rest_route=\/wp\/v2\/posts\/22042","targetHints":{"allow":["GET"]}}],"collection":[{"href":"https:\/\/www.invarena.cz\/index.php?rest_route=\/wp\/v2\/posts"}],"about":[{"href":"https:\/\/www.invarena.cz\/index.php?rest_route=\/wp\/v2\/types\/post"}],"author":[{"embeddable":true,"href":"https:\/\/www.invarena.cz\/index.php?rest_route=\/wp\/v2\/users\/1"}],"replies":[{"embeddable":true,"href":"https:\/\/www.invarena.cz\/index.php?rest_route=%2Fwp%2Fv2%2Fcomments&post=22042"}],"version-history":[{"count":0,"href":"https:\/\/www.invarena.cz\/index.php?rest_route=\/wp\/v2\/posts\/22042\/revisions"}],"wp:attachment":[{"href":"https:\/\/www.invarena.cz\/index.php?rest_route=%2Fwp%2Fv2%2Fmedia&parent=22042"}],"wp:term":[{"taxonomy":"category","embeddable":true,"href":"https:\/\/www.invarena.cz\/index.php?rest_route=%2Fwp%2Fv2%2Fcategories&post=22042"},{"taxonomy":"post_tag","embeddable":true,"href":"https:\/\/www.invarena.cz\/index.php?rest_route=%2Fwp%2Fv2%2Ftags&post=22042"}],"curies":[{"name":"wp","href":"https:\/\/api.w.org\/{rel}","templated":true}]}}