{"id":22043,"date":"2015-07-08T05:10:10","date_gmt":"2015-07-08T03:10:10","guid":{"rendered":"http:\/\/www.invarena.cz\/?p=22043"},"modified":"2015-07-08T05:10:10","modified_gmt":"2015-07-08T03:10:10","slug":"na-festivalu-predstavila-aktivity-aliance-zen-s-rakovinou-prsu","status":"publish","type":"post","link":"https:\/\/www.invarena.cz\/?p=22043","title":{"rendered":"Na festivalu p\u0159edstavila aktivity Aliance \u017een s rakovinou prsu"},"content":{"rendered":"<p><strong>Na problematiku rakoviny prsu, jej\u00ed diagnostiky i l\u00e9\u010dby upozornila na Mezin\u00e1rodn\u00edm filmov\u00e9m festivalu Karlovy Vary akce Aliance \u017een s rakovinou prsu. <\/strong><!--more--><\/p>\n<p>foto: marin-FreeDigitalPhotos<\/p>\n<p>Ta je leto\u0161n\u00edm neziskov\u00fdm partnerem festivalu. Aliance, kter\u00e1 zast\u0159e\u0161uje pacientsk\u00e9 organizace, tak cht\u011bla upozornit na pot\u0159ebnost prevence, kter\u00e1 m\u016f\u017ee zachr\u00e1nit \u017eivot.<\/p>\n<p>&#8222;Posledn\u00ed dobou jsme se za\u010dali v\u011bnovat kampan\u00edm, proto\u017ee se uk\u00e1zalo, \u017ee pacientky jsou ochotn\u00e9 se o sv\u00e9 zku\u0161enosti pod\u011blit. A to je velk\u00fd dar, kter\u00fd bychom r\u00e1di ve\u0159ejnosti poskytli. Na festivalu tak rozj\u00ed\u017ed\u00edme akci Ost\u0159e sledovan\u00e1 prsa, kdy se sna\u017e\u00edme ve spolupr\u00e1ci s pacientkami, a bylo n\u00e1s dnes okolo 50, aby manifestovaly to, \u017ee prevence je d\u016fle\u017eit\u00e1. A pokud ji d\u011bl\u00e1te, tak sice jde o \u017eivot, ale m\u016f\u017eete to vyhr\u00e1t,&#8220; \u0159ekla \u0159editelka aliance Eva Knappov\u00e1.<\/p>\n<p>P\u0159\u00edmo v prsn\u00edm d\u00f3mu naproti karlovarsk\u00e9 hlavn\u00ed po\u0161t\u011b si mohou z\u00e1jemci na figur\u00edn\u011b, takzvan\u00e9m prsn\u00edm fant\u00f3mu, vyzkou\u0161et, jak spr\u00e1v\u011b vy\u0161et\u0159it prsa, kdy a pro\u010d. K dispozici jsou na m\u00edst\u011b odborn\u00edci, kte\u0159\u00ed mohou odpov\u011bd\u011bt i na konkr\u00e9tn\u00ed ot\u00e1zky. &#8222;Lid\u00e9 tady dostanou maximum toho, co n\u00e1m jednou m\u016f\u017ee zachr\u00e1nit \u017eivot,&#8220; uvedla Knappov\u00e1. Ke st\u00e1nku l\u00e1k\u00e1 prsn\u00ed st\u011bna, sestaven\u00e1 ze 160 odlitk\u016f \u017eensk\u00fdch \u0148ader.<\/p>\n<p>Aliance uspo\u0159\u00e1dala Pochod pro radost a \u017eivot, kter\u00e9ho se \u00fa\u010dastnily samy \u017eeny, kter\u00e9 rakovinu prod\u011blaly, i p\u0159\u00edznivci. Na podporu aliance v podve\u010der vystoupil hudebn\u00edk Dan B\u00e1rta.<\/p>\n<p>Podle Knappov\u00e9 l\u00e9ka\u0159i v \u010cesku ro\u010dn\u011b diagnostikuj\u00ed 7000 a\u017e 8000 n\u00e1dor\u016f prsou ro\u010dn\u011b. A a\u010dkoli se nej\u010dast\u011bji vyskytuj\u00ed u \u017een ve v\u011bku 45 a\u017e 50 let, v posledn\u00ed dob\u011b p\u0159ib\u00fdvaj\u00ed i \u017eeny mlad\u0161\u00ed 40 let. Rakovina prsu ale m\u016f\u017ee postihnout i mu\u017ee.<\/p>\n<p>Aliance za\u0161ti\u0165uje 45 pacientsk\u00fdch organizac\u00ed, jej\u00edm c\u00edlem je poskytovat jim metodickou pomoc, koordinovat projekty a kampan\u011b ve prosp\u011bch prevence a l\u00e9\u010dby n\u00e1dorov\u00e9ho onemocn\u011bn\u00ed prsu a zastupovat je v\u016f\u010di st\u00e1tu i na mezin\u00e1rodn\u00edm poli.<\/p>\n","protected":false},"excerpt":{"rendered":"<div class=\"mh-excerpt\"><p>Na problematiku rakoviny prsu, jej\u00ed diagnostiky i l\u00e9\u010dby upozornila na Mezin\u00e1rodn\u00edm filmov\u00e9m festivalu Karlovy Vary akce Aliance \u017een s rakovinou prsu.<\/p>\n<\/div>","protected":false},"author":1,"featured_media":14166,"comment_status":"open","ping_status":"closed","sticky":false,"template":"","format":"standard","meta":{"footnotes":""},"categories":[17,11],"tags":[],"class_list":["post-22043","post","type-post","status-publish","format-standard","has-post-thumbnail","hentry","category-kultura","category-zdravi"],"_links":{"self":[{"href":"https:\/\/www.invarena.cz\/index.php?rest_route=\/wp\/v2\/posts\/22043","targetHints":{"allow":["GET"]}}],"collection":[{"href":"https:\/\/www.invarena.cz\/index.php?rest_route=\/wp\/v2\/posts"}],"about":[{"href":"https:\/\/www.invarena.cz\/index.php?rest_route=\/wp\/v2\/types\/post"}],"author":[{"embeddable":true,"href":"https:\/\/www.invarena.cz\/index.php?rest_route=\/wp\/v2\/users\/1"}],"replies":[{"embeddable":true,"href":"https:\/\/www.invarena.cz\/index.php?rest_route=%2Fwp%2Fv2%2Fcomments&post=22043"}],"version-history":[{"count":0,"href":"https:\/\/www.invarena.cz\/index.php?rest_route=\/wp\/v2\/posts\/22043\/revisions"}],"wp:featuredmedia":[{"embeddable":true,"href":"https:\/\/www.invarena.cz\/index.php?rest_route=\/wp\/v2\/media\/14166"}],"wp:attachment":[{"href":"https:\/\/www.invarena.cz\/index.php?rest_route=%2Fwp%2Fv2%2Fmedia&parent=22043"}],"wp:term":[{"taxonomy":"category","embeddable":true,"href":"https:\/\/www.invarena.cz\/index.php?rest_route=%2Fwp%2Fv2%2Fcategories&post=22043"},{"taxonomy":"post_tag","embeddable":true,"href":"https:\/\/www.invarena.cz\/index.php?rest_route=%2Fwp%2Fv2%2Ftags&post=22043"}],"curies":[{"name":"wp","href":"https:\/\/api.w.org\/{rel}","templated":true}]}}