{"id":22045,"date":"2015-07-10T11:17:42","date_gmt":"2015-07-10T09:17:42","guid":{"rendered":"http:\/\/www.invarena.cz\/?p=22045"},"modified":"2015-07-10T11:17:42","modified_gmt":"2015-07-10T09:17:42","slug":"v-plzni-bude-v-zari-druhy-velky-dobrovolnicky-festival-andel-fest","status":"publish","type":"post","link":"https:\/\/www.invarena.cz\/?p=22045","title":{"rendered":"V Plzni bude v z\u00e1\u0159\u00ed druh\u00fd velk\u00fd dobrovolnick\u00fd festival And\u011bl Fest"},"content":{"rendered":"<p>V Plzni se bude konat druh\u00fd ro\u010dn\u00edk festivalu And\u011bl Fest, kter\u00fd chce zviditelnit dobrovolnictv\u00ed, podpo\u0159it m\u00edstn\u00ed neziskov\u00e9 organizace a pe\u010dovat o ve\u0159ejn\u00fd prostor. Letos se uskute\u010dn\u00ed od 18. do 26. z\u00e1\u0159\u00ed jako sou\u010d\u00e1st projektu Evropsk\u00e9 hlavn\u00ed m\u011bsto kultury (EHMK).<br \/>\n<!--more--><\/p>\n<p>http:\/\/www.denik.cz\/hudba\/v-plzni-bude-v-zari-druhy-velky-dobrovolnicky-festival-andel-fest-20150708.html<\/p>\n","protected":false},"excerpt":{"rendered":"<div class=\"mh-excerpt\"><p>V Plzni se bude konat druh\u00fd ro\u010dn\u00edk festivalu And\u011bl Fest, kter\u00fd chce zviditelnit dobrovolnictv\u00ed, podpo\u0159it m\u00edstn\u00ed neziskov\u00e9 organizace a pe\u010dovat o ve\u0159ejn\u00fd prostor. Letos se <a class=\"mh-excerpt-more\" href=\"https:\/\/www.invarena.cz\/?p=22045\" title=\"V Plzni bude v z\u00e1\u0159\u00ed druh\u00fd velk\u00fd dobrovolnick\u00fd festival And\u011bl Fest\">[&#8230;]<\/a><\/p>\n<\/div>","protected":false},"author":1,"featured_media":8962,"comment_status":"open","ping_status":"closed","sticky":false,"template":"","format":"standard","meta":{"footnotes":""},"categories":[17],"tags":[],"class_list":["post-22045","post","type-post","status-publish","format-standard","has-post-thumbnail","hentry","category-kultura"],"_links":{"self":[{"href":"https:\/\/www.invarena.cz\/index.php?rest_route=\/wp\/v2\/posts\/22045","targetHints":{"allow":["GET"]}}],"collection":[{"href":"https:\/\/www.invarena.cz\/index.php?rest_route=\/wp\/v2\/posts"}],"about":[{"href":"https:\/\/www.invarena.cz\/index.php?rest_route=\/wp\/v2\/types\/post"}],"author":[{"embeddable":true,"href":"https:\/\/www.invarena.cz\/index.php?rest_route=\/wp\/v2\/users\/1"}],"replies":[{"embeddable":true,"href":"https:\/\/www.invarena.cz\/index.php?rest_route=%2Fwp%2Fv2%2Fcomments&post=22045"}],"version-history":[{"count":0,"href":"https:\/\/www.invarena.cz\/index.php?rest_route=\/wp\/v2\/posts\/22045\/revisions"}],"wp:featuredmedia":[{"embeddable":true,"href":"https:\/\/www.invarena.cz\/index.php?rest_route=\/wp\/v2\/media\/8962"}],"wp:attachment":[{"href":"https:\/\/www.invarena.cz\/index.php?rest_route=%2Fwp%2Fv2%2Fmedia&parent=22045"}],"wp:term":[{"taxonomy":"category","embeddable":true,"href":"https:\/\/www.invarena.cz\/index.php?rest_route=%2Fwp%2Fv2%2Fcategories&post=22045"},{"taxonomy":"post_tag","embeddable":true,"href":"https:\/\/www.invarena.cz\/index.php?rest_route=%2Fwp%2Fv2%2Ftags&post=22045"}],"curies":[{"name":"wp","href":"https:\/\/api.w.org\/{rel}","templated":true}]}}