{"id":22052,"date":"2015-07-09T11:43:20","date_gmt":"2015-07-09T09:43:20","guid":{"rendered":"http:\/\/www.invarena.cz\/?p=22052"},"modified":"2015-07-09T11:43:20","modified_gmt":"2015-07-09T09:43:20","slug":"cd-vozickari-vytvorili-novy-rekord-v-cestovani","status":"publish","type":"post","link":"https:\/\/www.invarena.cz\/?p=22052","title":{"rendered":"\u010cD: Voz\u00ed\u010dk\u00e1\u0159i vytvo\u0159ili nov\u00fd rekord v cestov\u00e1n\u00ed"},"content":{"rendered":"<p><strong>Lid\u00e9 upoutan\u00ed na voz\u00edk vytvo\u0159ili nov\u00fd cestovatelsk\u00fd rekord. Jen za prvn\u00edch \u0161est m\u011bs\u00edc\u016f cestovalo spoji \u010cesk\u00fdch drah 2 262 osob na voz\u00edku, kte\u0159\u00ed vyu\u017eili k objedn\u00e1n\u00ed p\u0159epravy nov\u00fd objedn\u00e1vkov\u00fd syst\u00e9m.<\/strong><br \/>\n<!--more--><\/p>\n<p>Oproti lo\u0148sk\u00e9mu prvn\u00edmu pololet\u00ed je to p\u0159ibli\u017en\u011b o 300 cestuj\u00edc\u00edch &#8211; voz\u00ed\u010dk\u00e1\u0159\u016f v\u00edce. Z\u00e1jem o cestov\u00e1n\u00ed voz\u00ed\u010dk\u00e1\u0159\u016f vlakem roste velmi prudce u\u017e n\u011bkolik let a v leto\u0161n\u00edm roce se po\u010det p\u0159epraven\u00fdch evidovan\u00fdch osob na voz\u00edku m\u016f\u017ee p\u0159ehoupnout dokonce p\u0159es hranici 5 000 za rok. Nav\u00edc v t\u011bchto po\u010dtech nejsou zahrnuty cesty voz\u00ed\u010dk\u00e1\u0159\u016f, kte\u0159\u00ed se neobjedn\u00e1vaj\u00ed. Obvykle se jedn\u00e1 o osoby, kter\u00e9 cestuj\u00ed mezi bezbari\u00e9rov\u00fdmi stanicemi v n\u00edzkopodla\u017en\u00edch vlac\u00edch, vyu\u017e\u00edvaj\u00ed lehk\u00e9 mechanick\u00e9 voz\u00edky a maj\u00ed pr\u016fvodce. <\/p>\n<p>&#8222;P\u0159ed dvaceti lety p\u0159epravovaly \u010cesk\u00e9 dr\u00e1hy kolem dvaceti cestuj\u00edc\u00edch na voz\u00edku za rok, dnes maj\u00ed takov\u00fd z\u00e1jem o cestov\u00e1n\u00ed, \u017ee stejn\u00fd po\u010det b\u011b\u017en\u011b p\u0159epravujeme za jeden jedin\u00fd den,&#8220; \u0159\u00edk\u00e1 Michal \u0160t\u011bp\u00e1n, \u010dlen p\u0159edstavenstva odpov\u011bdn\u00fd za osobn\u00ed dopravu, a dopl\u0148uje: &#8222;Podstatn\u00fd n\u00e1r\u016fst z\u00e1jmu voz\u00ed\u010dk\u00e1\u0159\u016f o cesty vlakem jsme zaznamenali v posledn\u00edch p\u011bti letech. B\u011bhem t\u00e9to doby jsme nasadili velk\u00e9 mno\u017estv\u00ed nov\u00fdch bezbari\u00e9rov\u00fdch vozidel, zna\u010dn\u00e1 \u010d\u00e1st z nich je dokonce n\u00edzkopodla\u017en\u00ed. Zat\u00edmco v roce 2008 jsme evidovali \u017e\u00e1dost o p\u0159epravu pouze od 222 voz\u00ed\u010dk\u00e1\u0159\u016f za cel\u00fd rok, loni jsme u\u017e p\u0159epravili 4 310 z\u00e1jemc\u016f o cestu vlakem, kte\u0159\u00ed nav\u00edc vyu\u017eili n\u00e1\u0161 nov\u00fd objedn\u00e1vkov\u00fd syst\u00e9m. Pokud bude pokra\u010dovat trend z prvn\u00edho pololet\u00ed leto\u0161n\u00edho roku, vytvo\u0159\u00ed cestuj\u00edc\u00ed na voz\u00edku nov\u00fd cestovatelsk\u00fd rekord s v\u00edce ne\u017e 5 000 cestami za rok.&#8220; K p\u0159ekon\u00e1n\u00ed v\u0161ech dosavadn\u00edch rekord\u016f v cestov\u00e1n\u00ed voz\u00ed\u010dk\u00e1\u0159\u016f nahr\u00e1vaj\u00ed posledn\u00ed \u010d\u00edsla za jejich p\u0159epravy. Jen b\u011bhem \u010dervna vyu\u017eilo slu\u017eeb \u010cesk\u00fdch drah 528 registrovan\u00fdch cestuj\u00edc\u00edch na voz\u00edku. Tak\u00e9 tento po\u010det je doslova rekordn\u00ed. Pokud by se zapo\u010d\u00edtaly tak\u00e9 neohl\u00e1\u0161en\u00e9 p\u0159epravy osob na voz\u00edku, pak by byla tato \u010d\u00edsla je\u0161t\u011b vy\u0161\u0161\u00ed. <\/p>\n<p>\u010cesk\u00e9 dr\u00e1hy vytrvale pracuj\u00ed na zp\u0159\u00edstupn\u011bn\u00ed \u017eeleznice osob\u00e1m upoutan\u00fdm na voz\u00edk. Mezi roky 2010 a 2015 zv\u00fd\u0161ily po\u010det sv\u00fdch bezbari\u00e9rov\u00fdch voz\u016f a souprav p\u0159ibli\u017en\u011b o 250 kus\u016f, z cca 350 na 600 (n\u00e1r\u016fst 70 %), a po\u010det bezbari\u00e9rov\u00fdch spoj\u016f v j\u00edzdn\u00edch \u0159\u00e1dech stoupl p\u0159ibli\u017en\u011b o 2 a p\u016fl tis\u00edce, z 2 122 na 4 612 vlak\u016f (n\u00e1r\u016fst o cca 117 %). Jednoduch\u00e9 vyhled\u00e1n\u00ed bezbari\u00e9rov\u00e9ho spojen\u00ed umo\u017e\u0148uje lidem na voz\u00edku tak\u00e9 speci\u00e1ln\u00ed po\u017eadavek v internetov\u00e9m ve vyhled\u00e1va\u010di vlakov\u00fdch spojen\u00ed na www.cd.cz. P\u0159i zad\u00e1n\u00ed po\u017eadavku &#8222;cestuj\u00edc\u00ed na voz\u00edku&#8220; najde syst\u00e9m pouze bezbari\u00e9rov\u00e9 vlaky. Ty jsou dnes zcela b\u011b\u017en\u011b vybaveny bezbari\u00e9rovou toaletou, klimatizac\u00ed, mnoh\u00e9 z nich tak\u00e9 el. z\u00e1suvkou 230 V pro nap\u00e1jen\u00ed drobn\u00e9 elektroniky cestuj\u00edc\u00edch a n\u011bkter\u00e9 dokonce wi-fi p\u0159ipojen\u00edm k internetu. Podrobn\u00e9 informace o vlac\u00edch, bezbari\u00e9rov\u00fdch spoj\u00edch, stanic\u00edch, p\u0159epravn\u00edch podm\u00ednk\u00e1ch nebo snadnou on-line objedn\u00e1vku p\u0159epravy je mo\u017en\u00e9 naj\u00edt na internetov\u00e9 adrese www.cd.cz\/bezprekazek. <\/p>\n<p>Rekordn\u00ed po\u010det cestuj\u00edc\u00edch na \u017eeleznici z \u0159ad osob na voz\u00edku nep\u0159ekvapuje V\u00e1clava Kr\u00e1su, p\u0159edsedu N\u00e1rodn\u00ed rady zdravotn\u011b posti\u017een\u00fdch: &#8222;V\u00edme, \u017ee lid\u00e9 na voz\u00edku cht\u011bj\u00ed \u017e\u00edt aktivn\u00ed, plnohodnotn\u00fd, ob\u010dansk\u00fd \u017eivot. Mezi z\u00e1kladn\u00ed p\u0159edpoklady naplnit ho podle sv\u00fdch p\u0159edstav je mo\u017enost cestov\u00e1n\u00ed. Na konkr\u00e9tn\u00edch v\u00fdsledc\u00edch \u010cesk\u00fdch drah je vid\u011bt, \u017ee investice do odstran\u011bn\u00ed bari\u00e9r v doprav\u011b to skute\u010dn\u011b umo\u017e\u0148uje a lid\u00e9 se zdravotn\u00edm handicapem toho vyu\u017e\u00edvaj\u00ed na sto procent. Cen\u00edme si, \u017ee \u010cesk\u00e9 dr\u00e1hy jako n\u00e1rodn\u00ed \u017eelezni\u010dn\u00ed dopravce s n\u00e1mi vedou velmi intenzivn\u00ed dialog a zp\u0159\u00edstupn\u011bn\u00ed \u017eeleznice se aktivn\u011b v\u011bnuj\u00ed. U\u017e p\u0159ibli\u017en\u011b dv\u011b t\u0159etiny vlak\u016f jsou bezbari\u00e9rov\u00e9 a odr\u00e1\u017e\u00ed se to v rostouc\u00edm z\u00e1jmu voz\u00ed\u010dk\u00e1\u0159\u016f a jejich spokojenosti p\u0159i cestov\u00e1n\u00ed vlakem. Je \u0161koda, \u017ee podobn\u011b zodpov\u011bdn\u00fdch dopravc\u016f v region\u00e1ln\u00ed i d\u00e1lkov\u00e9 doprav\u011b, hlavn\u011b z \u0159ad soukrom\u00fdch autobusov\u00fdch firem, nen\u00ed v\u00edce. Takto n\u00e1m, lidem na voz\u00edku, \u010dasto nezb\u00fdv\u00e1 ne\u017e cestovat pouze tam, kam jezd\u00ed \u010cesk\u00e9 dr\u00e1hy a n\u011bkolik dal\u0161\u00edch spole\u010densky odpov\u011bdn\u00fdch firem, kter\u00e9 po\u0159izuj\u00ed bezbari\u00e9rov\u00e1 vozidla.&#8220;<\/p>\n<p>Tiskov\u00e1 zpr\u00e1va \u010cesk\u00fdch drah<\/p>\n","protected":false},"excerpt":{"rendered":"<div class=\"mh-excerpt\"><p>Lid\u00e9 upoutan\u00ed na voz\u00edk vytvo\u0159ili nov\u00fd cestovatelsk\u00fd rekord. Jen za prvn\u00edch \u0161est m\u011bs\u00edc\u016f cestovalo spoji \u010cesk\u00fdch drah 2 262 osob na voz\u00edku, kte\u0159\u00ed vyu\u017eili k <a class=\"mh-excerpt-more\" href=\"https:\/\/www.invarena.cz\/?p=22052\" title=\"\u010cD: Voz\u00ed\u010dk\u00e1\u0159i vytvo\u0159ili nov\u00fd rekord v cestov\u00e1n\u00ed\">[&#8230;]<\/a><\/p>\n<\/div>","protected":false},"author":1,"featured_media":12141,"comment_status":"open","ping_status":"closed","sticky":false,"template":"","format":"standard","meta":{"footnotes":""},"categories":[7],"tags":[],"class_list":["post-22052","post","type-post","status-publish","format-standard","has-post-thumbnail","hentry","category-spolecnost"],"_links":{"self":[{"href":"https:\/\/www.invarena.cz\/index.php?rest_route=\/wp\/v2\/posts\/22052","targetHints":{"allow":["GET"]}}],"collection":[{"href":"https:\/\/www.invarena.cz\/index.php?rest_route=\/wp\/v2\/posts"}],"about":[{"href":"https:\/\/www.invarena.cz\/index.php?rest_route=\/wp\/v2\/types\/post"}],"author":[{"embeddable":true,"href":"https:\/\/www.invarena.cz\/index.php?rest_route=\/wp\/v2\/users\/1"}],"replies":[{"embeddable":true,"href":"https:\/\/www.invarena.cz\/index.php?rest_route=%2Fwp%2Fv2%2Fcomments&post=22052"}],"version-history":[{"count":0,"href":"https:\/\/www.invarena.cz\/index.php?rest_route=\/wp\/v2\/posts\/22052\/revisions"}],"wp:featuredmedia":[{"embeddable":true,"href":"https:\/\/www.invarena.cz\/index.php?rest_route=\/wp\/v2\/media\/12141"}],"wp:attachment":[{"href":"https:\/\/www.invarena.cz\/index.php?rest_route=%2Fwp%2Fv2%2Fmedia&parent=22052"}],"wp:term":[{"taxonomy":"category","embeddable":true,"href":"https:\/\/www.invarena.cz\/index.php?rest_route=%2Fwp%2Fv2%2Fcategories&post=22052"},{"taxonomy":"post_tag","embeddable":true,"href":"https:\/\/www.invarena.cz\/index.php?rest_route=%2Fwp%2Fv2%2Ftags&post=22052"}],"curies":[{"name":"wp","href":"https:\/\/api.w.org\/{rel}","templated":true}]}}