{"id":22053,"date":"2015-07-09T11:41:57","date_gmt":"2015-07-09T09:41:57","guid":{"rendered":"http:\/\/www.invarena.cz\/?p=22053"},"modified":"2015-07-09T11:41:57","modified_gmt":"2015-07-09T09:41:57","slug":"zrakove-postizenym-v-hranicich-pomaha-socialni-pracovnice","status":"publish","type":"post","link":"https:\/\/www.invarena.cz\/?p=22053","title":{"rendered":"Zrakov\u011b posti\u017een\u00fdm v Hranic\u00edch pom\u00e1h\u00e1 soci\u00e1ln\u00ed pracovnice"},"content":{"rendered":"<p><strong>U\u017e od prosince lo\u0148sk\u00e9ho roku vyu\u017e\u00edvaj\u00ed zrakov\u011b posti\u017een\u00ed obyvatel\u00e9 z Hranic a okol\u00ed slu\u017eby region\u00e1ln\u00edho st\u0159ediska TyfloCentrum P\u0159erov.<\/strong><br \/>\n<!--more--><\/p>\n<p>Zat\u00edm cestu do budovy Klubu senior\u016f Na N\u00e1spech na\u0161lo jen p\u00e1r lid\u00ed. Vyhledat pomoc mohou lid\u00e9 ka\u017ed\u00fd druh\u00fd a \u010dtvrt\u00fd p\u00e1tek od 8 do 10 hodin. TyfloCentrum nab\u00edz\u00ed bu\u010f odborn\u00e9 poradenstv\u00ed, kdy podporuje osoby se zrakovou vadou, aby se zorientovaly ve sv\u00e9 nep\u0159\u00edzniv\u00e9 situaci, hledaly a nach\u00e1zely jej\u00ed \u0159e\u0161en\u00ed, nebo soci\u00e1ln\u00ed rehabilitaci, kter\u00e1 vede k samostatnosti, nez\u00e1vislosti a sob\u011bsta\u010dnosti osob se zrakov\u00fdm posti\u017een\u00edm. <\/p>\n<p>Region\u00e1ln\u00ed soci\u00e1ln\u00ed pracovnice st\u0159ediska P\u0159erov se zam\u011b\u0159uje p\u0159edev\u0161\u00edm na pomoc lidem, kte\u0159\u00ed maj\u00ed \u010d\u00e1ste\u010dn\u00fd invalidn\u00ed d\u016fchod a hledaj\u00ed pr\u00e1ci. &#8222;Nepom\u00e1h\u00e1me jen nevidom\u00fdm osob\u00e1m, ale i slabozrak\u00fdm. Nap\u0159\u00edklad nevidom\u00fd m\u00e1 jin\u00e9 pot\u0159eby ne\u017e slabozrak\u00fd, kter\u00fd to m\u00e1 mnohdy slo\u017eit\u011bj\u0161\u00ed. Ti maj\u00ed v\u011bt\u0161inou \u010d\u00e1ste\u010dn\u00fd invalidn\u00ed d\u016fchod a jsou na tom finan\u010dn\u011b h\u016f\u0159. D\u016fchod je toti\u017e neu\u017eiv\u00ed, a proto hledaj\u00ed zam\u011bstn\u00e1n\u00ed. Nevidom\u00ed pro zm\u011bnu vyu\u017e\u00edvaj\u00ed poradenstv\u00ed nebo jim pom\u00e1h\u00e1me s kompenza\u010dn\u00edmi pom\u016fckami, vy\u0159izujeme za n\u011b dokumentaci a podobn\u011b,&#8220; pov\u011bd\u011bla Dagmar Sta\u0148kov\u00e1. <\/p>\n<p>Mo\u017enost vyp\u016fj\u010den\u00ed <\/p>\n<p>Pr\u00e1v\u011b kompenza\u010dn\u00ed pom\u016fcky si mohou lid\u00e9 vyp\u016fj\u010dit za ur\u010ditou z\u00e1lohu. Smyslem t\u00e9to dopl\u0148kov\u00e9 zdravotnick\u00e9 slu\u017eby je mo\u017enost do\u010dasn\u00e9ho zap\u016fj\u010den\u00ed n\u011bkter\u00e9 z pom\u016fcek, a to v p\u0159\u00edpad\u011b poruchy nebo v obdob\u00ed procesu vy\u0159izov\u00e1n\u00ed \u017e\u00e1dosti o p\u0159izn\u00e1n\u00ed p\u0159\u00edsp\u011bvku na jej\u00ed po\u0159\u00edzen\u00ed. <\/p>\n<p>Dagmar Sta\u0148kov\u00e1 nab\u00edz\u00ed tak\u00e9 kurzy na po\u010d\u00edta\u010di. &#8222;Nejd\u0159\u00edv za\u0159\u00edd\u00edm po\u010d\u00edta\u010d, mus\u00edm sehnat doporu\u010den\u00ed a vy\u0159\u00eddit v\u0161e pot\u0159ebn\u00e9 na \u00fa\u0159adu pr\u00e1ce, aby klient dostal danou kompenza\u010dn\u00ed pom\u016fcku. Lid\u00e9 na n\u011bj dost\u00e1vaj\u00ed dotace. Existuj\u00ed mluv\u00edc\u00ed po\u010d\u00edta\u010de pro nevidom\u00e9 nebo zv\u011bt\u0161ovac\u00ed pro slabozrak\u00e9. V\u00fduka prob\u00edh\u00e1 bu\u010f u klienta doma, kdy za n\u00edm doj\u00ed\u017ed\u00ed u\u010ditel, nebo on doj\u00ed\u017ed\u00ed do P\u0159erova za n\u00e1mi,&#8220; pokra\u010dovala soci\u00e1ln\u00ed pracovnice. <\/p>\n<p>C\u00edlem za\u0159\u00edzen\u00ed nov\u00e9ho region\u00e1ln\u00edho st\u0159ediska je roz\u0161\u00ed\u0159en\u00ed nab\u00eddky pot\u0159ebn\u00fdm. &#8222;Doj\u00ed\u017ed\u00edm do Hranic, abychom nab\u00eddli ambulantn\u00ed slu\u017eby. Je pravda, \u017ee zat\u00edm do\u0161li \u010dty\u0159i lid\u00e9. Ti chod\u00ed stabiln\u011b, d\u011bl\u00e1m jim asistenci a pom\u00e1h\u00e1m s probl\u00e9my, kter\u00e9 maj\u00ed. Jde sp\u00ed\u0161 o star\u0161\u00ed lidi. Ob\u010das se zde objev\u00ed i n\u011bkdo, kdo nem\u00e1 zrakovou vadu, kterou m\u00e1me v kompetenci,&#8220; pov\u011bd\u011bla Dagmar Sta\u0148kov\u00e1, kter\u00e1 pom\u00e1h\u00e1 nap\u0159\u00edklad p\u0159i vy\u0159izovan\u00ed karet ZTP nebo hled\u00e1n\u00ed slepeck\u00e9ho psa. <\/p>\n<p>&#8222;V P\u0159erov\u011b m\u00e1m ke dvaceti klient\u016fm. V Hranic\u00edch tuto slu\u017ebu teprve rozj\u00ed\u017ed\u00edme, chvilku trv\u00e1, ne\u017e si lid\u00e9 \u0159eknou a zvyknou si. V\u011b\u0159\u00edm ale, \u017ee na\u0161e slu\u017eby vyu\u017eije v\u00edce lid\u00ed,&#8220; dodala soci\u00e1ln\u00ed pracovnice Dagmar Sta\u0148kov\u00e1.<\/p>\n<p>P\u0159erovsk\u00fd a Hranick\u00fd den\u00edk<\/p>\n","protected":false},"excerpt":{"rendered":"<div class=\"mh-excerpt\"><p>U\u017e od prosince lo\u0148sk\u00e9ho roku vyu\u017e\u00edvaj\u00ed zrakov\u011b posti\u017een\u00ed obyvatel\u00e9 z Hranic a okol\u00ed slu\u017eby region\u00e1ln\u00edho st\u0159ediska TyfloCentrum P\u0159erov.<\/p>\n<\/div>","protected":false},"author":1,"featured_media":19083,"comment_status":"open","ping_status":"closed","sticky":false,"template":"","format":"standard","meta":{"footnotes":""},"categories":[7],"tags":[],"class_list":["post-22053","post","type-post","status-publish","format-standard","has-post-thumbnail","hentry","category-spolecnost"],"_links":{"self":[{"href":"https:\/\/www.invarena.cz\/index.php?rest_route=\/wp\/v2\/posts\/22053","targetHints":{"allow":["GET"]}}],"collection":[{"href":"https:\/\/www.invarena.cz\/index.php?rest_route=\/wp\/v2\/posts"}],"about":[{"href":"https:\/\/www.invarena.cz\/index.php?rest_route=\/wp\/v2\/types\/post"}],"author":[{"embeddable":true,"href":"https:\/\/www.invarena.cz\/index.php?rest_route=\/wp\/v2\/users\/1"}],"replies":[{"embeddable":true,"href":"https:\/\/www.invarena.cz\/index.php?rest_route=%2Fwp%2Fv2%2Fcomments&post=22053"}],"version-history":[{"count":0,"href":"https:\/\/www.invarena.cz\/index.php?rest_route=\/wp\/v2\/posts\/22053\/revisions"}],"wp:featuredmedia":[{"embeddable":true,"href":"https:\/\/www.invarena.cz\/index.php?rest_route=\/wp\/v2\/media\/19083"}],"wp:attachment":[{"href":"https:\/\/www.invarena.cz\/index.php?rest_route=%2Fwp%2Fv2%2Fmedia&parent=22053"}],"wp:term":[{"taxonomy":"category","embeddable":true,"href":"https:\/\/www.invarena.cz\/index.php?rest_route=%2Fwp%2Fv2%2Fcategories&post=22053"},{"taxonomy":"post_tag","embeddable":true,"href":"https:\/\/www.invarena.cz\/index.php?rest_route=%2Fwp%2Fv2%2Ftags&post=22053"}],"curies":[{"name":"wp","href":"https:\/\/api.w.org\/{rel}","templated":true}]}}