{"id":22060,"date":"2015-07-10T00:08:00","date_gmt":"2015-07-09T22:08:00","guid":{"rendered":"http:\/\/www.invarena.cz\/?p=22060"},"modified":"2015-07-10T00:08:00","modified_gmt":"2015-07-09T22:08:00","slug":"nrzp-zada-vznik-noveho-systemu-posuzovani-stavu","status":"publish","type":"post","link":"https:\/\/www.invarena.cz\/?p=22060","title":{"rendered":"NRZP \u017e\u00e1d\u00e1 vznik nov\u00e9ho syst\u00e9mu posuzov\u00e1n\u00ed stavu"},"content":{"rendered":"<p><strong>N\u00e1rodn\u00ed rada osob se zdravotn\u00edm posti\u017een\u00edm (NRZP) \u017e\u00e1d\u00e1 vytvo\u0159en\u00ed nov\u00e9ho syst\u00e9mu posuzov\u00e1n\u00ed stavu a z\u00e1vislosti lid\u00ed na pomoci. N\u00e1vrat k d\u0159\u00edv\u011bj\u0161\u00edmu modelu, kdy se u \u017eadatel\u016f o p\u0159\u00edsp\u011bvek na p\u00e9\u010di hodnotilo 36 krit\u00e9ri\u00ed m\u00edsto nyn\u011bj\u0161\u00edch deseti, podle veden\u00ed rady situaci nevy\u0159e\u0161\u00ed, \u0159ekl p\u0159edseda NRZP V\u00e1clav Kr\u00e1sa. <\/strong><br \/>\n<!--more--><\/p>\n<p>Ministerstvo pr\u00e1ce u\u017e d\u0159\u00edv uvedlo, \u017ee chyst\u00e1 ucelenou novelu o soci\u00e1ln\u00edch slu\u017eb\u00e1ch i p\u0159\u00edpadn\u00e9 zm\u011bny v posuzov\u00e1n\u00ed. <\/p>\n<p>Syst\u00e9m posuzov\u00e1n\u00ed a d\u00e1vek zm\u011bnila p\u0159ed n\u011bkolika lety reforma exministra Jarom\u00edra Dr\u00e1bka (TOP 09). D\u0159\u00edve p\u0159\u00edsp\u011bvky poskytovaly radnice, od roku 2012 \u00fa\u0159ady pr\u00e1ce. P\u016fvodn\u011b se hodnotilo 36 krit\u00e9ri\u00ed, nyn\u00ed des\u00edtka. Jeden\u00e1ct poslanc\u016f z opozi\u010dn\u00edch i koali\u010dn\u00edch stran te\u010f p\u0159ipravilo novelu, kter\u00e1 po\u010d\u00edt\u00e1 s n\u00e1vratem k 36 posuzovan\u00fdm bod\u016fm, a to od ledna p\u0159\u00ed\u0161t\u00edho roku. N\u00e1vrh projedn\u00e1 vl\u00e1da. Aby zm\u011bna platila, m\u011bl by ji schv\u00e1lit parlament a podepsat prezident.<\/p>\n<p>Rada posti\u017een\u00fdch i dal\u0161\u00ed organizace lid\u00ed s handicapem kritizovaly u\u017e p\u016fvodn\u00ed syst\u00e9m. Podle nich nebral ohled nap\u0159\u00edklad na lidi s autismem \u010di du\u0161evn\u00edmi chorobami. Kritiku skl\u00edz\u00ed i nyn\u011bj\u0161\u00ed model a rozhodov\u00e1n\u00ed posudkov\u00fdch l\u00e9ka\u0159\u016f.<\/p>\n<p>\u201eN\u00e1vrat k 36 krit\u00e9ri\u00edm nen\u00ed cesta. P\u0159edstavitel\u00e9 \u0159ady organizac\u00ed to vid\u00ed jako probl\u00e9m. Tehdy to m\u011bly na starosti obce a posuzovali to soci\u00e1ln\u00ed pracovn\u00edci se znalost\u00ed situace jednotliv\u00fdch \u017eadatel\u016f, te\u010f to d\u011blaj\u00ed \u00fa\u0159ady pr\u00e1ce a posudkov\u00ed l\u00e9ka\u0159i. Jen by to p\u0159ineslo organiza\u010dn\u00ed zmatky. Pot\u0159eba je syst\u00e9m zm\u011bnit,\u201c uvedl Kr\u00e1sa. M\u00edn\u00ed, \u017ee by se rozhodov\u00e1n\u00ed prodlou\u017eilo.<\/p>\n<p>Podle NRZP by se m\u011bl \u0159e\u0161it hlavn\u011b zp\u016fsob posuzov\u00e1n\u00ed, kter\u00e9 by m\u011blo b\u00fdt \u201et\u00fdmov\u00e9\u201c. Pod\u00edlet by se na n\u011bm m\u011bl krom\u011b soci\u00e1ln\u00edho pracovn\u00edka a posudkov\u00e9ho l\u00e9ka\u0159e tak\u00e9 ergoterapeut a psycholog \u010di psychiatr. Hodnocen\u00ed by se m\u011blo zam\u011b\u0159it i na pot\u0159ebnost slu\u017eeb. \u201eVelk\u00fd probl\u00e9m je p\u0159edev\u0161\u00edm v syst\u00e9mu posuzov\u00e1n\u00ed a skute\u010dnosti, \u017ee ministerstvo pr\u00e1ce dostate\u010dn\u011b rychle nep\u0159ipravuje nov\u00fd zp\u016fsob posuzov\u00e1n\u00ed m\u00edry z\u00e1vislosti,\u201c uvedl Kr\u00e1sa.<\/p>\n<p>Ministerstvo pr\u00e1ce loni v polovin\u011b listopadu vydalo nov\u00e1 pravidla, podle nich\u017e maj\u00ed \u00fa\u0159ady p\u0159i hodnocen\u00ed postupovat. Syst\u00e9m se ale nezm\u011bnil. Ministryn\u011b Michaela Marksov\u00e1 (\u010cSSD) u\u017e d\u0159\u00edv \u0159ekla, \u017ee se chyst\u00e1 ucelen\u00e1 novela o soci\u00e1ln\u00edch slu\u017eb\u00e1ch. Obsahovat by mohla i \u00fapravu modelu posuzov\u00e1n\u00ed.<\/p>\n<p>Podle poslankyn\u011b Jany Hnykov\u00e9 (\u00dasvit), kter\u00e1 n\u00e1pad vr\u00e1tit se k 36 krit\u00e9ri\u00edm za\u010dala prosazovat, by navr\u017een\u00e1 poslaneck\u00e1 novela dvou paragraf\u016f ale situaci zlep\u0161ila a zp\u016fsobila by m\u00e9n\u011b probl\u00e9m\u016f ne\u017e vytvo\u0159en\u00ed \u00fapln\u011b nov\u00e9ho zp\u016fsobu. Na podporu zm\u011bn vznikla i petice, kterou podepsalo t\u00e9m\u011b\u0159 11.400 lid\u00ed.<\/p>\n","protected":false},"excerpt":{"rendered":"<div class=\"mh-excerpt\"><p>N\u00e1rodn\u00ed rada osob se zdravotn\u00edm posti\u017een\u00edm (NRZP) \u017e\u00e1d\u00e1 vytvo\u0159en\u00ed nov\u00e9ho syst\u00e9mu posuzov\u00e1n\u00ed stavu a z\u00e1vislosti lid\u00ed na pomoci. N\u00e1vrat k d\u0159\u00edv\u011bj\u0161\u00edmu modelu, kdy se u <a class=\"mh-excerpt-more\" href=\"https:\/\/www.invarena.cz\/?p=22060\" title=\"NRZP \u017e\u00e1d\u00e1 vznik nov\u00e9ho syst\u00e9mu posuzov\u00e1n\u00ed stavu\">[&#8230;]<\/a><\/p>\n<\/div>","protected":false},"author":1,"featured_media":2556,"comment_status":"open","ping_status":"closed","sticky":false,"template":"","format":"standard","meta":{"footnotes":""},"categories":[6],"tags":[],"class_list":["post-22060","post","type-post","status-publish","format-standard","has-post-thumbnail","hentry","category-politika"],"_links":{"self":[{"href":"https:\/\/www.invarena.cz\/index.php?rest_route=\/wp\/v2\/posts\/22060","targetHints":{"allow":["GET"]}}],"collection":[{"href":"https:\/\/www.invarena.cz\/index.php?rest_route=\/wp\/v2\/posts"}],"about":[{"href":"https:\/\/www.invarena.cz\/index.php?rest_route=\/wp\/v2\/types\/post"}],"author":[{"embeddable":true,"href":"https:\/\/www.invarena.cz\/index.php?rest_route=\/wp\/v2\/users\/1"}],"replies":[{"embeddable":true,"href":"https:\/\/www.invarena.cz\/index.php?rest_route=%2Fwp%2Fv2%2Fcomments&post=22060"}],"version-history":[{"count":0,"href":"https:\/\/www.invarena.cz\/index.php?rest_route=\/wp\/v2\/posts\/22060\/revisions"}],"wp:featuredmedia":[{"embeddable":true,"href":"https:\/\/www.invarena.cz\/index.php?rest_route=\/wp\/v2\/media\/2556"}],"wp:attachment":[{"href":"https:\/\/www.invarena.cz\/index.php?rest_route=%2Fwp%2Fv2%2Fmedia&parent=22060"}],"wp:term":[{"taxonomy":"category","embeddable":true,"href":"https:\/\/www.invarena.cz\/index.php?rest_route=%2Fwp%2Fv2%2Fcategories&post=22060"},{"taxonomy":"post_tag","embeddable":true,"href":"https:\/\/www.invarena.cz\/index.php?rest_route=%2Fwp%2Fv2%2Ftags&post=22060"}],"curies":[{"name":"wp","href":"https:\/\/api.w.org\/{rel}","templated":true}]}}