{"id":22075,"date":"2015-07-10T13:06:41","date_gmt":"2015-07-10T11:06:41","guid":{"rendered":"http:\/\/www.invarena.cz\/?p=22075"},"modified":"2015-07-10T13:07:19","modified_gmt":"2015-07-10T11:07:19","slug":"zacal-masters-of-rock","status":"publish","type":"post","link":"https:\/\/www.invarena.cz\/?p=22075","title":{"rendered":"Za\u010dal Masters of Rock"},"content":{"rendered":"<p><strong>Za\u010dal festival Masters of Rock. Metalov\u00e1 hudba ovl\u00e1dne Vizovice na Zl\u00ednsku a\u017e do p\u016flnoci z ned\u011ble na pond\u011bl\u00ed. V\u00fdhradn\u011b pro voz\u00ed\u010dk\u00e1\u0159e je k dispozici speci\u00e1ln\u00ed rampa.<\/strong><!--more--><\/p>\n<p>\u010cesk\u00e1 televize <\/p>\n<p>Z cel\u00e9ho sv\u011bta p\u0159ijede za obl\u00edben\u00fdmi kapelami a\u017e 25 tis\u00edc fanou\u0161k\u016f. <\/p>\n<p>Podle po\u0159adatele a jeho aktu\u00e1ln\u00edho sledov\u00e1n\u00ed u\u017e do Vizovic dorazilo na 20 tis\u00edc fanou\u0161k\u016f. Vid\u011bli jsme auta zna\u010dek z Ma\u010farska, z Polska, sly\u0161eli jsme tady n\u011bm\u010dinu, sly\u0161eli jsme ru\u0161tinu a samoz\u0159ejm\u011b \u010de\u0161tinu a ti fanou\u0161ci jsou v\u0161ech v\u011bkov\u00fdch kategori\u00ed, od mal\u00fdch d\u011bt\u00ed a\u017e po seniory.<\/p>\n<p>T\u011bch policist\u00e9 tady bude 40 p\u0159es den, 40 v\u017edycky v noci, p\u0159ed chv\u00edl\u00ed tady kolem n\u00e1s projela hl\u00eddka na kon\u00edch, budou tady doprav\u00e1ci, bude se hl\u00eddat v\u0161echny stanov\u00e1 m\u011bste\u010dka proti kr\u00e1de\u017e\u00edm a co je takov\u00e1 speci\u00e1ln\u00ed slu\u017eba pro m\u00edstn\u00ed n\u00e1v\u0161t\u011bvn\u00edky, tak je, \u017ee si m\u016f\u017eou zaj\u00edt na zdej\u0161\u00ed obvodn\u00ed odd\u011blen\u00ed policie a v pr\u016fb\u011bhu cel\u00e9ho festivalu si zdarma zkontrolovat, jestli maj\u00ed v po\u0159\u00e1d je\u0161t\u011b v dechu alkohol a jestli mohou \u0159\u00eddit, nebo ne. <\/p>\n<p>Vizovice b\u011b\u017en\u011b 5 tis\u00edc obyvatel, te\u010f na 4 dny 25 a\u017e 30 tis\u00edc. Setk\u00e1n\u00ed s p\u0159\u00e1teli, p\u0159\u00edle\u017eitost p\u0159edv\u00e9st bizarn\u00ed kost\u00fdmy, ale hlavn\u011b hudba. Na 50 kapel z cel\u00e9ho sv\u011bta, v\u0161echny odno\u017ee tvrd\u00e9 muziky. Leto\u0161n\u00ed hlavn\u00ed hv\u011bzda, fin\u0161t\u00ed Nightwish. Po americk\u00e9m turn\u00e9 jejich prvn\u00ed leto\u0161n\u00ed koncert v Evrop\u011b.<\/p>\n<p>Ji\u0159\u00ed DARON, \u0159editel, Masters of Rock:Je to pro n\u011b kultovn\u00ed festival, stejn\u011b jako je nejv\u011bt\u0161\u00ed metalov\u00fd festival ve Wackenu, jako je t\u0159eba v D\u00e1nsku Roskilde.<\/p>\n<p>200 tis\u00edc watt\u016f hudebn\u00edho v\u00fdkonu a\u017e do ned\u011ble. Poka\u017ed\u00e9 do 2 r\u00e1no, d\u00edky v\u00fdjimce s hlukov\u00e9 vyhl\u00e1\u0161ky. Kdo metal nemus\u00ed, z Vizovic odjel. Dal\u0161\u00ed vyd\u011bl\u00e1vaj\u00ed, t\u0159eba restaurace za t\u00fdden tolik, co ve zbytku roku.<\/p>\n<p>Alena HAN\u00c1KOV\u00c1, m\u00edstostarostka, Vizovice \/TOP 09\/:\u010c\u00edm bohat\u0161\u00ed budou lid\u00e9 v na\u0161em m\u011bst\u011b, t\u00edm bohat\u0161\u00ed bude cel\u00e9 m\u011bsto.<\/p>\n<p>Jana BER\u00c1NKOV\u00c1, n\u00e1v\u0161t\u011bvnice festivalu:Pro m\u011b je to dovolen\u00e1, je tady \u00fa\u017easn\u00e1 atmosf\u00e9ra, skv\u011bl\u00fd kapely.<\/p>\n<p>I takto vypad\u00e1 vizovick\u00e1 tolerance, speci\u00e1ln\u00ed rampa v\u00fdhradn\u011b pro voz\u00ed\u010dk\u00e1\u0159e.<\/p>\n<p>Mark\u00e9ta KUB\u00cdNOV\u00c1, n\u00e1v\u0161t\u011bvnice festivalu:Kdyby nebylo t\u00fd rampy, tak my voz\u00ed\u010dk\u00e1\u0159i nem\u00e1me \u0161anci se n\u011bkam dostat a u\u017e v\u016fbec vid\u011bt ty kapely.<\/p>\n<p>Ur\u010dit\u011b to ale nebudou 4 dny bez probl\u00e9m\u016f. V are\u00e1lu je p\u0159ipravena mal\u00e1 poln\u00ed nemocnice, stejn\u011b jako u silnic policejn\u00ed hl\u00eddky. Metal ale Vizovice nevykolej\u00ed. Za 13 let festivalu si ob\u011b strany k sob\u011b na\u0161ly cestu. <\/p>\n<p>\u010cesk\u00e1 televize <\/p>\n","protected":false},"excerpt":{"rendered":"<div class=\"mh-excerpt\"><p>Za\u010dal festival Masters of Rock. Metalov\u00e1 hudba ovl\u00e1dne Vizovice na Zl\u00ednsku a\u017e do p\u016flnoci z ned\u011ble na pond\u011bl\u00ed. V\u00fdhradn\u011b pro voz\u00ed\u010dk\u00e1\u0159e je k dispozici speci\u00e1ln\u00ed <a class=\"mh-excerpt-more\" href=\"https:\/\/www.invarena.cz\/?p=22075\" title=\"Za\u010dal Masters of Rock\">[&#8230;]<\/a><\/p>\n<\/div>","protected":false},"author":1,"featured_media":14145,"comment_status":"open","ping_status":"closed","sticky":false,"template":"","format":"standard","meta":{"footnotes":""},"categories":[9],"tags":[],"class_list":["post-22075","post","type-post","status-publish","format-standard","has-post-thumbnail","hentry","category-zpravy"],"_links":{"self":[{"href":"https:\/\/www.invarena.cz\/index.php?rest_route=\/wp\/v2\/posts\/22075","targetHints":{"allow":["GET"]}}],"collection":[{"href":"https:\/\/www.invarena.cz\/index.php?rest_route=\/wp\/v2\/posts"}],"about":[{"href":"https:\/\/www.invarena.cz\/index.php?rest_route=\/wp\/v2\/types\/post"}],"author":[{"embeddable":true,"href":"https:\/\/www.invarena.cz\/index.php?rest_route=\/wp\/v2\/users\/1"}],"replies":[{"embeddable":true,"href":"https:\/\/www.invarena.cz\/index.php?rest_route=%2Fwp%2Fv2%2Fcomments&post=22075"}],"version-history":[{"count":0,"href":"https:\/\/www.invarena.cz\/index.php?rest_route=\/wp\/v2\/posts\/22075\/revisions"}],"wp:featuredmedia":[{"embeddable":true,"href":"https:\/\/www.invarena.cz\/index.php?rest_route=\/wp\/v2\/media\/14145"}],"wp:attachment":[{"href":"https:\/\/www.invarena.cz\/index.php?rest_route=%2Fwp%2Fv2%2Fmedia&parent=22075"}],"wp:term":[{"taxonomy":"category","embeddable":true,"href":"https:\/\/www.invarena.cz\/index.php?rest_route=%2Fwp%2Fv2%2Fcategories&post=22075"},{"taxonomy":"post_tag","embeddable":true,"href":"https:\/\/www.invarena.cz\/index.php?rest_route=%2Fwp%2Fv2%2Ftags&post=22075"}],"curies":[{"name":"wp","href":"https:\/\/api.w.org\/{rel}","templated":true}]}}