{"id":22079,"date":"2015-07-12T06:15:26","date_gmt":"2015-07-12T04:15:26","guid":{"rendered":"http:\/\/www.invarena.cz\/?p=22079"},"modified":"2015-07-12T06:15:26","modified_gmt":"2015-07-12T04:15:26","slug":"vysmate-leto-v-kadani-zbirka-hruza-koller-mandrage-fixa","status":"publish","type":"post","link":"https:\/\/www.invarena.cz\/?p=22079","title":{"rendered":"Vysm\u00e1t\u00e9 l\u00e9to v Kadani: \u017dbirka, Hr\u016fza, Koller, Mandrage, fiXa"},"content":{"rendered":"<p><strong>Popul\u00e1rn\u00ed hudebn\u00ed festival vych\u00e1z\u00ed vst\u0159\u00edc voz\u00ed\u010dk\u00e1\u0159\u016fm. I t\u00edm je v kraji unik\u00e1tn\u00ed<\/strong><!--more--><\/p>\n<p>Kada\u0148 \u2013 V p\u0159edprodeji stoj\u00ed 600 K\u010d v s\u00edti Ticketstream, na m\u00edst\u011b 700 korun. To jsou ceny, za kter\u00e9 lze po\u0159\u00eddit vstupenky na leto\u0161n\u00ed festival Vysm\u00e1t\u00e9 l\u00e9to v Kadani. Je ji\u017e za t\u00fdden, tedy v sobotu 18. \u010dervence. Jeho 12. ro\u010dn\u00edk l\u00e1k\u00e1 na hv\u011bzdy jako je David Koller, Miro \u017dbirka, Mandrage, Michal Hr\u016fza, XindlX\u010di Vypsan\u00e1 fiXa.<br \/>\nHost\u00ed ho op\u011bt p\u011bkn\u00fd are\u00e1l; z jedn\u00e9 strany ho lemuje \u0159eka Oh\u0159e, z druh\u00e9 Kada\u0148sk\u00fd hrad.<\/p>\n<p>Akce je bez bari\u00e9r<\/p>\n<p>Letos tak\u00e9 bude sou\u010d\u00e1st\u00ed projektu Staropramen Festivaly bez Z\u00e1bran. A d\u00edky t\u00e9to aktivit\u011b se festivalov\u00fd are\u00e1l stane bezbari\u00e9rov\u00fdm.<br \/>\n&#8222;P\u0159ed hlavn\u00edm p\u00f3diem vyroste vyv\u00fd\u0161en\u00e1 platforma s n\u00e1jezdovou rampou pro voz\u00ed\u010dk\u00e1\u0159e. Z n\u00ed bude mo\u017en\u00e9 pohodln\u011b sledovat d\u011bn\u00ed na sc\u00e9n\u011b. Are\u00e1l je vsazen do centra m\u011bsta a t\u00e9m\u011b\u0159 cel\u00fd na asfaltu. H\u016f\u0159e dostupn\u00e1 z\u00e1kout\u00ed budou zp\u0159\u00edstupn\u011bna n\u00e1jezdy, stejn\u011b jako VIP prostor, stany a st\u00e1nky s ob\u010derstven\u00edm a n\u00e1poji. V are\u00e1lu bude speci\u00e1ln\u011b vy\u010dlen\u011bn\u00e9 parkovi\u0161t\u011b, av\u0161ak s omezen\u00fdm po\u010dtem m\u00edst p\u0159\u00edmo v backstage festivalu. Um\u00edst\u011bn\u00ed bezbari\u00e9rov\u00e9 toalety je samoz\u0159ejmost\u00ed,&#8220; slibuje Ji\u0159\u00ed Knop, jeden z po\u0159adatel\u016f.<\/p>\n<p>Voz\u00ed\u010dk\u00e1\u0159i zdarma<\/p>\n<p>Hendikepovan\u00fdm na voz\u00ed\u010dku nab\u00edz\u00ed akce vstup zdarma. &#8222;Ohledn\u011b parkov\u00e1n\u00ed i vstup\u016f pros\u00edme o registraci p\u0159edem, abychom maxim\u00e1ln\u011b usnadnit p\u0159\u00edjezd na festival a vy\u010dlenili pat\u0159i\u010dn\u00fd po\u010det m\u00edst pro parkov\u00e1n\u00ed. Registrovat se m\u016f\u017eete sle\u010dn\u011b H\u00e1jkov\u00e9 na info@festivalybezzabran.cz,&#8220; uv\u00e1d\u00ed je\u0161t\u011b Ji\u0159\u00ed Knop.<br \/>\nAle vyb\u00edz\u00ed tak\u00e9 k pomoci zdrav\u00e9 spoluob\u010dany. &#8222;Chcete pomoci? Schra\u0148ujte plastov\u00e1 v\u00ed\u010dka a kovov\u00e9 korunky jak\u00e9koli zna\u010dky ji\u017e nyn\u00ed a p\u0159ivezte je na festival. Zde bude mo\u017en\u00e9 je odevzdat hostesk\u00e1m v \u010derven\u00fdch stanech ozna\u010den\u00fdch logem projektu Staropramen Festivaly bez Z\u00e1bran a sout\u011b\u017eit o zaj\u00edmav\u00e9 odm\u011bny. Pom\u016f\u017eete tak zkvalitnit z\u00e1zem\u00ed pro voz\u00ed\u010dk\u00e1\u0159e na dal\u0161\u00edch hudebn\u00edch festivalech,&#8220; dod\u00e1v\u00e1.<br \/>\nNa akci poprv\u00e9 vystoup\u00ed David Koller, zazp\u00edv\u00e1 p\u00edsni\u010dky ze sv\u00e9ho letos nov\u00e9ho CD &#8222;\u010deskosLOVEnsko&#8220; i hity skupiny Lucie Amerika, \u010cern\u00ed And\u011bl\u00e9, \u0160rouby do hlavy&#8230;<br \/>\nPoprv\u00e9 na Vysm\u00e1t\u00e9m l\u00e9t\u011b zazp\u00edv\u00e1 i Miro \u017dbirka, kter\u00fd m\u00e1 v \u010cR pouze t\u0159i exkluzivn\u00ed vystoupen\u00ed. Dokon\u010duje toti\u017e sv\u00e9 nov\u00e9 album, kter\u00e9 m\u00e1 vyj\u00edt na podzim. Na POP sc\u00e9n\u011b d\u00e1le dopln\u00ed ji\u017e zm\u00edn\u011bnou dvojici Michal Hr\u016fza, Mandrage, Xindl X, Petr Kol\u00e1\u0159 se skupinou Inflagranti a Pavel Callta.<\/p>\n<p>Hur\u00e1 na \u0161lapadla<\/p>\n<p>Obdobn\u011b, tak jako v loni, je na n\u00e1b\u0159e\u017e\u00ed Maxipsa F\u00edka mo\u017enost zap\u016fj\u010den\u00ed lodi\u010dek a \u0161lapadel. N\u00e1v\u0161t\u011bvn\u00edci maj\u00ed mo\u017enost sledovat vystoupen\u00ed interpret\u016f na rockov\u00e9 sc\u00e9n\u011b p\u0159\u00edmo z \u0159eky Oh\u0159e, co\u017e je nejsp\u00ed\u0161 v \u010cR festivalovou raritou. Rockov\u00e1 sc\u00e9na bude zah\u00e1jena vystoupen\u00edm kada\u0148sk\u00e9 kapely Hot Pants a postupn\u011b je budou n\u00e1sledovat skupiny Zak\u00e1zan\u00e9 Ovoce, Rybi\u010dky 48, Harlej, Support Lesbiens, Wohnout. Od 22.00 sc\u00e9nu zakon\u010d\u00ed Vypsan\u00e1 fixa.<br \/>\nRadost budou m\u00edt fanou\u0161ci dobr\u00e9 hudby i hokejov\u00ed p\u0159\u00edznivci. Mohou se zv\u011b\u010dnit s mistrovsk\u00fdm poh\u00e1rem, kter\u00fd pro kraj poprv\u00e9 v historii vybojovali hokejist\u00e9 z Litv\u00ednova.<br \/>\nMaraton hudby za\u010dne v 10.00, pro rodiny s d\u011btmi bude k dispozici op\u011bt d\u011btsk\u00fd koutek. D\u011bti do 125 cm v\u00fd\u0161ky maj\u00ed vstup na akci zdarma.<\/p>\n<p>Vysm\u00e1t\u00e9 l\u00e9to v Kadani, line\u00adup, sobota 18. \u010dervence, 10.00<\/p>\n<p>ROCK SC\u00c9NA 10.00 Hot Pants 12.00 Zak\u00e1zan\u00fd ovoce 14.00 Rybi\u010dky 48 16.00 Harlej 18.00 Support Lesbiens 20.00 Wohnout 22.00 Vypsan\u00e1 fiXa<\/p>\n<p>POP SC\u00c9NA 11.00 Pavel Callta 13.00 Xindl X 15.00 Petr Kol\u00e1\u0159 a Inflagranti 17.00 Michal Hr\u016fza 19.00 Miro \u017dbirka 21.00 Mandrage 23.00 David Koller<\/p>\n<p>Vy\u0161lo tak\u00e9 v: Chomutovsk\u00fd den\u00edk; Litom\u011b\u0159ick\u00fd den\u00edk; Mosteck\u00fd den\u00edk; Teplick\u00fd den\u00edk; \u00dasteck\u00fd den\u00edk; \u017dateck\u00fd a lounsk\u00fd den\u00edk<\/p>\n","protected":false},"excerpt":{"rendered":"<div class=\"mh-excerpt\"><p>Popul\u00e1rn\u00ed hudebn\u00ed festival vych\u00e1z\u00ed vst\u0159\u00edc voz\u00ed\u010dk\u00e1\u0159\u016fm. I t\u00edm je v kraji unik\u00e1tn\u00ed<\/p>\n<\/div>","protected":false},"author":1,"featured_media":12987,"comment_status":"open","ping_status":"closed","sticky":false,"template":"","format":"standard","meta":{"footnotes":""},"categories":[17],"tags":[],"class_list":["post-22079","post","type-post","status-publish","format-standard","has-post-thumbnail","hentry","category-kultura"],"_links":{"self":[{"href":"https:\/\/www.invarena.cz\/index.php?rest_route=\/wp\/v2\/posts\/22079","targetHints":{"allow":["GET"]}}],"collection":[{"href":"https:\/\/www.invarena.cz\/index.php?rest_route=\/wp\/v2\/posts"}],"about":[{"href":"https:\/\/www.invarena.cz\/index.php?rest_route=\/wp\/v2\/types\/post"}],"author":[{"embeddable":true,"href":"https:\/\/www.invarena.cz\/index.php?rest_route=\/wp\/v2\/users\/1"}],"replies":[{"embeddable":true,"href":"https:\/\/www.invarena.cz\/index.php?rest_route=%2Fwp%2Fv2%2Fcomments&post=22079"}],"version-history":[{"count":0,"href":"https:\/\/www.invarena.cz\/index.php?rest_route=\/wp\/v2\/posts\/22079\/revisions"}],"wp:featuredmedia":[{"embeddable":true,"href":"https:\/\/www.invarena.cz\/index.php?rest_route=\/wp\/v2\/media\/12987"}],"wp:attachment":[{"href":"https:\/\/www.invarena.cz\/index.php?rest_route=%2Fwp%2Fv2%2Fmedia&parent=22079"}],"wp:term":[{"taxonomy":"category","embeddable":true,"href":"https:\/\/www.invarena.cz\/index.php?rest_route=%2Fwp%2Fv2%2Fcategories&post=22079"},{"taxonomy":"post_tag","embeddable":true,"href":"https:\/\/www.invarena.cz\/index.php?rest_route=%2Fwp%2Fv2%2Ftags&post=22079"}],"curies":[{"name":"wp","href":"https:\/\/api.w.org\/{rel}","templated":true}]}}