{"id":22090,"date":"2015-07-13T15:42:15","date_gmt":"2015-07-13T13:42:15","guid":{"rendered":"http:\/\/www.invarena.cz\/?p=22090"},"modified":"2015-07-13T16:07:36","modified_gmt":"2015-07-13T14:07:36","slug":"22090","status":"publish","type":"post","link":"https:\/\/www.invarena.cz\/?p=22090","title":{"rendered":"T\u00e1bor pro nesly\u0161\u00edc\u00ed d\u011bti pod Je\u0161t\u011bdem"},"content":{"rendered":"<p><strong>Minul\u00fd t\u00fdden od 7. 7. do 10. 7. 2015 se v Liberci uskute\u010dnil ojedin\u011bl\u00fd p\u0159\u00edm\u011bstsk\u00fd t\u00e1bor nejen pro nesly\u0161\u00edc\u00ed d\u011bti, kter\u00fd po\u0159\u00e1dala libereck\u00e1 pobo\u010dka Tich\u00e9ho sv\u011bta, o.p.s.<!--more--><br \/>\n<\/strong><\/p>\n<p>foto: D\u011bti pod Je\u0161t\u011bdem <\/p>\n<p>T\u00e1bora se z\u00fa\u010dastnilo celkem 7 d\u011bt\u00ed ve v\u011bku 7 \u2013 13 let. C\u00edlem t\u00e1bora bylo propojit p\u0159irozenou cestou dva sv\u011bty \u2013 sv\u011bt d\u011bt\u00ed sly\u0161\u00edc\u00edch se sv\u011btem d\u011bt\u00ed nesly\u0161\u00edc\u00edch a uk\u00e1zat, \u017ee nen\u00ed t\u0159eba ob\u00e1vat se vz\u00e1jemn\u00e9 komunikace. Sly\u0161\u00edc\u00ed d\u011bti se b\u011bhem t\u00e1bora sezn\u00e1mily s prstovou abecedou a z\u00e1klady znakov\u00e9ho jazyka a mohly se tak p\u0159ibl\u00ed\u017eit nesly\u0161\u00edc\u00edm d\u011btem.  Nesly\u0161\u00edc\u00ed d\u011bti m\u011bly zase mo\u017enost za\u017e\u00edt zaj\u00edmav\u00fd t\u00fdden ve spole\u010dnosti sly\u0161\u00edc\u00edch d\u011bt\u00ed a dok\u00e1zat sob\u011b i druh\u00fdm, \u017ee jsou rovnocenn\u00fdmi partnery se stejn\u00fdm smyslem pro humor a stejn\u011b silnou touhou po objevov\u00e1n\u00ed nov\u00fdch v\u011bc\u00ed jako jejich vrstevn\u00edci z \u0159ad sly\u0161\u00edc\u00edch d\u011bt\u00ed.<\/p>\n<p>B\u011bhem t\u00e1bora s n\u00e1zvem Z\u00e1bavn\u00e9 pozn\u00e1v\u00e1n\u00ed na d\u011bti \u010dekal zaj\u00edmav\u00fd program s exkurzemi, kdy se mohly sezn\u00e1mit nap\u0159\u00edklad s v\u00fdrobou d\u0159ev\u011bn\u00fdch hra\u010dek, s r\u016fzn\u00fdmi postupy \u00fapravy textiln\u00edch materi\u00e1l\u016f a vlastnoru\u010dn\u011b si na Textiln\u00ed fakult\u011b TUL pod dohledem odborn\u00fdch pracovnic upravit tri\u010dka dle sv\u00e9 fantazie, pod\u00edvat se do iQLandie \u010di Libereck\u00e9ho podzem\u00ed. Po celou dobu t\u00e1bora byl pro nesly\u0161\u00edc\u00ed d\u011bti zaji\u0161t\u011bn p\u0159eklad do znakov\u00e9ho jazyka.<\/p>\n<p>Ale to nejd\u016fle\u017eit\u011bj\u0161\u00ed, co si d\u011bti z t\u00e1bora odnesly, vedle zaj\u00edmav\u00fdch z\u00e1\u017eitk\u016f a nav\u00e1z\u00e1n\u00ed nov\u00fdch p\u0159\u00e1telstv\u00ed, bylo pozn\u00e1n\u00ed, \u017ee r\u016fzn\u00e9 formy odli\u0161nosti i p\u0159es po\u010d\u00e1te\u010dn\u00ed obavy mohou nakonec b\u00fdt velik\u00fdm p\u0159\u00ednosem a motivac\u00ed pro ob\u011b strany, a \u017ee d\u011bti si k sob\u011b navz\u00e1jem dok\u00e1\u017eou naj\u00edt cestu snadno a rychle i p\u0159es zd\u00e1nliv\u00e9 p\u0159ek\u00e1\u017eky \u010di handicapy.<\/p>\n<p>T\u00e1bor se vyda\u0159il, d\u011bti si jej u\u017eily a ji\u017e nyn\u00ed se m\u016f\u017eou t\u011b\u0161it na dal\u0161\u00ed ro\u010dn\u00edk tohoto nev\u0161edn\u00edho t\u00e1bora&#8230;<\/p>\n<p>Tich\u00fd sv\u011bt<\/p>\n","protected":false},"excerpt":{"rendered":"<div class=\"mh-excerpt\"><p>Minul\u00fd t\u00fdden od 7. 7. do 10. 7. 2015 se v Liberci uskute\u010dnil ojedin\u011bl\u00fd p\u0159\u00edm\u011bstsk\u00fd t\u00e1bor nejen pro nesly\u0161\u00edc\u00ed d\u011bti, kter\u00fd po\u0159\u00e1dala libereck\u00e1 pobo\u010dka Tich\u00e9ho <a class=\"mh-excerpt-more\" href=\"https:\/\/www.invarena.cz\/?p=22090\" title=\"T\u00e1bor pro nesly\u0161\u00edc\u00ed d\u011bti pod Je\u0161t\u011bdem\">[&#8230;]<\/a><\/p>\n<\/div>","protected":false},"author":1,"featured_media":22091,"comment_status":"open","ping_status":"closed","sticky":false,"template":"","format":"standard","meta":{"footnotes":""},"categories":[7],"tags":[],"class_list":["post-22090","post","type-post","status-publish","format-standard","has-post-thumbnail","hentry","category-spolecnost"],"_links":{"self":[{"href":"https:\/\/www.invarena.cz\/index.php?rest_route=\/wp\/v2\/posts\/22090","targetHints":{"allow":["GET"]}}],"collection":[{"href":"https:\/\/www.invarena.cz\/index.php?rest_route=\/wp\/v2\/posts"}],"about":[{"href":"https:\/\/www.invarena.cz\/index.php?rest_route=\/wp\/v2\/types\/post"}],"author":[{"embeddable":true,"href":"https:\/\/www.invarena.cz\/index.php?rest_route=\/wp\/v2\/users\/1"}],"replies":[{"embeddable":true,"href":"https:\/\/www.invarena.cz\/index.php?rest_route=%2Fwp%2Fv2%2Fcomments&post=22090"}],"version-history":[{"count":0,"href":"https:\/\/www.invarena.cz\/index.php?rest_route=\/wp\/v2\/posts\/22090\/revisions"}],"wp:featuredmedia":[{"embeddable":true,"href":"https:\/\/www.invarena.cz\/index.php?rest_route=\/wp\/v2\/media\/22091"}],"wp:attachment":[{"href":"https:\/\/www.invarena.cz\/index.php?rest_route=%2Fwp%2Fv2%2Fmedia&parent=22090"}],"wp:term":[{"taxonomy":"category","embeddable":true,"href":"https:\/\/www.invarena.cz\/index.php?rest_route=%2Fwp%2Fv2%2Fcategories&post=22090"},{"taxonomy":"post_tag","embeddable":true,"href":"https:\/\/www.invarena.cz\/index.php?rest_route=%2Fwp%2Fv2%2Ftags&post=22090"}],"curies":[{"name":"wp","href":"https:\/\/api.w.org\/{rel}","templated":true}]}}