{"id":22099,"date":"2015-07-14T09:50:30","date_gmt":"2015-07-14T07:50:30","guid":{"rendered":"http:\/\/www.invarena.cz\/?p=22099"},"modified":"2015-07-14T09:50:30","modified_gmt":"2015-07-14T07:50:30","slug":"sdruzeni-postizenych-deti-cmelacek-stravilo-vikend-ve-vysoke","status":"publish","type":"post","link":"https:\/\/www.invarena.cz\/?p=22099","title":{"rendered":"Sdru\u017een\u00ed posti\u017een\u00fdch d\u011bt\u00ed \u010cmel\u00e1\u010dek str\u00e1vilo v\u00edkend ve Vysok\u00e9"},"content":{"rendered":"<p><strong>L\u00e9ka\u0159 Jaroslav H\u00e1jek pracuje v ostravsk\u00e9 fakultn\u00ed nemocnici jako z\u00e1stupce p\u0159ednosty onkologick\u00e9 kliniky. I p\u0159es sv\u00e9 odborn\u011b a tak\u00e9 psychicky n\u00e1ro\u010dn\u00e9 povol\u00e1n\u00ed sv\u016fj voln\u00fd \u010das v\u011bnuje tak\u00e9 p\u00e9\u010di o um\u00edraj\u00edc\u00ed v hospicu Ondr\u00e1\u0161ek. A aby toho nebylo m\u00e1lo, p\u0159ibral pod &#8222;sv\u00e1 k\u0159\u00eddla&#8220;tak\u00e9 posti\u017een\u00e9 d\u011bti.<\/strong><!--more--><\/p>\n<p> ilustra\u010dn\u00ed foto: stockimages-FreeDigitalPhotos.net<\/p>\n<p>P\u0159ed p\u016fldruh\u00fdm rokem zalo\u017eil se svou man\u017eelkou Andreou neziskovou spole\u010dnost \u010cmel\u00e1\u010dek, kam si chod\u00ed, jak se oba shoduj\u00ed, odpo\u010dinout od v\u0161edn\u00edch starost\u00ed a stresu. Ve spole\u010dnosti d\u011bt\u00ed s ment\u00e1ln\u00edm posti\u017een\u00edm a jejich rodin je jim odm\u011bnou za jejich z\u00e1jem, a nez\u0159\u00eddka tak\u00e9 finan\u010dn\u00ed podporu, \u00fasm\u011bv a radost jejich chr\u00e1n\u011bnc\u016f. &#8222;Onkologie nen\u00ed jen o um\u00edr\u00e1n\u00ed, \u0159adu lid\u00ed se poda\u0159\u00ed vyl\u00e9\u010dit. Star\u00e1m se ale tak\u00e9 o um\u00edraj\u00edc\u00ed v hospici. Atak, jako se star\u00e1m o lidi na konci \u017eivota, tak je t\u0159eba pomoci i handicapovan\u00fdm. Mus\u00edme si uv\u011bdomit, \u017ee handicapovan\u00ed nejsou nemocn\u00ed. Jsou to zdrav\u00ed lid\u00e9, ale spole\u010dnost je tak nebere a sna\u017e\u00ed se je vyt\u011bsnit. Ostatn\u00ed se na n\u011b d\u00edvaj\u00ed jako na nemocn\u00e9, m\u00e9n\u011bcenn\u00e9, a p\u0159itom jsou to lid\u00e9 jako j\u00e1 nebo vy. Jen maj\u00ed trochu jin\u00e9 vn\u00edm\u00e1n\u00ed,&#8220; \u0159\u00edk\u00e1 Jaroslav H\u00e1jek. <\/p>\n<p>Ne\u017e se \u010cmel\u00e1\u010dek &#8222;narodil&#8220;, tr\u00e1vily tyto d\u011bti v\u011bt\u0161inu sv\u00e9ho \u010dasu doma u televizor\u016f. H\u00e1jkovi se to sna\u017e\u00ed zm\u011bnit. &#8222;Moje \u017eena podporovala handicapovan\u00e9 i d\u0159\u00edve. Zjistili jsme ale,\u017ee n\u00e1s to bav\u00ed a nen\u00ed to jen o pen\u011bz\u00edch. \u0158ekli jsme si, \u017ee se o n\u011b chceme starat sami. Oba n\u00e1s to napl\u0148uje. Nejsou z\u00e1ludn\u00e9. V\u0161echno mysl\u00ed up\u0159\u00edmn\u011b,&#8220; uvedl l\u00e9ka\u0159.<br \/>\nH\u00e1jkovi st\u00e1le hledaj\u00ed sponzory a partnery pro sv\u00e9 aktivity. &#8222;Postupn\u011b chceme s jejich pomoc\u00ed zalo\u017eit v r\u00e1mci cel\u00e9 republiky mal\u00e9 \u010dmel\u00e1\u010d\u00ed kolonie. Z\u00e1rove\u0148 chceme z\u00edsk\u00e1vat zku\u0161enosti z jin\u00fdch region\u016f, zjistit, jak zde pomoc pro handicapovan\u00e9 funguje, a vym\u011b\u0148ovat si je. Prost\u011b vytv\u00e1\u0159et ostr\u016fvky, kter\u00e9 budou podporovat v\u00fdznam \u010cmel\u00e1\u010dka. Ne ve smyslu ekonomicky v\u00fdznamn\u00e9ho v\u00fdrobce medu, ale n\u011bkoho, jeho\u017e si zd\u00e1nliv\u011b nev\u0161\u00edm\u00e1me, ale p\u0159itom v\u00edme, \u017ee je d\u016fle\u017eit\u00fd pro to, aby v\u0161echno kolem rozkvetlo,&#8220; prozradil sv\u00e9 pl\u00e1ny Jaroslav H\u00e1jek.<\/p>\n<p>Osadn\u00edci z Vysok\u00e9 p\u0159ipravili pro \u010cmel\u00e1\u010dka v\u00edkendov\u00fd program. Posti\u017een\u00e9 d\u011bti se m\u011bly mo\u017enost sezn\u00e1mit s jinou p\u0159\u00edrodou ne\u017e s poddolovan\u00fdm \u00fazem\u00edm Paskova pobl\u00ed\u017e Ostravy. Prvn\u00edm z\u00e1\u017eitkem po vystoupen\u00ed z auta byl \u010dist\u00fd vzduch a voda z pot\u016f\u010dk\u016f kolem. D\u011bti se rozb\u011bhly na v\u0161echny strany. Mal\u00fd v\u00fdlet na Grulich a Doln\u00ed Moravu zanechal spoustu z\u00e1\u017eitk\u016f z kraje pod Kr\u00e1lick\u00fdm Sn\u011b\u017en\u00edkem. <\/p>\n<p>D\u011bti na sv\u00fdch vych\u00e1zk\u00e1ch do p\u0159\u00edrody m\u011bly mo\u017enost &#8222;probouzet&#8220; na louk\u00e1ch skute\u010dn\u00e9 \u010dmel\u00e1\u010dky, poznat i kousek historie kraje a pot\u011b\u0161it se ve\u010der p\u0159i t\u00e1bor\u00e1ku. Bylo zaj\u00edmav\u00e9 si poslechnout, kolik p\u00edsni\u010dek znaj\u00ed a jak r\u00e1di zp\u00edvaj\u00ed.<br \/>\nOsadn\u00edci pro n\u011b rovn\u011b\u017e p\u0159ipravili mal\u00e9 sportovn\u00ed odpoledne, kde si vyzkou\u0161eli svoji zru\u010dnost v podob\u011b m\u00ed\u010dov\u00fdch her. Dokonale utah\u00e1ni ul\u00e9hali ke sp\u00e1nku bez televize a bez mobil\u016f. <\/p>\n<p>Je t\u011b\u017ek\u00e9 popsat \u0161t\u011bst\u00ed v o\u010d\u00edch d\u011bt\u00ed. Dok\u00e1\u017eou se radovat i z docela oby\u010dejn\u00fdch v\u011bc\u00ed, kter\u00fdch si v\u016fbec nesta\u010d\u00edme v\u0161imnout a nepova\u017eujeme je za v\u00fdznamn\u00e9. Bylo kr\u00e1sn\u00e9 sly\u0161et jejich pod\u011bkov\u00e1n\u00ed osadn\u00edk\u016fm Vysok\u00e9 u Mal\u00e9 Moravy za p\u0159\u00edle\u017eitost nahl\u00e9dnout do kraje pod Kr\u00e1lick\u00fdm Sn\u011b\u017en\u00edkem.<\/p>\n<p>\u0160umpersk\u00fd a Jesenick\u00fd den\u00edk<br \/>\nhttp:\/\/www.sumpersky.denik.cz\/<\/p>\n","protected":false},"excerpt":{"rendered":"<div class=\"mh-excerpt\"><p>L\u00e9ka\u0159 Jaroslav H\u00e1jek pracuje v ostravsk\u00e9 fakultn\u00ed nemocnici jako z\u00e1stupce p\u0159ednosty onkologick\u00e9 kliniky. I p\u0159es sv\u00e9 odborn\u011b a tak\u00e9 psychicky n\u00e1ro\u010dn\u00e9 povol\u00e1n\u00ed sv\u016fj voln\u00fd \u010das <a class=\"mh-excerpt-more\" href=\"https:\/\/www.invarena.cz\/?p=22099\" title=\"Sdru\u017een\u00ed posti\u017een\u00fdch d\u011bt\u00ed \u010cmel\u00e1\u010dek str\u00e1vilo v\u00edkend ve Vysok\u00e9\">[&#8230;]<\/a><\/p>\n<\/div>","protected":false},"author":1,"featured_media":15130,"comment_status":"open","ping_status":"closed","sticky":false,"template":"","format":"standard","meta":{"footnotes":""},"categories":[11],"tags":[],"class_list":["post-22099","post","type-post","status-publish","format-standard","has-post-thumbnail","hentry","category-zdravi"],"_links":{"self":[{"href":"https:\/\/www.invarena.cz\/index.php?rest_route=\/wp\/v2\/posts\/22099","targetHints":{"allow":["GET"]}}],"collection":[{"href":"https:\/\/www.invarena.cz\/index.php?rest_route=\/wp\/v2\/posts"}],"about":[{"href":"https:\/\/www.invarena.cz\/index.php?rest_route=\/wp\/v2\/types\/post"}],"author":[{"embeddable":true,"href":"https:\/\/www.invarena.cz\/index.php?rest_route=\/wp\/v2\/users\/1"}],"replies":[{"embeddable":true,"href":"https:\/\/www.invarena.cz\/index.php?rest_route=%2Fwp%2Fv2%2Fcomments&post=22099"}],"version-history":[{"count":0,"href":"https:\/\/www.invarena.cz\/index.php?rest_route=\/wp\/v2\/posts\/22099\/revisions"}],"wp:featuredmedia":[{"embeddable":true,"href":"https:\/\/www.invarena.cz\/index.php?rest_route=\/wp\/v2\/media\/15130"}],"wp:attachment":[{"href":"https:\/\/www.invarena.cz\/index.php?rest_route=%2Fwp%2Fv2%2Fmedia&parent=22099"}],"wp:term":[{"taxonomy":"category","embeddable":true,"href":"https:\/\/www.invarena.cz\/index.php?rest_route=%2Fwp%2Fv2%2Fcategories&post=22099"},{"taxonomy":"post_tag","embeddable":true,"href":"https:\/\/www.invarena.cz\/index.php?rest_route=%2Fwp%2Fv2%2Ftags&post=22099"}],"curies":[{"name":"wp","href":"https:\/\/api.w.org\/{rel}","templated":true}]}}