{"id":22103,"date":"2015-07-13T16:50:47","date_gmt":"2015-07-13T14:50:47","guid":{"rendered":"http:\/\/www.invarena.cz\/?p=22103"},"modified":"2015-07-13T16:50:47","modified_gmt":"2015-07-13T14:50:47","slug":"vozickar-ktereho-v-praci-malem-zabilo-praskle-lano-vyhral-boj-s-urady","status":"publish","type":"post","link":"https:\/\/www.invarena.cz\/?p=22103","title":{"rendered":"Voz\u00ed\u010dk\u00e1\u0159, kter\u00e9ho v pr\u00e1ci m\u00e1lem zabilo praskl\u00e9 lano, vyhr\u00e1l boj s \u00fa\u0159ady"},"content":{"rendered":"<p><strong>Kdy\u017e se invalida Radek Jan\u00edk z A\u0161e na Chebsku p\u0159ed ned\u00e1vnem vracel z posudkov\u00e9 komise v Plzni, plakal \u0161t\u011bst\u00edm. Kone\u010dn\u011b m\u011bl \u010dern\u00e9 na b\u00edl\u00e9m, \u017ee se o sebe s\u00e1m nedok\u00e1\u017ee postarat a \u017ee k tomu, aby mohl jak\u017e tak\u017e d\u016fstojn\u011b \u017e\u00edt, nutn\u011b pot\u0159ebuje pomoc druh\u00e9 osoby.<\/strong><!--more--><\/p>\n<p>Cel\u00fd \u010dl\u00e1nek <a href=\"http:\/\/vary.idnes.cz\/invalida-as-radek-janik-prispevek-na-peci-ffu-\/vary-zpravy.aspx?c=A150707_2175337_vary-zpravy_ba\">ZDE<\/a><\/p>\n","protected":false},"excerpt":{"rendered":"<div class=\"mh-excerpt\"><p>Kdy\u017e se invalida Radek Jan\u00edk z A\u0161e na Chebsku p\u0159ed ned\u00e1vnem vracel z posudkov\u00e9 komise v Plzni, plakal \u0161t\u011bst\u00edm. Kone\u010dn\u011b m\u011bl \u010dern\u00e9 na b\u00edl\u00e9m, \u017ee <a class=\"mh-excerpt-more\" href=\"https:\/\/www.invarena.cz\/?p=22103\" title=\"Voz\u00ed\u010dk\u00e1\u0159, kter\u00e9ho v pr\u00e1ci m\u00e1lem zabilo praskl\u00e9 lano, vyhr\u00e1l boj s \u00fa\u0159ady\">[&#8230;]<\/a><\/p>\n<\/div>","protected":false},"author":1,"featured_media":19486,"comment_status":"open","ping_status":"closed","sticky":false,"template":"","format":"standard","meta":{"footnotes":""},"categories":[9],"tags":[],"class_list":["post-22103","post","type-post","status-publish","format-standard","has-post-thumbnail","hentry","category-zpravy"],"_links":{"self":[{"href":"https:\/\/www.invarena.cz\/index.php?rest_route=\/wp\/v2\/posts\/22103","targetHints":{"allow":["GET"]}}],"collection":[{"href":"https:\/\/www.invarena.cz\/index.php?rest_route=\/wp\/v2\/posts"}],"about":[{"href":"https:\/\/www.invarena.cz\/index.php?rest_route=\/wp\/v2\/types\/post"}],"author":[{"embeddable":true,"href":"https:\/\/www.invarena.cz\/index.php?rest_route=\/wp\/v2\/users\/1"}],"replies":[{"embeddable":true,"href":"https:\/\/www.invarena.cz\/index.php?rest_route=%2Fwp%2Fv2%2Fcomments&post=22103"}],"version-history":[{"count":0,"href":"https:\/\/www.invarena.cz\/index.php?rest_route=\/wp\/v2\/posts\/22103\/revisions"}],"wp:featuredmedia":[{"embeddable":true,"href":"https:\/\/www.invarena.cz\/index.php?rest_route=\/wp\/v2\/media\/19486"}],"wp:attachment":[{"href":"https:\/\/www.invarena.cz\/index.php?rest_route=%2Fwp%2Fv2%2Fmedia&parent=22103"}],"wp:term":[{"taxonomy":"category","embeddable":true,"href":"https:\/\/www.invarena.cz\/index.php?rest_route=%2Fwp%2Fv2%2Fcategories&post=22103"},{"taxonomy":"post_tag","embeddable":true,"href":"https:\/\/www.invarena.cz\/index.php?rest_route=%2Fwp%2Fv2%2Ftags&post=22103"}],"curies":[{"name":"wp","href":"https:\/\/api.w.org\/{rel}","templated":true}]}}