{"id":22115,"date":"2015-07-14T11:53:20","date_gmt":"2015-07-14T09:53:20","guid":{"rendered":"http:\/\/www.invarena.cz\/?p=22115"},"modified":"2015-07-14T13:52:45","modified_gmt":"2015-07-14T11:52:45","slug":"povesila-tenisky-nasedla-na-trojkolo","status":"publish","type":"post","link":"https:\/\/www.invarena.cz\/?p=22115","title":{"rendered":"Pov\u011bsila tenisky, nasedla na trojkolo"},"content":{"rendered":"<p><strong>Jitka K\u0159\u00ed\u017eov\u00e1 usedla za \u0159\u00edd\u00edtka trojkola a spolu s nevidomou Kamilou Koncovou projely \u010d\u00e1st jihlavsk\u00e9ho okresu<\/strong> <!--more--><\/p>\n<p>Jihlavsko \u2013 Tenisky pov\u011bsila na kr\u00e1tko na h\u0159eb\u00edk a usedla jako pilotka za \u0159\u00edd\u00edtka. \u0158e\u010d je o Jitce K\u0159\u00ed\u017eov\u00e9, kter\u00e1 minul\u00fd t\u00fdden br\u00e1zdila Vyso\u010dinu na trojkole. \u0160lo o akci Nada\u010dn\u00edho fondu \u010cesk\u00e9ho rozhlasu \u2013 Sv\u011btlu\u0161ka. D\u016fle\u017eit\u00e9 je, \u017ee Jitku doprov\u00e1zela Kamila Koncov\u00e1. &#8222;Kam\u010da je jen o p\u00e1r let mlad\u0161\u00ed ne\u017e j\u00e1. Proto si asi tak dob\u0159e rozum\u00edme. Tato mlad\u00e1 d\u00e1ma se narodila bez zrakov\u00e9ho posti\u017een\u00ed. V prvn\u00edm roce jej\u00edho \u017eivota se v\u0161ak jej\u00ed o\u010di p\u0159estaly vyv\u00edjet. To m\u011blo za d\u016fsledek jej\u00ed \u00faplnou slepotu. Se sv\u00fdm handicapem se dok\u00e1zala velmi dob\u0159e vyrovnat. Je samostatn\u00e1, v prostoru se velice v\u00fdborn\u011b orientuje podle zvuku a asistenci si \u017e\u00e1d\u00e1 jen v situac\u00edch, kdy je to opravdu nutn\u00e9,&#8220; \u0159ekla o Kamile Jitka.<\/p>\n<p>B\u011bhem cel\u00e9ho t\u00fddne spole\u010dn\u011b \u0161lapaly do ped\u00e1l\u016f. Jezdily po Vyso\u010din\u011b na kole. &#8222;Ale pozor, nebylo to kolo ledajak\u00e9. Kilometry jsme zdol\u00e1valy na trojkole. Kamila mu \u0159\u00edk\u00e1 Obluda. Manipulace s n\u00edm nen\u00ed v\u016fbec jednoduch\u00e1. Jedn\u00e1 se o kolo, kter\u00e9 v\u00e1\u017e\u00ed p\u0159es t\u0159icet kilogram\u016f, m\u00e1 t\u0159i sedla a ped\u00e1ly pro ka\u017ed\u00e9ho jezdce. Do zat\u00e1\u010dek je t\u0159eba si po\u0159\u00e1dn\u011b naj\u00ed\u017ed\u011bt, jinak strouh\u00e1te zadkem obrubn\u00edk. Ot\u00e1\u010den\u00ed s n\u00edm je za trest, ale j\u00edzda samotn\u00e1 za odm\u011bnu. Z kopce jsme fr\u010dely s v\u011btrem o z\u00e1vod. Kolemjdouc\u00ed na n\u00e1s cestou m\u00e1vali, doprov\u00e1zeli n\u00e1s na sv\u00fdch vlastn\u00edch kolech a usm\u00edvali se od ucha k uchu,&#8220; popsala j\u00edzdu na trojkole Jitka K\u0159\u00ed\u017eov\u00e1.<\/p>\n<p>Do party b\u011bhem jednotliv\u00fdch etap nabraly v\u00fdznamn\u00e9 osobnosti. Svezl se s nimi nap\u0159\u00edklad cyklista, silni\u010dn\u00ed z\u00e1vodn\u00edk a olympionik z roku 1964 Ji\u0159\u00ed Daler, starosta T\u0159e\u0161t\u011b Vladislav Hynk, herec a re\u017eis\u00e9r v jedn\u00e9 osob\u011b Marek N\u011bmec nebo i herec Josef Kundera z Hor\u00e1ck\u00e9ho divadla Jihlava, kter\u00fd si zahr\u00e1l i v seri\u00e1lech Zdivo\u010del\u00e1 zem\u011b nebo \u010cetnick\u00e9 humoresky.<\/p>\n<p>A aby si nevidom\u00e1 Kamila mohla Vyso\u010dinu vychutnat pln\u00fdmi dou\u0161ky, p\u0159ipravili pro ni i n\u011bkolik v\u00fdlet\u016f do okol\u00ed. &#8222;Spole\u010dn\u011b jsme se po dlouh\u00e9m dni v sedle za\u0161ly zchladit do Posp\u00edchalova rybn\u00edka u Tel\u010de. Nav\u0161t\u00edvili jsme Muzeum rekord\u016f a kuriozit v Pelh\u0159imov\u011b, vid\u011bly jsme pramen \u0159eky Dyje. Daly jsme si v\u00fdte\u010dnou k\u00e1vu v netradi\u010dn\u00ed Kav\u00e1rn\u011b Potm\u011b, kter\u00e1 byla do\u010dasn\u011b instalov\u00e1na na jihlavsk\u00e9m Masarykov\u011b n\u00e1m\u011bst\u00ed, a o v\u00edkendu jsme za\u0161ly na Vyso\u010dina fest,&#8220; vyjmenovala K\u0159\u00ed\u017eov\u00e1.<\/p>\n<p>Ta sama na Vyso\u010din\u011b vyr\u016fstala. Ve \u017d\u010f\u00e1rsk\u00fdch vr\u0161\u00edch tr\u00e9novala na sv\u016fj prvn\u00ed maraton. S nevidom\u00fdmi u\u017e pracuje n\u011bkolik let.<\/p>\n<p>&#8222;Jsem dobrovoln\u00edkem, kter\u00fd jim pom\u00e1h\u00e1 v b\u011b\u017en\u00e9m \u017eivot\u011b. Tu rozt\u0159\u00eddit dokumenty, doprovodit na po\u0161tu, do divadla nebo jen tak p\u0159i odpoledn\u00ed proch\u00e1zce parkem. M\u00fdm velk\u00fdm kon\u00ed\u010dkem je b\u011bh. Poda\u0159ilo se mi skloubit p\u0159\u00edjemn\u00e9 s u\u017eite\u010dn\u00fdm a dnes d\u011bl\u00e1m tras\u00e9rku nevidom\u00fdm sportovc\u016fm. Spole\u010dn\u011b tr\u00e9nujeme na del\u0161\u00edch trat\u00edch a letos jsme se vrhli i na prvn\u00ed spole\u010dn\u00fd maraton. B\u011bhem tr\u00e9nink\u016f jsem si ale na chv\u00edli odsko\u010dila na Vyso\u010dinu,&#8220; uzav\u0159ela s \u00fasm\u011bvem K\u0159\u00ed\u017eov\u00e1.<\/p>\n<p>DANA K\u0158\u00cd\u017dKOV\u00c1<br \/>\nJihlavsk\u00fd den\u00edk<br \/>\n<a href=\"http:\/\/www.jihlavsky.denik.cz\/\">http:\/\/www.jihlavsky.denik.cz\/<\/a><\/p>\n","protected":false},"excerpt":{"rendered":"<div class=\"mh-excerpt\"><p>Jitka K\u0159\u00ed\u017eov\u00e1 usedla za \u0159\u00edd\u00edtka trojkola a spolu s nevidomou Kamilou Koncovou projely \u010d\u00e1st jihlavsk\u00e9ho okresu<\/p>\n<\/div>","protected":false},"author":1,"featured_media":0,"comment_status":"open","ping_status":"closed","sticky":false,"template":"","format":"standard","meta":{"footnotes":""},"categories":[9],"tags":[],"class_list":["post-22115","post","type-post","status-publish","format-standard","hentry","category-zpravy"],"_links":{"self":[{"href":"https:\/\/www.invarena.cz\/index.php?rest_route=\/wp\/v2\/posts\/22115","targetHints":{"allow":["GET"]}}],"collection":[{"href":"https:\/\/www.invarena.cz\/index.php?rest_route=\/wp\/v2\/posts"}],"about":[{"href":"https:\/\/www.invarena.cz\/index.php?rest_route=\/wp\/v2\/types\/post"}],"author":[{"embeddable":true,"href":"https:\/\/www.invarena.cz\/index.php?rest_route=\/wp\/v2\/users\/1"}],"replies":[{"embeddable":true,"href":"https:\/\/www.invarena.cz\/index.php?rest_route=%2Fwp%2Fv2%2Fcomments&post=22115"}],"version-history":[{"count":0,"href":"https:\/\/www.invarena.cz\/index.php?rest_route=\/wp\/v2\/posts\/22115\/revisions"}],"wp:attachment":[{"href":"https:\/\/www.invarena.cz\/index.php?rest_route=%2Fwp%2Fv2%2Fmedia&parent=22115"}],"wp:term":[{"taxonomy":"category","embeddable":true,"href":"https:\/\/www.invarena.cz\/index.php?rest_route=%2Fwp%2Fv2%2Fcategories&post=22115"},{"taxonomy":"post_tag","embeddable":true,"href":"https:\/\/www.invarena.cz\/index.php?rest_route=%2Fwp%2Fv2%2Ftags&post=22115"}],"curies":[{"name":"wp","href":"https:\/\/api.w.org\/{rel}","templated":true}]}}