{"id":22118,"date":"2015-07-14T12:03:02","date_gmt":"2015-07-14T10:03:02","guid":{"rendered":"http:\/\/www.invarena.cz\/?p=22118"},"modified":"2015-07-14T13:51:48","modified_gmt":"2015-07-14T11:51:48","slug":"spomenka-je-znovu-mistryni-republiky","status":"publish","type":"post","link":"https:\/\/www.invarena.cz\/?p=22118","title":{"rendered":"Spomenka je znovu mistryn\u00ed republiky!"},"content":{"rendered":"<p><strong>Nejlep\u0161\u00ed stoln\u00ed tenistka na voz\u00edku v \u010cesk\u00e9 republice je z pardubick\u00e9ho t\u00fdmu SKV Pardubice Nezlomeni! Ji\u017e pot\u0159et\u00ed za sebou obh\u00e1jila titul mistryn\u011b republiky Spomenka Hab\u011bt\u00ednkov\u00e1 Tomi\u010d.<\/strong><!--more--><\/p>\n<p>Pardubice\/Ostrava \u2013 &#8222;Spomenka si letos odv\u00e1\u017e\u00ed titul po fin\u00e1lov\u00e9m v\u00edt\u011bzstv\u00ed nad dom\u00e1c\u00ed ostravskou hr\u00e1\u010dkou Be\u00e1tou Mentznerovou. Zv\u00edt\u011bzila 3:1, d\u00edky v\u011bt\u0161\u00ed jistot\u011b \u00fader\u016f a men\u0161\u00edmu po\u010dtu chyb,&#8220; informoval n\u00e1\u0161 Den\u00edk m\u00edstop\u0159edseda pardubick\u00e9ho klubu a sou\u010dasn\u011b jeho sekret\u00e1\u0159 Jaroslav K\u0148ava.<\/p>\n<p>Nejlep\u0161\u00ed \u010de\u0161t\u00ed stoln\u00ed tenist\u00e9 na voz\u00edku se se\u0161li ve Sportovn\u00edm are\u00e1lu TJ Ostrava, kde se konal u\u017e jedenadvac\u00e1t\u00fd ro\u010dn\u00edk Mistrovstv\u00ed \u010cesk\u00e9 republiky jednotlivc\u016f a dvou\u010dlenn\u00fdch dru\u017estev ve stoln\u00edm tenise voz\u00ed\u010dk\u00e1\u0159\u016f.<\/p>\n<p>&#8222;Mezi mu\u017ei si podle p\u0159edpoklad\u016f vedl nejl\u00e9pe Ren\u00e9 Tau\u0161 z SKST Liberec,&#8220; uzav\u0159el Jaroslav K\u0148ava.<\/p>\n<p>Pardubick\u00fd den\u00edk<br \/>\n<a href=\"http:\/\/pardubicky.denik.cz\/\">http:\/\/pardubicky.denik.cz\/<\/a><\/p>\n","protected":false},"excerpt":{"rendered":"<div class=\"mh-excerpt\"><p>Nejlep\u0161\u00ed stoln\u00ed tenistka na voz\u00edku v \u010cesk\u00e9 republice je z pardubick\u00e9ho t\u00fdmu SKV Pardubice Nezlomeni! Ji\u017e pot\u0159et\u00ed za sebou obh\u00e1jila titul mistryn\u011b republiky Spomenka Hab\u011bt\u00ednkov\u00e1 <a class=\"mh-excerpt-more\" href=\"https:\/\/www.invarena.cz\/?p=22118\" title=\"Spomenka je znovu mistryn\u00ed republiky!\">[&#8230;]<\/a><\/p>\n<\/div>","protected":false},"author":1,"featured_media":10532,"comment_status":"open","ping_status":"closed","sticky":false,"template":"","format":"standard","meta":{"footnotes":""},"categories":[7],"tags":[],"class_list":["post-22118","post","type-post","status-publish","format-standard","has-post-thumbnail","hentry","category-spolecnost"],"_links":{"self":[{"href":"https:\/\/www.invarena.cz\/index.php?rest_route=\/wp\/v2\/posts\/22118","targetHints":{"allow":["GET"]}}],"collection":[{"href":"https:\/\/www.invarena.cz\/index.php?rest_route=\/wp\/v2\/posts"}],"about":[{"href":"https:\/\/www.invarena.cz\/index.php?rest_route=\/wp\/v2\/types\/post"}],"author":[{"embeddable":true,"href":"https:\/\/www.invarena.cz\/index.php?rest_route=\/wp\/v2\/users\/1"}],"replies":[{"embeddable":true,"href":"https:\/\/www.invarena.cz\/index.php?rest_route=%2Fwp%2Fv2%2Fcomments&post=22118"}],"version-history":[{"count":0,"href":"https:\/\/www.invarena.cz\/index.php?rest_route=\/wp\/v2\/posts\/22118\/revisions"}],"wp:featuredmedia":[{"embeddable":true,"href":"https:\/\/www.invarena.cz\/index.php?rest_route=\/wp\/v2\/media\/10532"}],"wp:attachment":[{"href":"https:\/\/www.invarena.cz\/index.php?rest_route=%2Fwp%2Fv2%2Fmedia&parent=22118"}],"wp:term":[{"taxonomy":"category","embeddable":true,"href":"https:\/\/www.invarena.cz\/index.php?rest_route=%2Fwp%2Fv2%2Fcategories&post=22118"},{"taxonomy":"post_tag","embeddable":true,"href":"https:\/\/www.invarena.cz\/index.php?rest_route=%2Fwp%2Fv2%2Ftags&post=22118"}],"curies":[{"name":"wp","href":"https:\/\/api.w.org\/{rel}","templated":true}]}}