{"id":22126,"date":"2015-07-15T09:55:50","date_gmt":"2015-07-15T07:55:50","guid":{"rendered":"http:\/\/www.invarena.cz\/?p=22126"},"modified":"2015-07-15T09:56:34","modified_gmt":"2015-07-15T07:56:34","slug":"stredisko-pro-nevidome-se-o-klienty-stara-uz-dvacet-let","status":"publish","type":"post","link":"https:\/\/www.invarena.cz\/?p=22126","title":{"rendered":"St\u0159edisko pro nevidom\u00e9 podporuj\u00ed Nizozemci"},"content":{"rendered":"<p><strong>Dv\u011b desetilet\u00ed \u00fasp\u011b\u0161n\u00e9 p\u00e9\u010de o nevidom\u00e9 a zrakov\u011b posti\u017een\u00e9 m\u00e1 za se -bou Pobytov\u00e9 rehabilita\u010dn\u00ed a rekvalifika\u010dn\u00ed st\u0159edisko pro nevidom\u00e9 D\u011bdina o.p.s. <\/strong><!--more--><\/p>\n<p>foto: Deyvid \/ stock.xchng<\/p>\n<p>Za tuto dobu pro\u0161lo za\u0159\u00edzen\u00edm n\u011bkolik set klient\u016f, jim\u017e poskytuje t\u00fdm zam\u011bstnanc\u016f tak\u00e9 soci\u00e1ln\u00ed poradenstv\u00ed, zejm\u00e9na p\u0159i \u0159e\u0161en\u00ed bytov\u00fdch ot\u00e1zek. St\u0159edisko D\u011bdina je jedin\u00e9 pobytov\u00e9 za\u0159\u00edzen\u00ed soci\u00e1ln\u00ed prevence pro zrakov\u011b posti\u017een\u00e9 v \u010cR. Slu\u017eby poskytuje od r. 1995 jako odborn\u00e9 st\u0159edisko SONS \u010cR, od r. 2001 je samostatnou obecn\u011b prosp\u011b\u0161nou spole\u010dnost\u00ed. St\u0159edisko bylo vybudov\u00e1no d\u00edky finan\u010dn\u00ed podpo\u0159e MPSV \u010cR, Magistr\u00e1tu hl. m. Prahy a holandsk\u00e9 nadace Care for Czech Republic. <\/p>\n<p>St\u0159edisko poskytuje soci\u00e1ln\u00ed rehabilitaci, soci\u00e1ln\u011b terapeutick\u00e9 d\u00edlny, rekvalifika\u010dn\u00ed kurzy a zam\u011bstn\u00e1v\u00e1 na vymezen\u00fdch chr\u00e1n\u011bn\u00fdch pracovn\u00edch m\u00edstech t\u011b\u017ece zrakov\u011b posti\u017een\u00e9.<br \/>\nMetodou pr\u00e1ce je individu\u00e1ln\u00ed p\u0159\u00edstup ke klient\u016fm a pr\u00e1ce v mal\u00fdch skupin\u00e1ch. V\u00fdsledkem je z\u00edsk\u00e1n\u00ed pracovn\u00edho uplatn\u011bn\u00ed t\u011b\u017ece zrakov\u011b posti\u017een\u00fdch klient\u016f. Proto se st\u0159edisko D\u011bdina v\u011bnuje program\u016fm zam\u011b\u0159en\u00fdm na osoby v produktivn\u00edm v\u011bku, tj. od 18 do 65 let. <\/p>\n<p>&#8222;Pro t\u011b\u017ece zrakov\u011b posti\u017een\u00e9 organizujeme specifick\u00e9 rekvalifika\u010dn\u00ed kurzy v p\u011bti manu\u00e1ln\u00edch oborech (ko\u0161\u00edk\u00e1\u0159stv\u00ed, tkalcovstv\u00ed, keramika, karton\u00e1\u017e a dr\u00e1tov\u00e1n\u00ed). Velice obl\u00edben\u00fd je kurz Nevidom\u00fd a slabozrak\u00fd mas\u00e9r, pro intelektu\u00e1ln\u011b zam\u011b\u0159en\u00e9 zrakov\u011b posti\u017een\u00e9 kurz pr\u00e1ce na PC se speci\u00e1ln\u00edm software. V\u0161echny kurzy maj\u00ed akreditaci ministerstva \u0161kolstv\u00ed, kurz mas\u00e9r\u016f ministerstva zdravotnictv\u00ed. Po ukon\u010den\u00ed rekvalifikace pom\u00e1h\u00e1 st\u0159edisko klient\u016fm nal\u00e9zt konkr\u00e9tn\u00ed pracovn\u00ed uplatn\u011bn\u00ed,&#8220; up\u0159es\u0148uje aktivity St\u0159ediska Marie Schifferov\u00e1, projektov\u00e1 mana\u017eerka st\u0159ediska. T\u00fdm St\u0159ediska poskytuje klient\u016fm tak\u00e9 soci\u00e1ln\u00ed poradenstv\u00ed, zejm\u00e9na p\u0159i \u0159e\u0161en\u00ed bytov\u00fdch ot\u00e1zek. <\/p>\n<p>&#8212; <\/p>\n<p>Kdo se m\u016f\u017ee st\u00e1t klientem: <\/p>\n<p>&#8211; ob\u010dan, kter\u00fd ztratil sv\u00e9 p\u016fvodn\u00ed zam\u011bstn\u00e1n\u00ed v d\u016fsledku ztr\u00e1ty nebo v\u00e1\u017en\u00e9ho po\u0161kozen\u00ed zraku (diabetici, lid\u00e9 s progresivn\u00ed zrakovou vadou, po \u00farazech, neurologick\u00fdch operac\u00edch) * ob\u010dan s dlouhodob\u00fdm t\u011b\u017ek\u00fdm zrakov\u00fdm posti\u017een\u00edm, kter\u00fd u\u017e vykon\u00e1val sv\u00e9 povol\u00e1n\u00ed za zvl\u00e1\u0161\u0165 upraven\u00fdch podm\u00ednek, toto zam\u011bstn\u00e1n\u00ed v\u0161ak v d\u016fsledku zm\u011bn na trhu pr\u00e1ce ztratil * mladistv\u00fd, t\u011b\u017ece zrakov\u011b posti\u017een\u00fd od d\u011btstv\u00ed, kter\u00fd se p\u0159ipravoval na pracovn\u00ed uplatn\u011bn\u00ed ve speci\u00e1ln\u00ed \u0161kole nebo integrovan\u011b, ale z d\u016fvodu specifick\u00e9 situace ve sv\u00e9m regionu zam\u011bstn\u00e1n\u00ed nenalezl * kombinovan\u011b posti\u017een\u00fd (zrakov\u011b + ment\u00e1ln\u011b nebo sluchov\u011b, t\u011blesn\u011b posti\u017een\u00fd), u kter\u00e9ho je p\u0159edpoklad, \u017ee po absolvov\u00e1n\u00ed kurzu soci\u00e1ln\u00ed rehabilitace a z\u00e1cviku na jednoduchou manu\u00e1ln\u00ed \u010dinnost bude schopen samostatn\u00e9ho \u017eivota a uplatn\u00ed se v chr\u00e1n\u011bn\u00e9m prost\u0159ed\u00ed i po pracovn\u00ed str\u00e1nce.<br \/>\nPobytov\u00e9 rehabilita\u010dn\u00ed a rekvalifika\u010dn\u00ed st\u0159edisko pro nevidom\u00e9 D\u011bdina o.p.s. Praha 6 Ruzyn\u011b, \u0160mol\u00edkova 866, PS\u010c 161 00 <\/p>\n<p>Tel. 235 32 5353, email: dedina@dedina.cz, www. dedina.cz<\/p>\n<p>\u0160estka<\/p>\n","protected":false},"excerpt":{"rendered":"<div class=\"mh-excerpt\"><p>Dv\u011b desetilet\u00ed \u00fasp\u011b\u0161n\u00e9 p\u00e9\u010de o nevidom\u00e9 a zrakov\u011b posti\u017een\u00e9 m\u00e1 za se -bou Pobytov\u00e9 rehabilita\u010dn\u00ed a rekvalifika\u010dn\u00ed st\u0159edisko pro nevidom\u00e9 D\u011bdina o.p.s.<\/p>\n<\/div>","protected":false},"author":1,"featured_media":19086,"comment_status":"open","ping_status":"closed","sticky":false,"template":"","format":"standard","meta":{"footnotes":""},"categories":[7],"tags":[],"class_list":["post-22126","post","type-post","status-publish","format-standard","has-post-thumbnail","hentry","category-spolecnost"],"_links":{"self":[{"href":"https:\/\/www.invarena.cz\/index.php?rest_route=\/wp\/v2\/posts\/22126","targetHints":{"allow":["GET"]}}],"collection":[{"href":"https:\/\/www.invarena.cz\/index.php?rest_route=\/wp\/v2\/posts"}],"about":[{"href":"https:\/\/www.invarena.cz\/index.php?rest_route=\/wp\/v2\/types\/post"}],"author":[{"embeddable":true,"href":"https:\/\/www.invarena.cz\/index.php?rest_route=\/wp\/v2\/users\/1"}],"replies":[{"embeddable":true,"href":"https:\/\/www.invarena.cz\/index.php?rest_route=%2Fwp%2Fv2%2Fcomments&post=22126"}],"version-history":[{"count":0,"href":"https:\/\/www.invarena.cz\/index.php?rest_route=\/wp\/v2\/posts\/22126\/revisions"}],"wp:featuredmedia":[{"embeddable":true,"href":"https:\/\/www.invarena.cz\/index.php?rest_route=\/wp\/v2\/media\/19086"}],"wp:attachment":[{"href":"https:\/\/www.invarena.cz\/index.php?rest_route=%2Fwp%2Fv2%2Fmedia&parent=22126"}],"wp:term":[{"taxonomy":"category","embeddable":true,"href":"https:\/\/www.invarena.cz\/index.php?rest_route=%2Fwp%2Fv2%2Fcategories&post=22126"},{"taxonomy":"post_tag","embeddable":true,"href":"https:\/\/www.invarena.cz\/index.php?rest_route=%2Fwp%2Fv2%2Ftags&post=22126"}],"curies":[{"name":"wp","href":"https:\/\/api.w.org\/{rel}","templated":true}]}}