{"id":22160,"date":"2015-07-18T09:23:40","date_gmt":"2015-07-18T07:23:40","guid":{"rendered":"http:\/\/www.invarena.cz\/?p=22160"},"modified":"2015-07-18T09:23:40","modified_gmt":"2015-07-18T07:23:40","slug":"rozhodujici-je-pro-me-dobry-pocit-rika-sportovec-ve-tme-marek-simicek","status":"publish","type":"post","link":"https:\/\/www.invarena.cz\/?p=22160","title":{"rendered":"Rozhoduj\u00edc\u00ed je pro m\u011b dobr\u00fd pocit, \u0159\u00edk\u00e1 sportovec ve tm\u011b Marek \u0160im\u00ed\u010dek"},"content":{"rendered":"<p><strong>Zdolat p\u016flmaraton \u010di p\u0159ekonat 50 kilometr\u016f v b\u00edl\u00e9 stop\u011b. To jsou v\u00fdkony, na kter\u00e9 se s respektem mus\u00ed d\u00edvat snad ka\u017ed\u00fd, komu sport nen\u00ed \u00fapln\u011b ciz\u00ed.<\/strong> <!--more--><\/p>\n<p>Marek \u0160im\u00ed\u010dek z Horn\u00ed Mo\u0161t\u011bnice tyto v\u00fdzvy p\u0159ekon\u00e1v\u00e1 navzdory sv\u00e9mu handicapu. Je zcela nevidom\u00fd.<br \/>\n&#8222;M\u00e1mu n\u00e1s v Mo\u0161t\u011bnici m\u00edsto, kdeb\u011bh\u00e1mdo kopce. Po stran\u011b je mez, po kter\u00e9 jedu h\u016flkou anebo \u010dasto b\u011b\u017e\u00edm s n\u011bkter\u00fdm z d\u011bt\u00ed, kter\u00e9 jede na kole. D\u011bti m\u00e1m t\u0159i, tak\u017ee je m\u016f\u017eu st\u0159\u00eddat,&#8220; sm\u011bje se \u0160im\u00ed\u010dek, kdy\u017e popisuje sv\u016fj b\u011b\u017eeck\u00fd tr\u00e9nink.<br \/>\nZrak ztratil ve sv\u00fdch osmn\u00e1cti letech vinou \u00farazu. Psal se rok 1990 a do t\u00e9 doby \u017e\u00e1dn\u00fd sport z\u00e1vodn\u011b neprovozoval. Impulz p\u0159i\u0161el v dob\u011b, kdy se se sv\u00fdm posti\u017een\u00edm u\u010dil \u017e\u00edt v rehabilita\u010dn\u00edm st\u0159edisku ve slovensk\u00e9 Levo\u010di. &#8222;Kdy\u017e u\u017e jsem ve st\u0159edisku skoro kon\u010dil, po\u0159\u00e1daly se na atletick\u00e9 dr\u00e1ze z\u00e1vody a j\u00e1 jsem poslouchal, o jak\u00fdch \u010dasech se kolem m\u011b bav\u00ed. \u0158\u00edkal jsem si, \u017ee takov\u00e9 jsem ve \u0161kole p\u0159ece taky zvl\u00e1dal a zkusil si dvan\u00e1ctiminutov\u00fd b\u011bh,&#8220; vypr\u00e1v\u00ed \u0160im\u00ed\u010dek.<br \/>\nZakr\u00e1tko mo\u0161t\u011bnick\u00fd rod\u00e1k ub\u011bhl sv\u016fj prvn\u00ed p\u016flmaraton a sportu se u\u017e nevzdal. Coby b\u011b\u017eec na ly\u017e\u00edch se z\u00fa\u010dastnil nejen evropsk\u00fdch \u0161ampion\u00e1t\u016f, ale \u010ceskou republiku reprezentoval tak\u00e9 na paralympi\u00e1d\u011b v roce 1994 v Lillehammeru. Zde se z\u00fa\u010dastnil mimo jin\u00e9 biatlonu, kter\u00fd dokon\u010dil na \u0161est\u00e9m m\u00edst\u011b. &#8222;V biatlonu se b\u011bh na ly\u017e\u00edch spojuje se simulovanou zvukovou st\u0159elbou, a to je s\u00e1m o sob\u011b zase \u00fapln\u011b jin\u00fd, klidn\u00fd sport,&#8220; vysv\u011btluje dnes \u010dty\u0159ia\u010dty\u0159icetilet\u00fd \u0160im\u00ed\u010dek.<br \/>\nP\u0159i v\u00fd\u010dtu jeho sportovn\u00edch aktivit v\u0161ak krom\u011b simulovan\u00e9 zvukov\u00e9 st\u0159elby nesm\u00ed stranou z\u016fstat ani triatlon nebo aquatlon, zahrnuj\u00edc\u00ed plav\u00e1n\u00ed a b\u011bh. Samoz\u0159ejm\u011b, nevidom\u00fd atlet se na sout\u011b\u017en\u00edch trat\u00edch neobejde bez vodi\u010de neboli tras\u00e9ra. &#8222;Ten mus\u00ed b\u00fdt je\u0161t\u011b o n\u011bco lep\u0161\u00ed ne\u017e z\u00e1vodn\u00edk. M\u016fj standardn\u00ed tras\u00e9r, kter\u00e9ho jsem naposledy m\u011bl, odjel pracovat do N\u011bmecka, tak\u017ee moment\u00e1ln\u011b m\u00e1m p\u0159\u00edle\u017eitostn\u00e9 vodi\u010de,&#8220; \u0159\u00edk\u00e1 \u0160im\u00ed\u010dek. Za sv\u00e9 v\u00fdkony byl naposledy ocen\u011bn\u00fd v prosinci, kdy\u017e obsadil druhou p\u0159\u00ed\u010dku v kategorii nejlep\u0161\u00ed handicapovan\u00fd sportovec Olomouck\u00e9ho kraje. Jak ale s\u00e1m skromn\u011b \u0159\u00edk\u00e1, dop\u0159edu ho \u017eene n\u011bco jin\u00e9ho. &#8222;Ned\u011bl\u00e1m to ani tak pro v\u00fdkony. Ty m\u011b sice pot\u011b\u0161\u00ed, ale nen\u00ed to \u00fapln\u011b hlavn\u00ed krit\u00e9rium. Rozhoduj\u00edc\u00ed je pro m\u011b dobr\u00fd pocit ze sportu,&#8220; podot\u00fdk\u00e1.<br \/>\nV tomto roce u\u017e zku\u0161en\u00fd univerz\u00e1l absolvoval nap\u0159\u00edklad slavn\u00fd z\u00e1vod v d\u00e1lkov\u00e9m ly\u017eov\u00e1n\u00ed \u2013 Jizerskou pades\u00e1tku nebo 350 kilometr\u016f dlouh\u00fd \u0161tafetov\u00fd b\u011bh Vltava Run. D\u00e1l jej \u010dek\u00e1 t\u0159eba z\u00e1\u0159ijov\u00e1 &#8222;Des\u00edtka okolo kom\u00edna&#8220; v are\u00e1lu p\u0159erovsk\u00e9 Prechezy. &#8222;Letos jsem po\u010det z\u00e1vod\u016f, taky na p\u0159\u00e1n\u00ed man\u017eelky, m\u00edrn\u011b zredukoval,&#8220; prozrazuje zvesela \u0160im\u00ed\u010dek, kter\u00fd vedle sv\u00e9 sportovn\u00ed kari\u00e9ry zvl\u00e1d\u00e1 pr\u00e1ci oper\u00e1tora p\u0159erovsk\u00fdch soci\u00e1ln\u00edch slu\u017eeb.<\/p>\n<p>Nov\u00e9 P\u0159erovsko \u2013 t\u00fdden\u00edk<\/p>\n","protected":false},"excerpt":{"rendered":"<div class=\"mh-excerpt\"><p>Zdolat p\u016flmaraton \u010di p\u0159ekonat 50 kilometr\u016f v b\u00edl\u00e9 stop\u011b. To jsou v\u00fdkony, na kter\u00e9 se s respektem mus\u00ed d\u00edvat snad ka\u017ed\u00fd, komu sport nen\u00ed \u00fapln\u011b <a class=\"mh-excerpt-more\" href=\"https:\/\/www.invarena.cz\/?p=22160\" title=\"Rozhoduj\u00edc\u00ed je pro m\u011b dobr\u00fd pocit, \u0159\u00edk\u00e1 sportovec ve tm\u011b Marek \u0160im\u00ed\u010dek\">[&#8230;]<\/a><\/p>\n<\/div>","protected":false},"author":1,"featured_media":3929,"comment_status":"open","ping_status":"closed","sticky":false,"template":"","format":"standard","meta":{"footnotes":""},"categories":[7],"tags":[],"class_list":["post-22160","post","type-post","status-publish","format-standard","has-post-thumbnail","hentry","category-spolecnost"],"_links":{"self":[{"href":"https:\/\/www.invarena.cz\/index.php?rest_route=\/wp\/v2\/posts\/22160","targetHints":{"allow":["GET"]}}],"collection":[{"href":"https:\/\/www.invarena.cz\/index.php?rest_route=\/wp\/v2\/posts"}],"about":[{"href":"https:\/\/www.invarena.cz\/index.php?rest_route=\/wp\/v2\/types\/post"}],"author":[{"embeddable":true,"href":"https:\/\/www.invarena.cz\/index.php?rest_route=\/wp\/v2\/users\/1"}],"replies":[{"embeddable":true,"href":"https:\/\/www.invarena.cz\/index.php?rest_route=%2Fwp%2Fv2%2Fcomments&post=22160"}],"version-history":[{"count":0,"href":"https:\/\/www.invarena.cz\/index.php?rest_route=\/wp\/v2\/posts\/22160\/revisions"}],"wp:featuredmedia":[{"embeddable":true,"href":"https:\/\/www.invarena.cz\/index.php?rest_route=\/wp\/v2\/media\/3929"}],"wp:attachment":[{"href":"https:\/\/www.invarena.cz\/index.php?rest_route=%2Fwp%2Fv2%2Fmedia&parent=22160"}],"wp:term":[{"taxonomy":"category","embeddable":true,"href":"https:\/\/www.invarena.cz\/index.php?rest_route=%2Fwp%2Fv2%2Fcategories&post=22160"},{"taxonomy":"post_tag","embeddable":true,"href":"https:\/\/www.invarena.cz\/index.php?rest_route=%2Fwp%2Fv2%2Ftags&post=22160"}],"curies":[{"name":"wp","href":"https:\/\/api.w.org\/{rel}","templated":true}]}}