{"id":22161,"date":"2015-07-17T10:03:12","date_gmt":"2015-07-17T08:03:12","guid":{"rendered":"http:\/\/www.invarena.cz\/?p=22161"},"modified":"2015-07-17T10:03:12","modified_gmt":"2015-07-17T08:03:12","slug":"marek-cvici-mozek-metodou-z-alabamy","status":"publish","type":"post","link":"https:\/\/www.invarena.cz\/?p=22161","title":{"rendered":"Marek cvi\u010d\u00ed mozek metodou z Alabamy"},"content":{"rendered":"<p><strong>M\u00e1 pr\u00e1zdniny. P\u0159ed p\u00e1r dny oslavil dvan\u00e1ct\u00e9 narozeniny. M\u00edsto oslav a b\u011bh\u00e1n\u00ed po venku se spolu\u017e\u00e1ky ale Marek Jure\u010dka z Kop\u0159ivnice denn\u011b tvrd\u011b d\u0159e na tom, aby zlep\u0161il svoji kondici.<\/strong> <!--more--><\/p>\n<p>KLIMKOVICE P\u0159esn\u011bji \u2013 rehabilituje v klimkovick\u00fdch l\u00e1zn\u00edch, kde se s pomoc\u00ed odborn\u00edk\u016f sna\u017e\u00ed zm\u00edrnit n\u00e1sledky mozkov\u00e9 mrtvice. Tu chlapec utrp\u011bl hned po narozen\u00ed. Tehdy mu ochrnula prav\u00e1 polovina t\u011bla.<\/p>\n<p>Markovi rehabilitace nevad\u00ed. Naopak. &#8222;Bav\u00ed m\u011b,&#8220; tvrd\u00ed. Uji\u0161\u0165uje, \u017ee v l\u00e1zn\u00edch se mu l\u00edb\u00ed: &#8222;Nenud\u00edm se a m\u00e1m tu k\u00e1mo\u0161e. Dneska jsem p\u0159ekonal dva osobn\u00ed rekordy. A nad terapeutkou vyhr\u00e1v\u00e1m ve \u0161prtci.&#8220;<\/p>\n<p>I kdy\u017e m\u00e1 probl\u00e9m s hybnost\u00ed prav\u00e9 nohy a ruky, je zap\u00e1len\u00fd sportovec. &#8222;Proto ho souboj ve stoln\u00edm hokeji \u2013 \u0161prtci hodn\u011b motivuje. Chce vyhr\u00e1vat a da\u0159\u00ed se mu to. Hrajeme za odm\u011bnu, kdy\u017e p\u0159ekon\u00e1 n\u011bjak\u00fd sv\u016fj osobn\u00ed rekord. Nejen proto se ale sna\u017e\u00ed. M\u00e1 dv\u011b velk\u00e1 p\u0159\u00e1n\u00ed. Chce se zlep\u0161it v ping-pongu natolik, aby se brzy mohl z\u00fa\u010dastnit turnaje a zvl\u00e1dl pod\u00e1n\u00ed vyhozen\u00edm m\u00ed\u010dku pravou rukou. A tak\u00e9 chce um\u011bt vykopnout fotbalov\u00fd m\u00ed\u010d do vzduchu,&#8220; l\u00ed\u010d\u00ed Markova terapeutka Karin Lask\u00e1.<\/p>\n<p>Loni chlapci pom\u00e1hala s terapi\u00ed ruky. &#8222;Kdy\u017e p\u0159i\u0161el, nedok\u00e1zal vyto\u010dit dla\u0148 nahoru a rozev\u0159\u00edt prsty. P\u0159i h\u0159e stoln\u00edho tenisu proto nepod\u00e1val, nemohl uv\u00e9st m\u00ed\u010dek do pohybu. Po terapii u\u017e to zvl\u00e1dl, i kdy\u017e bez nadhazov\u00e1n\u00ed m\u00ed\u010dku,&#8220; vzpom\u00edn\u00e1 Lask\u00e1. Letos mu pom\u00e1h\u00e1 l\u00e9pe rozh\u00fdbat nohu. &#8222;Jeho ch\u016fze byla je\u0161t\u011b v \u010dervnu nejist\u00e1, zpomalen\u00e1, nedok\u00e1zal zvednout \u0161pi\u010dku prav\u00e9 nohy. Po t\u0159ech t\u00fddnech chod\u00ed mnohem l\u00e9pe a m\u00ed\u010d, kter\u00fd d\u0159\u00edv kut\u00e1lel po zemi, u\u017e dok\u00e1\u017ee zvednout do v\u00fd\u0161ky jednoho metru,&#8220; popisuje Lask\u00e1.<\/p>\n<p>Marek je jej\u00ed prvn\u00ed d\u011btsk\u00fd pacient, kter\u00fd podstupuje speci\u00e1ln\u00ed terapii \u2013 CI Therapy \u2013 pro doln\u00ed kon\u010detinu. Vlastn\u011b je prvn\u00edm d\u011btsk\u00fdm pacientem ve st\u0159edn\u00ed Evrop\u011b, kter\u00fd ov\u011b\u0159uje \u00fa\u010dinnost programu nehrazen\u00e9ho zdravotn\u00edmi poji\u0161\u0165ovnami.<\/p>\n<p>Sanatoria Klimkovice se u\u017e del\u0161\u00ed dobu s \u00fasp\u011bchem v\u011bnuj\u00ed intenzivn\u00ed rehabilitaci pacient\u016f s omezenou hybnost\u00ed kon\u010detin zp\u016fsobenou c\u00e9vn\u00ed mozkovou p\u0159\u00edhodou, d\u011btskou mozkovou obrnou, roztrou\u0161enou skler\u00f3zou nebo \u00farazem.<\/p>\n<p>Komplexn\u00ed metodiku CI terapie, kterou vymysleli odborn\u00edci z Alabamsk\u00e9 univerzity v Birminghamu, zavedli v Klimkovic\u00edch p\u0159ed t\u0159emi lety, ale doned\u00e1vna ji nab\u00edzeli v\u00fdhradn\u011b dosp\u011bl\u00fdm lidem. A\u017e ned\u00e1vno za\u010dali s rehabilitac\u00ed ruky u d\u011bt\u00ed. Zat\u00edm ji absolvovalo dev\u011bt pacient\u016f v\u010detn\u011b Marka. A te\u010f za\u010d\u00ednaj\u00ed i s programem l\u00e9\u010dby d\u011btsk\u00e9 nohy. Hned po Markovi nastoup\u00ed dal\u0161\u00ed dva pacienti. &#8222;Ruku i nohu nelze touto metodou rehabilitovat najednou. Mozek by si nedok\u00e1zal zafixovat tolik podn\u011bt\u016f,&#8220; vysv\u011btluje Lask\u00e1. Ale netaj\u00ed, \u017ee u Marka vyu\u017eila \u010das pobytu v l\u00e1zn\u00edch i k upevn\u011bn\u00ed n\u00e1vyk\u016f, kter\u00e9 z\u00edskal minule p\u0159i rehabilitaci posti\u017een\u00e9 ruky. &#8222;Rodi\u010de jsou na n\u011bj a\u017e moc hodn\u00ed a j\u00e1 zjistila, \u017ee Marek trochu polevil. Kdy\u017e mu n\u011bco ne\u0161lo, pomohl si levou rukou. Podm\u00ednkou \u00fasp\u011bchu CI terapie je ale pr\u00e1v\u011b stimulace mozku pou\u017e\u00edv\u00e1n\u00edm posti\u017een\u00e9 kon\u010detiny. Abychom dos\u00e1hli co nejlep\u0161\u00edch v\u00fdsledk\u016f, je nutn\u00e9 zdravou ruku znehybnit. Zku\u0161enosti ukazuj\u00ed, \u017ee to v\u00fdborn\u011b funguje. Marek nen\u00ed v\u00fdjimka,&#8220; tvrd\u00ed Lask\u00e1.<\/p>\n<p>S v\u00fdsledky rehabilitace je spokojen\u00e1 nejen ona a jej\u00ed pacient, ale tak\u00e9 jeho rodi\u010de. &#8222;Pokrok je viditeln\u00fd,&#8220; \u0159\u00edk\u00e1 p\u0159esv\u011bd\u010div\u011b chlapcova matka Pavla Jure\u010dkov\u00e1. Souhlas\u00ed i otec. &#8222;V p\u0159ed\u0161koln\u00edm v\u011bku Marka jsme tak\u00e9 jezdili do Klimkovic a rehabilitovali i jinde, ale zlep\u0161en\u00ed nikdy nebylo tak rychl\u00e9 jako dnes,&#8220; m\u00edn\u00ed Radim Jure\u010dka, kter\u00fd se synem tr\u00e9nuje stoln\u00ed tenis a sl\u00edbil mu, \u017ee a\u017e se zlep\u0161\u00ed, p\u0159ihl\u00e1s\u00ed ho na turnaj.<\/p>\n<p>&#8222;Zjist\u00ed sice, \u017ee nem\u016f\u017ee vyhr\u00e1t, ale motivace je to dobr\u00e1. To, \u017ee l\u00e9pe chod\u00ed nebo oto\u010d\u00ed dla\u0148, je toti\u017e d\u016fle\u017eit\u00e9 hlavn\u011b pro jeho b\u011b\u017en\u00fd \u017eivot. D\u0159\u00edv si nap\u0159\u00edklad nemohl pravou rukou nabrat ani pol\u00e9vku, p\u0159\u00edbor dr\u017eel jen v lev\u00e9 ruce. Te\u010f u\u017e je to jin\u00e9. A nejen to. Marek se zlep\u0161il i ve \u0161kole. S pomoc\u00ed asistentky chod\u00ed do b\u011b\u017en\u00e9 t\u0159\u00eddy,&#8220; dodal Radim Jure\u010dka.<\/p>\n<p>Mlad\u00e1 fronta DNES<\/p>\n","protected":false},"excerpt":{"rendered":"<div class=\"mh-excerpt\"><p>M\u00e1 pr\u00e1zdniny. P\u0159ed p\u00e1r dny oslavil dvan\u00e1ct\u00e9 narozeniny. M\u00edsto oslav a b\u011bh\u00e1n\u00ed po venku se spolu\u017e\u00e1ky ale Marek Jure\u010dka z Kop\u0159ivnice denn\u011b tvrd\u011b d\u0159e na <a class=\"mh-excerpt-more\" href=\"https:\/\/www.invarena.cz\/?p=22161\" title=\"Marek cvi\u010d\u00ed mozek metodou z Alabamy\">[&#8230;]<\/a><\/p>\n<\/div>","protected":false},"author":1,"featured_media":5279,"comment_status":"open","ping_status":"closed","sticky":false,"template":"","format":"standard","meta":{"footnotes":""},"categories":[9],"tags":[],"class_list":["post-22161","post","type-post","status-publish","format-standard","has-post-thumbnail","hentry","category-zpravy"],"_links":{"self":[{"href":"https:\/\/www.invarena.cz\/index.php?rest_route=\/wp\/v2\/posts\/22161","targetHints":{"allow":["GET"]}}],"collection":[{"href":"https:\/\/www.invarena.cz\/index.php?rest_route=\/wp\/v2\/posts"}],"about":[{"href":"https:\/\/www.invarena.cz\/index.php?rest_route=\/wp\/v2\/types\/post"}],"author":[{"embeddable":true,"href":"https:\/\/www.invarena.cz\/index.php?rest_route=\/wp\/v2\/users\/1"}],"replies":[{"embeddable":true,"href":"https:\/\/www.invarena.cz\/index.php?rest_route=%2Fwp%2Fv2%2Fcomments&post=22161"}],"version-history":[{"count":0,"href":"https:\/\/www.invarena.cz\/index.php?rest_route=\/wp\/v2\/posts\/22161\/revisions"}],"wp:featuredmedia":[{"embeddable":true,"href":"https:\/\/www.invarena.cz\/index.php?rest_route=\/wp\/v2\/media\/5279"}],"wp:attachment":[{"href":"https:\/\/www.invarena.cz\/index.php?rest_route=%2Fwp%2Fv2%2Fmedia&parent=22161"}],"wp:term":[{"taxonomy":"category","embeddable":true,"href":"https:\/\/www.invarena.cz\/index.php?rest_route=%2Fwp%2Fv2%2Fcategories&post=22161"},{"taxonomy":"post_tag","embeddable":true,"href":"https:\/\/www.invarena.cz\/index.php?rest_route=%2Fwp%2Fv2%2Ftags&post=22161"}],"curies":[{"name":"wp","href":"https:\/\/api.w.org\/{rel}","templated":true}]}}