{"id":22163,"date":"2015-07-17T10:07:20","date_gmt":"2015-07-17T08:07:20","guid":{"rendered":"http:\/\/www.invarena.cz\/?p=22163"},"modified":"2015-07-17T10:07:20","modified_gmt":"2015-07-17T08:07:20","slug":"ministr-chce-zjednodusit-prodej-domacich-potravin","status":"publish","type":"post","link":"https:\/\/www.invarena.cz\/?p=22163","title":{"rendered":"Ministr chce zjednodu\u0161it prodej dom\u00e1c\u00edch potravin"},"content":{"rendered":"<p><strong>Ministerstvo zem\u011bd\u011blstv\u00ed po\u010d\u00edt\u00e1 v p\u0159ipravovan\u00e9 vyhl\u00e1\u0161ce k z\u00e1konu o potravin\u00e1ch se zjednodu\u0161en\u00edm pro mal\u00e9 v\u00fdrobce produkt\u016f rostlinn\u00e9ho p\u016fvodu, nap\u0159\u00edklad dom\u00e1c\u00edch marmel\u00e1d nebo pern\u00ed\u010dk\u016f.<\/strong><!--more--><\/p>\n<p>Podle rezortn\u00edho mluv\u010d\u00edho Hynka Jord\u00e1na by mohla nov\u00e1 pravidla za\u010d\u00edt platit od p\u0159\u00ed\u0161t\u00edho roku. Mal\u00ed v\u00fdrobci by pot\u00e9 nap\u0159\u00edklad nemuseli ps\u00e1t na sv\u00e9 v\u00fdrobky nutri\u010dn\u00ed hodnoty produktu.<\/p>\n<p>&#8222;Zad\u00e1n\u00ed je jednoduch\u00e9: odli\u0161it v\u00fdrobce, kter\u00fd zam\u011bstn\u00e1v\u00e1 stovky lid\u00ed, od \u010dlov\u011bka, kter\u00fd d\u011bl\u00e1 \u0159emeslnou v\u00fdrobu,&#8220; \u0159ekl dnes \u010cTK ministr zem\u011bd\u011blstv\u00ed Marian Jure\u010dka (KDU-\u010cSL). Nap\u0159\u00edklad u \u0159emesln\u00fdch peka\u0159\u016f je podle n\u011bj psan\u00ed nutri\u010dn\u00edch hodnot problematick\u00e9, \u010dasto ani nev\u00ed, jak\u00e1 data by m\u011bli zapsat. &#8222;Nem\u00e1 (peka\u0159) unifikovan\u00fd v\u00fdrobek, na kter\u00e9m by to spo\u010d\u00edtal, zm\u011b\u0159il a mohl to na obal ps\u00e1t, tak\u017ee pot\u0159ebujeme tyhle v\u011bci odli\u0161it,&#8220; vysv\u011btlil.<\/p>\n<p>Zm\u011bny by se m\u011bly t\u00fdkat i zleh\u010den\u00ed hygienick\u00fdch podm\u00ednek, zat\u00edm je ale ministerstvo nespecifikovalo.<\/p>\n<p>V sou\u010dasnosti nen\u00ed mo\u017en\u00e9 prod\u00e1vat vlastn\u00ed potravin\u00e1\u0159sk\u00e9 v\u00fdrobky nap\u0159\u00edklad na farm\u00e1\u0159sk\u00fdch trz\u00edch bez nutnosti dodr\u017eov\u00e1n\u00ed p\u0159\u00edsn\u00fdch hygienick\u00fdch i bezpe\u010dnostn\u00edch norem p\u0159i jeho v\u00fdrob\u011b.<\/p>\n","protected":false},"excerpt":{"rendered":"<div class=\"mh-excerpt\"><p>Ministerstvo zem\u011bd\u011blstv\u00ed po\u010d\u00edt\u00e1 v p\u0159ipravovan\u00e9 vyhl\u00e1\u0161ce k z\u00e1konu o potravin\u00e1ch se zjednodu\u0161en\u00edm pro mal\u00e9 v\u00fdrobce produkt\u016f rostlinn\u00e9ho p\u016fvodu, nap\u0159\u00edklad dom\u00e1c\u00edch marmel\u00e1d nebo pern\u00ed\u010dk\u016f.<\/p>\n<\/div>","protected":false},"author":1,"featured_media":0,"comment_status":"open","ping_status":"closed","sticky":false,"template":"","format":"standard","meta":{"footnotes":""},"categories":[9],"tags":[],"class_list":["post-22163","post","type-post","status-publish","format-standard","hentry","category-zpravy"],"_links":{"self":[{"href":"https:\/\/www.invarena.cz\/index.php?rest_route=\/wp\/v2\/posts\/22163","targetHints":{"allow":["GET"]}}],"collection":[{"href":"https:\/\/www.invarena.cz\/index.php?rest_route=\/wp\/v2\/posts"}],"about":[{"href":"https:\/\/www.invarena.cz\/index.php?rest_route=\/wp\/v2\/types\/post"}],"author":[{"embeddable":true,"href":"https:\/\/www.invarena.cz\/index.php?rest_route=\/wp\/v2\/users\/1"}],"replies":[{"embeddable":true,"href":"https:\/\/www.invarena.cz\/index.php?rest_route=%2Fwp%2Fv2%2Fcomments&post=22163"}],"version-history":[{"count":0,"href":"https:\/\/www.invarena.cz\/index.php?rest_route=\/wp\/v2\/posts\/22163\/revisions"}],"wp:attachment":[{"href":"https:\/\/www.invarena.cz\/index.php?rest_route=%2Fwp%2Fv2%2Fmedia&parent=22163"}],"wp:term":[{"taxonomy":"category","embeddable":true,"href":"https:\/\/www.invarena.cz\/index.php?rest_route=%2Fwp%2Fv2%2Fcategories&post=22163"},{"taxonomy":"post_tag","embeddable":true,"href":"https:\/\/www.invarena.cz\/index.php?rest_route=%2Fwp%2Fv2%2Ftags&post=22163"}],"curies":[{"name":"wp","href":"https:\/\/api.w.org\/{rel}","templated":true}]}}