{"id":22164,"date":"2015-07-17T10:51:09","date_gmt":"2015-07-17T08:51:09","guid":{"rendered":"http:\/\/www.invarena.cz\/?p=22164"},"modified":"2015-07-17T10:51:09","modified_gmt":"2015-07-17T08:51:09","slug":"zamestnavatele-musi-pri-vedrech-zajistit-dostatek-tekutin","status":"publish","type":"post","link":"https:\/\/www.invarena.cz\/?p=22164","title":{"rendered":"Zam\u011bstnavatel\u00e9 mus\u00ed p\u0159i vedrech zajistit dostatek tekutin"},"content":{"rendered":"<p><strong>Zam\u011bstnavatel\u00e9 mus\u00ed p\u0159i vedrech zajistit sv\u00fdm pracovn\u00edk\u016fm dostatek tekutin, klimatizace v\u0161ak ze z\u00e1kona povinn\u00e1 nen\u00ed, dnes sd\u011blila person\u00e1ln\u011b-poradensk\u00e9 spole\u010dnosti McROY Czech.<\/strong><!--more--><\/p>\n<p>ilustra\u010dn\u00ed foto: PhotoXpress.com<\/p>\n<p>\u010cesku hroz\u00ed v p\u0159\u00ed\u0161t\u00edch dnech vysok\u00e9 teploty. V\u00fdstraha plat\u00ed pro celou \u010cR od p\u00e1te\u010dn\u00edho poledne. V sobotu m\u016f\u017ee teplota vystoupat a\u017e na 37 stup\u0148\u016f Celsia.<\/p>\n<p>&#8222;Povinnost\u00ed zam\u011bstnavatele je zajistit takov\u00e9 podm\u00ednky, kter\u00e9 umo\u017e\u0148uj\u00ed bezpe\u010dn\u00fd v\u00fdkon pr\u00e1ce. Sem nap\u0159\u00edklad spad\u00e1 poskytnut\u00ed n\u00e1poj\u016f na pracovi\u0161ti,&#8220; uvedla Romana Ra\u0161kov\u00e1 z McROY Czech.<\/p>\n<p>Z\u00e1kon podle n\u00ed hovo\u0159\u00ed o takzvan\u00fdch ochrann\u00fdch n\u00e1poj\u00edch. Ty by m\u011bly b\u00fdt dostupn\u00e9 na pracovi\u0161t\u00edch, kde nelze horku uniknout a teplom\u011br se \u0161plh\u00e1 p\u0159es 34 stup\u0148\u016f Celsia. T\u00fdk\u00e1 se to nap\u0159\u00edklad \u0159idi\u010d\u016f z povol\u00e1n\u00ed, zedn\u00edk\u016f, pokr\u00fdva\u010d\u016f, serv\u00edrek a dal\u0161\u00edch zam\u011bstnanc\u016f, kte\u0159\u00ed pracuj\u00ed p\u0159ev\u00e1\u017en\u011b venku.<\/p>\n<p>Jako minim\u00e1ln\u00ed mno\u017estv\u00ed ochrann\u00e9ho n\u00e1poje se uv\u00e1d\u00ed 1,5 litru na osobu za sm\u011bnu, p\u0159i extr\u00e9mn\u00edch venkovn\u00edch podm\u00ednk\u00e1ch je to a\u017e 2,5 litru. To se t\u00fdk\u00e1 tak\u00e9 kancel\u00e1\u0159\u00ed s teplotou nad 34 stup\u0148\u016f. Seznam ochrann\u00fdch n\u00e1poj\u016f vypracov\u00e1v\u00e1 zam\u011bstnavatel ve spolupr\u00e1ci se z\u00e1vodn\u00edm l\u00e9ka\u0159em. Ochrann\u00fd n\u00e1poj mus\u00ed b\u00fdt na pracovi\u0161ti snadno a rychle dostupn\u00fd.<\/p>\n<p>&#8222;Zaji\u0161t\u011bn\u00ed klimatizace ov\u0161em nelze po zam\u011bstnavateli vy\u017eadovat. Nicm\u00e9n\u011b pokud teplota na pracovi\u0161ti dosahuje v\u00edce ne\u017e 36 stup\u0148\u016f Celsia, je nutn\u00e9 individu\u00e1ln\u011b posuzovat tepelnou z\u00e1t\u011b\u017e zam\u011bstnanc\u016f na pracovi\u0161ti,&#8220; dodala Ra\u0161kov\u00e1.<\/p>\n<p>Tam, kde klimatizace je, upravuje jej\u00ed teplotu na\u0159\u00edzen\u00ed vl\u00e1dy. P\u0159i pr\u00e1ci s minimem pohybu m\u00e1 b\u00fdt teplota nastavena na 24,5 stup\u0148\u016f celsia. P\u0159i lehk\u00e9 manu\u00e1ln\u00ed pr\u00e1ci nebo p\u0159i \u0159\u00edzen\u00ed osobn\u00edho vozidla m\u00e1 b\u00fdt teplota klimatizace nastavena na 23 stup\u0148\u016f. Pokud se tak nestane, nezb\u00fdv\u00e1 zam\u011bstnanc\u016fm, ne\u017e se obr\u00e1tit na hygienickou stanici nebo oblastn\u00ed inspektor\u00e1t pr\u00e1ce. N\u011bkte\u0159\u00ed zam\u011bstnavatel\u00e9 situaci \u0159e\u0161\u00ed tak, \u017ee zkracuj\u00ed sv\u00fdm zam\u011bstnanc\u016fm pracovn\u00ed dobu nebo \u010dast\u011bji za\u0159azuj\u00ed p\u0159est\u00e1vky.<\/p>\n<p>Vysok\u00e9 teploty mohou v\u00e9st k p\u0159eh\u0159\u00e1t\u00ed a dehydrataci organismu. Lid\u00e9 by proto m\u011bli omezit t\u011blesnou z\u00e1t\u011b\u017e, pou\u017e\u00edvat ochrann\u00e9 prost\u0159edky a nepob\u00fdvat na p\u0159\u00edm\u00e9m slunci v poledn\u00edch a odpoledn\u00edch hodin\u00e1ch. Je vhodn\u00e9 p\u00edt dostate\u010dn\u00e9 mno\u017estv\u00ed nealkoholick\u00fdch n\u00e1poj\u016f bez kofeinu.<br \/>\nVlna veder zas\u00e1hla \u010cesko tak\u00e9 na za\u010d\u00e1tku \u010dervence. Padaly des\u00edtky teplotn\u00edch rekord\u016f, rtu\u0165 se na n\u011bkter\u00fdch m\u00edstech dostala i p\u0159es 38 stup\u0148\u016f.<\/p>\n","protected":false},"excerpt":{"rendered":"<div class=\"mh-excerpt\"><p>Zam\u011bstnavatel\u00e9 mus\u00ed p\u0159i vedrech zajistit sv\u00fdm pracovn\u00edk\u016fm dostatek tekutin, klimatizace v\u0161ak ze z\u00e1kona povinn\u00e1 nen\u00ed, dnes sd\u011blila person\u00e1ln\u011b-poradensk\u00e9 spole\u010dnosti McROY Czech.<\/p>\n<\/div>","protected":false},"author":1,"featured_media":16679,"comment_status":"open","ping_status":"closed","sticky":false,"template":"","format":"standard","meta":{"footnotes":""},"categories":[11],"tags":[],"class_list":["post-22164","post","type-post","status-publish","format-standard","has-post-thumbnail","hentry","category-zdravi"],"_links":{"self":[{"href":"https:\/\/www.invarena.cz\/index.php?rest_route=\/wp\/v2\/posts\/22164","targetHints":{"allow":["GET"]}}],"collection":[{"href":"https:\/\/www.invarena.cz\/index.php?rest_route=\/wp\/v2\/posts"}],"about":[{"href":"https:\/\/www.invarena.cz\/index.php?rest_route=\/wp\/v2\/types\/post"}],"author":[{"embeddable":true,"href":"https:\/\/www.invarena.cz\/index.php?rest_route=\/wp\/v2\/users\/1"}],"replies":[{"embeddable":true,"href":"https:\/\/www.invarena.cz\/index.php?rest_route=%2Fwp%2Fv2%2Fcomments&post=22164"}],"version-history":[{"count":0,"href":"https:\/\/www.invarena.cz\/index.php?rest_route=\/wp\/v2\/posts\/22164\/revisions"}],"wp:featuredmedia":[{"embeddable":true,"href":"https:\/\/www.invarena.cz\/index.php?rest_route=\/wp\/v2\/media\/16679"}],"wp:attachment":[{"href":"https:\/\/www.invarena.cz\/index.php?rest_route=%2Fwp%2Fv2%2Fmedia&parent=22164"}],"wp:term":[{"taxonomy":"category","embeddable":true,"href":"https:\/\/www.invarena.cz\/index.php?rest_route=%2Fwp%2Fv2%2Fcategories&post=22164"},{"taxonomy":"post_tag","embeddable":true,"href":"https:\/\/www.invarena.cz\/index.php?rest_route=%2Fwp%2Fv2%2Ftags&post=22164"}],"curies":[{"name":"wp","href":"https:\/\/api.w.org\/{rel}","templated":true}]}}