{"id":22200,"date":"2015-07-25T17:05:04","date_gmt":"2015-07-25T15:05:04","guid":{"rendered":"http:\/\/www.invarena.cz\/?p=22200"},"modified":"2015-07-25T17:05:04","modified_gmt":"2015-07-25T15:05:04","slug":"ironmana-pokoril-clovek-bez-nohy-miroslav-motejzik","status":"publish","type":"post","link":"https:\/\/www.invarena.cz\/?p=22200","title":{"rendered":"Ironmana poko\u0159il \u010dlov\u011bk bez nohy. Miroslav Motejz\u00edk"},"content":{"rendered":"<p><strong>Je jedin\u00fdm t\u011blesn\u011b posti\u017een\u00fdm sportovcem bez nohy v \u010cesku a na Slovensku, kter\u00fd dok\u00e1zal zdolat Ironmana \u2013 3,8 kilometru plav\u00e1n\u00ed, 180 kilometr\u016f na kole a maraton \u2013 v sou\u010dtu 226 kilometr\u016f. <\/strong><!--more--><\/p>\n<p>Miroslav Motejz\u00edk, kter\u00fd od roku 2009 nem\u00e1 levou \u010d\u00e1st nohy od kolena dol\u016f, poko\u0159il tuto tra\u0165 20. \u010dervna leto\u0161n\u00edho roku v \u010dase 14 hodin 37 minut. A to v poli, kde bylo cca 350 z\u00e1vodn\u00edk\u016f, neskon\u010dil posledn\u00ed! &#8222;Jak vyj\u00e1d\u0159it svoje pocity? Jen t\u011b\u017eko, proto\u017ee porazit s\u00e1m sebe je v\u017edycky \u00fasp\u011bch. Ale ty v\u00ed\u0161, Pet\u0159e, o\u010dem mluv\u00edm,kdy\u017ejsis\u00e1mud\u011blalna kole trasu Kle\u0165 a zp\u00e1tky,&#8220; \u0159ekl Strakonick\u00e9mu den\u00edku Miroslav Motejz\u00edk. <\/p>\n<p>&#8211; Jak\u00e9 tedy byly tvoje pocity po prob\u011bhnut\u00ed c\u00edlem? <\/p>\n<p>Sp\u00ed\u0161 projit\u00ed, proto\u017ee posledn\u00edch t\u0159icet kilometr\u016f maratonu jsem \u0161el o berl\u00edch. O to byly pocity intenzivn\u011bj\u0161\u00ed \u2013 uvoln\u011bn\u00ed, radost, hrdost \u2013 porazil jsem s\u00e1m sebe a n\u011bkolik \u00fapln\u011b zdrav\u00fdch sportovc\u016f. <\/p>\n<p>&#8211; Pro\u010d jsi musel skoro cel\u00fd maraton j\u00edt? <\/p>\n<p>Tam, kde maj\u00ed jin\u00ed lid\u00e9 nohu, tak j\u00e1 m\u00e1m prot\u00e9zu. Pr\u00e1v\u011b n\u00e1por na zbytek nohy byl tak velk\u00fd, \u017ee za\u010dala hrozn\u011b bolet. Pokud jsem se necht\u011bl \u00fapln\u011b odrovnat, musel jsem zvolit kompromis a m\u00edsto b\u011bhu j\u00edt o berl\u00edch. <\/p>\n<p>&#8211; Co se vlastn\u011b stalo? <\/p>\n<p>Do\u0161lo k oby\u010dejn\u00e9mu p\u0159et\u00ed\u017een\u00ed lev\u00e9 nohy. U\u017e byla trochu unaven\u00e1 z kola, ale to by za norm\u00e1ln\u00edch okolnost\u00ed nevadilo. Druh\u00fd probl\u00e9m je v tom, \u017ee nezn\u00e1m nikoho, kdo by s prot\u00e9zou b\u011bhal velk\u00e9 vzd\u00e1lenosti a um\u011bl by ji optim\u00e1ln\u011b nastavit. Takhle je to podle m\u00fdch subjektivn\u00edch pocit\u016f a odhad\u016f. Tak\u00e9 mus\u00edm zlep\u0161it tr\u00e9nink okoln\u00edch sval\u016f a m\u00edt lep\u0161\u00ed stre\u010dink. <\/p>\n<p>&#8211; Nenapadalo t\u011b, \u017ee z\u00e1vod prost\u011b odp\u00edsk\u00e1\u0161? <\/p>\n<p>Bude to zn\u00edt siln\u011b, ale ani na okam\u017eik. V hlav\u011b jsem m\u011bl jedinou my\u0161lenku \u2013 dokon\u010dit za ka\u017edou cenu. Kdo v\u00ed, jestli budu m\u00edt je\u0161t\u011b n\u011bkdy v \u017eivot\u011b mo\u017enost j\u00edt do takov\u00e9ho z\u00e1vodu. <\/p>\n<p>&#8211; Pr\u00e1v\u011b kv\u016fli tv\u00e9mu zdravotn\u00edmu hendikepu jsi p\u0159ed z\u00e1vodem hodn\u011b tr\u00e9noval plav\u00e1n\u00ed a kolo. Vyplatila se tato p\u0159\u00edprava? <\/p>\n<p>Hodn\u011b se vyplatila. Plav\u00e1n\u00ed i kolo jsem zvl\u00e1dl skv\u011ble a bez v\u011bt\u0161\u00edch pot\u00ed\u017e\u00ed. A n\u011bco p\u0159es deset kilometr\u016f b\u011bhu tak\u00e9. Bohu\u017eel, pak u\u017e mi t\u011blo vypov\u011bd\u011blo slu\u017ebu. <\/p>\n<p>&#8211; Jak\u00e9 byly tr\u00e9ninkov\u00e9 d\u00e1vky? <\/p>\n<p>Pravideln\u011b jsem plaval s Pavlem Samcem, hodn\u011b jsem jezdil na kole. To byly moje siln\u011bj\u0161\u00ed str\u00e1nky, ty musely fungovat na 100 procent. <\/p>\n<p>&#8211; Jak vypadala ch\u016fze o berl\u00edch? T\u0159icet kilometr\u016f by t\u011b\u017eko dal \u010dlov\u011bk s ob\u011bma nohama&#8230; <\/p>\n<p>V\u0161elijak. Po p\u00e1r kilometrech jsem pochopiteln\u011b p\u0159et\u00ed\u017eil zdravou nohu, tak\u017ee jsem musel j\u00ed zase jinak. Chvilku jsem \u0161el norm\u00e1ln\u011b, pak trochu popob\u00edhal, potom poskakoval. Takov\u00fd indi\u00e1nsk\u00fd b\u011bh o berl\u00edch. <\/p>\n<p>&#8211; P\u0159ed z\u00e1vodem jsi mluvil o tom, \u017ee pokud se ti poda\u0159\u00ed s tv\u00fdm omezen\u00edm dokon\u010dit, bude\u0161 jedin\u00fdm \u010cechoslov\u00e1kem a mo\u017en\u00e1 Evropanem, kter\u00fd absolvoval Ironmana. Je to tak? <\/p>\n<p>Mus\u00edm trochu poopravit formulaci \u2013 jedin\u00fdm amat\u00e9rsk\u00fdm t\u011blesn\u011b posti\u017een\u00fdm sportovcem bez nohy. Ale nap\u0159\u00edklad Jirka Je\u017eek (v sou\u010dasnosti jeden z nej\u00fasp\u011b\u0161n\u011bj\u0161\u00edch hendikepovan\u00fdch sportovc\u016f sv\u011bta, \u0161estin\u00e1sobn\u00fd paralympijsk\u00fd v\u00edt\u011bz a mistr sv\u011bta, je sou\u010dasn\u011b nej\u00fasp\u011b\u0161n\u011bj\u0161\u00edm cyklistou paralympijsk\u00e9 historie \u2013 pozn. autora) se na Ironmana jednou jist\u011b tak\u00e9 vyprav\u00ed. Alespo\u0148 u\u017e o tom mluvil. A j\u00e1 v\u011b\u0159\u00edm, \u017ee by to dok\u00e1zal. <\/p>\n<p>&#8211; Jak se tv\u00e1\u0159ili z\u00e1vodn\u00edci v Otrokovic\u00edch, kdy\u017e jsi dorazil? <\/p>\n<p>S n\u011bkter\u00fdmi jsem se znal, jin\u00ed byli p\u0159ekvapen\u00ed. Ale v\u0161ichni se mi po cel\u00fd z\u00e1vod sna\u017eili povzbudit, dodat energii. Hodn\u011b z\u00e1vodn\u00edk\u016f mi \u0159\u00edkalo, \u017ee ke mn\u011b c\u00edt\u00ed obrovsk\u00fd respekt. V\u0161em takhle dodate\u010dn\u011b p\u0159es Strakonick\u00fd den\u00edk je\u0161t\u011b jednou moc d\u00edky! <\/p>\n<p>&#8211; Dos\u00e1hl jsi \u010dasu 14 hodin 37 minut. O jak\u00e9m \u010dase jsi uva\u017eoval na startu, kdy\u017e jsi je\u0161t\u011b netu\u0161il, \u017ee t\u011b noha zrad\u00ed a bude\u0161 muset j\u00edt o berl\u00edch? <\/p>\n<p>M\u011bl jsem v pl\u00e1nu \u010das kolem 12 hodin pades\u00e1ti minut a kdyby v\u0161e zafungovalo, byl by to re\u00e1ln\u00fd \u010das. <\/p>\n<p>&#8211; Do Otrokovic jste jeli \u010dty\u0159i. Jak dal\u0161\u00ed kluci dopadli? <\/p>\n<p>Jindra Kr\u00e1l\u00edk skon\u010dil celkov\u011b 18. a ve sv\u00e9 kategorii t\u0159et\u00ed, co\u017e je \u00fa\u017easn\u00fd v\u00fdkon. Petr Dvo\u0159\u00e1k dojel na 79. m\u00edst\u011b a Pavel Samec byl 119. V\u0161echna um\u00edst\u011bn\u00ed byla naprosto skv\u011bl\u00e1. A \u0161koda, \u017ee ze zdravotn\u00edch d\u016fvod\u016f nejen Jarda Pudil, kter\u00fd by ur\u010dit\u011b skon\u010dil v prvn\u00ed stovce. <\/p>\n<p>&#8211; Pom\u00e1hali ti kluci z t\u00fdmu? <\/p>\n<p>Jak se jen dalo, proto\u017ee ka\u017ed\u00fd tam byl hlavn\u011b z\u00e1vodit. Ale p\u0159i ka\u017ed\u00e9 potk\u00e1va\u010dce jsme se vz\u00e1jemn\u011b podporovali. I to je velk\u00e1 pomoc. <\/p>\n<p>&#8211; Ale Ironman m\u011bl i charitativn\u00ed podtext \u2013 pomoc hendikepovan\u00e9mu sportovci. <\/p>\n<p>Vytvo\u0159il jsem na facebooku str\u00e1nku, kde pomoc\u00ed DMS zpr\u00e1v (text: DOBRYSKUTEK na telefonn\u00ed \u010d\u00edslo 87777) mohou lid\u00e9 do konce \u010dervence pomoci hendikepovan\u00e9mu basketbalistovi, kter\u00fd pot\u0159ebuje nov\u00fd voz\u00edk. Mysl\u00edm, \u017ee v sou\u010dasn\u00e9 dob\u011b chyb\u00ed asi 19 tis\u00edc korun z celkov\u00fdch 104 tis\u00edc. <\/p>\n<p>&#8211; C\u00edl poko\u0159it Ironmana se zda\u0159il. Co d\u00e1l? <\/p>\n<p>Ur\u010dit\u011b budou dal\u0161\u00ed v\u00fdzvy. Ale jak jsem \u0159ekl na \u00favod \u2013 mus\u00edm zapracovat na kompenza\u010dn\u00edch cvi\u010den\u00edch, posilov\u00e1n\u00ed, stre\u010dinku a se\u0159\u00edzen\u00ed prot\u00e9z. <\/p>\n<p>&#8211; Ale co sportovn\u00ed aktivity? T\u0159eba n\u00e1vrat na Ironmana a d\u00e1t ho bez berl\u00ed? <\/p>\n<p>V p\u016flce srpna chceme sl\u00e9zt hory v It\u00e1lii a Rakousku. A znovu na Ironmana? Odpov\u00edm jinak: Nikdy ne\u0159\u00edkej nikdy.<\/p>\n<p>PETR \u0160KOTKO<br \/>\nStrakonick\u00fd den\u00edk<br \/>\nhttp:\/\/strakonicky.denik.cz\/<\/p>\n","protected":false},"excerpt":{"rendered":"<div class=\"mh-excerpt\"><p>Je jedin\u00fdm t\u011blesn\u011b posti\u017een\u00fdm sportovcem bez nohy v \u010cesku a na Slovensku, kter\u00fd dok\u00e1zal zdolat Ironmana \u2013 3,8 kilometru plav\u00e1n\u00ed, 180 kilometr\u016f na kole a <a class=\"mh-excerpt-more\" href=\"https:\/\/www.invarena.cz\/?p=22200\" title=\"Ironmana poko\u0159il \u010dlov\u011bk bez nohy. Miroslav Motejz\u00edk\">[&#8230;]<\/a><\/p>\n<\/div>","protected":false},"author":1,"featured_media":21009,"comment_status":"open","ping_status":"closed","sticky":false,"template":"","format":"standard","meta":{"footnotes":""},"categories":[12],"tags":[],"class_list":["post-22200","post","type-post","status-publish","format-standard","has-post-thumbnail","hentry","category-rozhovory"],"_links":{"self":[{"href":"https:\/\/www.invarena.cz\/index.php?rest_route=\/wp\/v2\/posts\/22200","targetHints":{"allow":["GET"]}}],"collection":[{"href":"https:\/\/www.invarena.cz\/index.php?rest_route=\/wp\/v2\/posts"}],"about":[{"href":"https:\/\/www.invarena.cz\/index.php?rest_route=\/wp\/v2\/types\/post"}],"author":[{"embeddable":true,"href":"https:\/\/www.invarena.cz\/index.php?rest_route=\/wp\/v2\/users\/1"}],"replies":[{"embeddable":true,"href":"https:\/\/www.invarena.cz\/index.php?rest_route=%2Fwp%2Fv2%2Fcomments&post=22200"}],"version-history":[{"count":0,"href":"https:\/\/www.invarena.cz\/index.php?rest_route=\/wp\/v2\/posts\/22200\/revisions"}],"wp:featuredmedia":[{"embeddable":true,"href":"https:\/\/www.invarena.cz\/index.php?rest_route=\/wp\/v2\/media\/21009"}],"wp:attachment":[{"href":"https:\/\/www.invarena.cz\/index.php?rest_route=%2Fwp%2Fv2%2Fmedia&parent=22200"}],"wp:term":[{"taxonomy":"category","embeddable":true,"href":"https:\/\/www.invarena.cz\/index.php?rest_route=%2Fwp%2Fv2%2Fcategories&post=22200"},{"taxonomy":"post_tag","embeddable":true,"href":"https:\/\/www.invarena.cz\/index.php?rest_route=%2Fwp%2Fv2%2Ftags&post=22200"}],"curies":[{"name":"wp","href":"https:\/\/api.w.org\/{rel}","templated":true}]}}