{"id":22218,"date":"2015-07-22T12:04:08","date_gmt":"2015-07-22T10:04:08","guid":{"rendered":"http:\/\/www.invarena.cz\/?p=22218"},"modified":"2015-07-22T12:04:08","modified_gmt":"2015-07-22T10:04:08","slug":"invalidni-duchodci-si-mohou-neomezene-privydelavat-ma-to-ale-hacek","status":"publish","type":"post","link":"https:\/\/www.invarena.cz\/?p=22218","title":{"rendered":"Invalidn\u00ed d\u016fchodci si mohou neomezen\u011b p\u0159ivyd\u011bl\u00e1vat, m\u00e1 to ale h\u00e1\u010dek"},"content":{"rendered":"<p><strong>U invalidn\u00edho d\u016fchodu 1. a 2. stupn\u011b se p\u0159iv\u00fdd\u011blek p\u0159\u00edmo p\u0159edpokl\u00e1d\u00e1, proto\u017ee se doba pob\u00edr\u00e1n\u00ed nepo\u010d\u00edt\u00e1 do doby poji\u0161t\u011bn\u00ed pro starobn\u00ed d\u016fchod. U 3. stupn\u011b ale mus\u00edte b\u00fdt obez\u0159etn\u00ed.<\/strong> <!--more--><\/p>\n<p>Cel\u00fd \u010dl\u00e1nek <a href=\"http:\/\/www.mesec.cz\/clanky\/invalidni-duchodci-si-mohou-neomezene-privydelavat-ma-to-ale-hacek\/\">ZDE<\/a><\/p>\n","protected":false},"excerpt":{"rendered":"<div class=\"mh-excerpt\"><p>U invalidn\u00edho d\u016fchodu 1. a 2. stupn\u011b se p\u0159iv\u00fdd\u011blek p\u0159\u00edmo p\u0159edpokl\u00e1d\u00e1, proto\u017ee se doba pob\u00edr\u00e1n\u00ed nepo\u010d\u00edt\u00e1 do doby poji\u0161t\u011bn\u00ed pro starobn\u00ed d\u016fchod. U 3. stupn\u011b <a class=\"mh-excerpt-more\" href=\"https:\/\/www.invarena.cz\/?p=22218\" title=\"Invalidn\u00ed d\u016fchodci si mohou neomezen\u011b p\u0159ivyd\u011bl\u00e1vat, m\u00e1 to ale h\u00e1\u010dek\">[&#8230;]<\/a><\/p>\n<\/div>","protected":false},"author":1,"featured_media":16920,"comment_status":"open","ping_status":"closed","sticky":false,"template":"","format":"standard","meta":{"footnotes":""},"categories":[9],"tags":[],"class_list":["post-22218","post","type-post","status-publish","format-standard","has-post-thumbnail","hentry","category-zpravy"],"_links":{"self":[{"href":"https:\/\/www.invarena.cz\/index.php?rest_route=\/wp\/v2\/posts\/22218","targetHints":{"allow":["GET"]}}],"collection":[{"href":"https:\/\/www.invarena.cz\/index.php?rest_route=\/wp\/v2\/posts"}],"about":[{"href":"https:\/\/www.invarena.cz\/index.php?rest_route=\/wp\/v2\/types\/post"}],"author":[{"embeddable":true,"href":"https:\/\/www.invarena.cz\/index.php?rest_route=\/wp\/v2\/users\/1"}],"replies":[{"embeddable":true,"href":"https:\/\/www.invarena.cz\/index.php?rest_route=%2Fwp%2Fv2%2Fcomments&post=22218"}],"version-history":[{"count":0,"href":"https:\/\/www.invarena.cz\/index.php?rest_route=\/wp\/v2\/posts\/22218\/revisions"}],"wp:featuredmedia":[{"embeddable":true,"href":"https:\/\/www.invarena.cz\/index.php?rest_route=\/wp\/v2\/media\/16920"}],"wp:attachment":[{"href":"https:\/\/www.invarena.cz\/index.php?rest_route=%2Fwp%2Fv2%2Fmedia&parent=22218"}],"wp:term":[{"taxonomy":"category","embeddable":true,"href":"https:\/\/www.invarena.cz\/index.php?rest_route=%2Fwp%2Fv2%2Fcategories&post=22218"},{"taxonomy":"post_tag","embeddable":true,"href":"https:\/\/www.invarena.cz\/index.php?rest_route=%2Fwp%2Fv2%2Ftags&post=22218"}],"curies":[{"name":"wp","href":"https:\/\/api.w.org\/{rel}","templated":true}]}}