{"id":22219,"date":"2015-07-22T12:50:21","date_gmt":"2015-07-22T10:50:21","guid":{"rendered":"http:\/\/www.invarena.cz\/?p=22219"},"modified":"2015-07-22T12:50:21","modified_gmt":"2015-07-22T10:50:21","slug":"dny-umeni-nevidomych","status":"publish","type":"post","link":"https:\/\/www.invarena.cz\/?p=22219","title":{"rendered":"Dny um\u011bn\u00ed nevidom\u00fdch"},"content":{"rendered":"<p><strong>Sjednocen\u00e1 organizace nevidom\u00fdch a slabozrak\u00fdch \u010cR po\u0159\u00e1d\u00e1 festival Dny um\u011bn\u00ed nevidom\u00fdch na Morav\u011b. Jedn\u00e1 se o festival zrakov\u011b posti\u017een\u00fdch um\u011blc\u016f a soubor\u016f, jejich\u017e jsou nevidom\u00ed a slabozrac\u00ed rozhoduj\u00edc\u00edmi \u010diniteli.<\/strong><!--more--><br \/>\nC\u00edlem festivalu je p\u0159edstavit nej\u0161ir\u0161\u00ed ve\u0159ejnosti nadan\u00e9 zrakov\u011b posti\u017een\u00e9 um\u011blce a p\u0159esv\u011bd\u010dit ji tak o tom, \u017ee nevidom\u00fd \u010dlov\u011bk m\u00e1 pouze zt\u00ed\u017een\u00e9 zrakov\u00e9 mo\u017enosti, ale jinak je zcela schopen b\u00fdt ned\u00edlnou sou\u010d\u00e1st\u00ed spole\u010dnosti.<br \/>\nOblastn\u00ed odbo\u010dka SONS Olomouc p\u0159i t\u00e9to p\u0159\u00edle\u017eitosti srde\u010dn\u011b zve na v\u00fdstavu obraz\u016f slabozrak\u00e9 britsk\u00e9 mal\u00ed\u0159ky Sally Booth, kter\u00e1 bude ke zhl\u00e9dnut\u00ed v Galerii \u0160antovka v Olomouci od 3. do 31. srpna.<\/p>\n<p>Radni\u010dn\u00ed listy<\/p>\n","protected":false},"excerpt":{"rendered":"<div class=\"mh-excerpt\"><p>Sjednocen\u00e1 organizace nevidom\u00fdch a slabozrak\u00fdch \u010cR po\u0159\u00e1d\u00e1 festival Dny um\u011bn\u00ed nevidom\u00fdch na Morav\u011b. Jedn\u00e1 se o festival zrakov\u011b posti\u017een\u00fdch um\u011blc\u016f a soubor\u016f, jejich\u017e jsou nevidom\u00ed <a class=\"mh-excerpt-more\" href=\"https:\/\/www.invarena.cz\/?p=22219\" title=\"Dny um\u011bn\u00ed nevidom\u00fdch\">[&#8230;]<\/a><\/p>\n<\/div>","protected":false},"author":1,"featured_media":21567,"comment_status":"open","ping_status":"closed","sticky":false,"template":"","format":"standard","meta":{"footnotes":""},"categories":[9],"tags":[],"class_list":["post-22219","post","type-post","status-publish","format-standard","has-post-thumbnail","hentry","category-zpravy"],"_links":{"self":[{"href":"https:\/\/www.invarena.cz\/index.php?rest_route=\/wp\/v2\/posts\/22219","targetHints":{"allow":["GET"]}}],"collection":[{"href":"https:\/\/www.invarena.cz\/index.php?rest_route=\/wp\/v2\/posts"}],"about":[{"href":"https:\/\/www.invarena.cz\/index.php?rest_route=\/wp\/v2\/types\/post"}],"author":[{"embeddable":true,"href":"https:\/\/www.invarena.cz\/index.php?rest_route=\/wp\/v2\/users\/1"}],"replies":[{"embeddable":true,"href":"https:\/\/www.invarena.cz\/index.php?rest_route=%2Fwp%2Fv2%2Fcomments&post=22219"}],"version-history":[{"count":0,"href":"https:\/\/www.invarena.cz\/index.php?rest_route=\/wp\/v2\/posts\/22219\/revisions"}],"wp:featuredmedia":[{"embeddable":true,"href":"https:\/\/www.invarena.cz\/index.php?rest_route=\/wp\/v2\/media\/21567"}],"wp:attachment":[{"href":"https:\/\/www.invarena.cz\/index.php?rest_route=%2Fwp%2Fv2%2Fmedia&parent=22219"}],"wp:term":[{"taxonomy":"category","embeddable":true,"href":"https:\/\/www.invarena.cz\/index.php?rest_route=%2Fwp%2Fv2%2Fcategories&post=22219"},{"taxonomy":"post_tag","embeddable":true,"href":"https:\/\/www.invarena.cz\/index.php?rest_route=%2Fwp%2Fv2%2Ftags&post=22219"}],"curies":[{"name":"wp","href":"https:\/\/api.w.org\/{rel}","templated":true}]}}