{"id":22220,"date":"2015-07-22T12:36:08","date_gmt":"2015-07-22T10:36:08","guid":{"rendered":"http:\/\/www.invarena.cz\/?p=22220"},"modified":"2015-07-22T12:38:39","modified_gmt":"2015-07-22T10:38:39","slug":"prispevek-na-peci-zvysi-ale-kdy-a-o-kolik-se-nevi","status":"publish","type":"post","link":"https:\/\/www.invarena.cz\/?p=22220","title":{"rendered":"P\u0159\u00edsp\u011bvek na p\u00e9\u010di zv\u00fd\u0161\u00ed, ale kdy a o kolik se nev\u00ed"},"content":{"rendered":"<p><strong>V\u010dera p\u0159i jedn\u00e1n\u00ed na vl\u00e1d\u011b \u017e\u00e1dal \u0161\u00e9f N\u00e1rodn\u00ed rady osob se <span class=\"highlight\">zdravotn\u00edm<\/span> posti\u017een\u00edm V\u00e1clav Kr\u00e1sa vl\u00e1du, aby zv\u00fd\u0161ila p\u0159\u00edsp\u011bvek na p\u00e9\u010di pro handicapovan\u00e9 o 10 procent.\u00a0 Usp\u011bl alespo\u0148 \u010d\u00e1ste\u010dn\u011b, vl\u00e1da mu sl\u00edbila nav\u00fd\u0161en\u00ed o p\u011bt procent, ale a\u017e od \u010dervence 2016. V lednu 2017 by se pak m\u011bl zv\u00fd\u0161it o dal\u0161\u00edch p\u011bt procent.<\/strong><!--more--><\/p>\n<p><strong>P\u0159\u00edsp\u011bvek na p\u00e9\u010di se z\u0159ejm\u011b zv\u00fd\u0161\u00ed a\u017e od \u010dervence 2016. Ministerstvo pr\u00e1ce p\u0159iprav\u00ed dv\u011b varianty novely &#8211; p\u0159idat by se mohlo od pololet\u00ed 2016 bu\u010f najednou o deset, nebo o p\u011bt procent od pololet\u00ed a o dal\u0161\u00edch p\u011bt od ledna 2017.<\/strong><\/p>\n<p>Ve h\u0159e jsou ob\u011b varianty. Zat\u00edmco N\u00e1rodn\u00ed rada osob se <span class=\"highlight\">zdravotn\u00edm<\/span> posti\u017een\u00edm \u017e\u00e1d\u00e1 desetiprocentn\u00ed zv\u00fd\u0161en\u00ed od ledna a ministryn\u011b pr\u00e1ce Michaela Marksov\u00e1 (\u010cSSD) od \u010dervence 2016, ministr financ\u00ed Andrej Babi\u0161 (ANO) je pro rozlo\u017een\u00e9 zv\u00fd\u0161en\u00ed. V \u010dervenci 2016 by p\u0159idal p\u011bt a v lednu 2017 dal\u0161\u00edch p\u011bt procent.<\/p>\n<p>\u00bbJsem pro to, aby se 10 procent nav\u00fd\u0161ilo od \u010dervence. Je to nav\u00fd\u0161en\u00ed o miliardu pro p\u0159\u00ed\u0161t\u00ed rok. Nen\u00ed to nev\u016fle z na\u0161\u00ed strany.\u00a0 Ti lid\u00e9 si to ur\u010dit\u011b zaslou\u017e\u00ed. Ne\u0159e\u0161\u00edme ale jen tuto skupinu. Ve\u0159ejn\u00fd sektor je v mnoha oblastech v\u00fdrazn\u011b podfinancovan\u00fd &#8211; v\u010detn\u011b p\u0159\u00edsp\u011bvku na p\u00e9\u010di pro zdravotn\u011b posti\u017een\u00e9. Nem\u016f\u017eeme tuto jednu skupinu vytrhnout a neohl\u00ed\u017eet se na ty jin\u00e9,\u00ab \u0159ekla po sch\u016fzce Marksov\u00e1.<\/p>\n<p>Zd\u016fraznila, \u017ee vl\u00e1da zd\u011bdila velmi podfinancovan\u00fd ve\u0159ejn\u00fd sektor po p\u0159edchoz\u00edch vl\u00e1d\u00e1ch. Naprosto zanedban\u00e1 je podle n\u00ed ter\u00e9nn\u00ed soci\u00e1ln\u00ed pr\u00e1ce, nebyl valorizov\u00e1n nejen p\u0159\u00edsp\u011bvek na p\u00e9\u010di, ale rovn\u011b\u017e dal\u0161\u00ed d\u00e1vky, kter\u00e9 se t\u00fdkaj\u00ed nap\u0159\u00edklad d\u011bt\u00ed v r\u00e1mci st\u00e1tn\u00ed soci\u00e1ln\u00ed podpory.<\/p>\n<p><strong>Po\u017eadavek je opr\u00e1vn\u011bn\u00fd<\/strong><\/p>\n<p>Ministerstvo pr\u00e1ce a soci\u00e1ln\u00edch v\u011bc\u00ed dostalo za \u00fakol p\u0159ipravit dv\u011b varianty novely o soci\u00e1ln\u00edch slu\u017eb\u00e1ch. V prvn\u00edm n\u00e1vrhu uprav\u00ed valorizaci o deset procent od \u010dervence. Pokud by se p\u0159\u00edsp\u011bvek zv\u00fd\u0161il u\u017e od ledna, st\u00e1lo by to rozpo\u010det asi 2,04 miliardy korun nav\u00edc. Od pololet\u00ed by to byla polovina \u010d\u00e1stky. Druh\u00e1 mo\u017enost po\u010d\u00edt\u00e1 s valorizac\u00ed od \u010dervence o p\u011bt procent a od ledna 2017 tak\u00e9 o p\u011bt procent. P\u0159\u00ed\u0161t\u00ed rok by p\u0159id\u00e1n\u00ed vy\u0161lo na asi 260 milion\u016f korun, v roce 2017 pak asi na 760 milion\u016f.<\/p>\n<p>\u00bbSamoz\u0159ejm\u011b ch\u00e1pu, \u017ee st\u00e1tn\u00ed rozpo\u010det je napnut\u00fd, ale vzhledem k tomu, \u017ee tento p\u0159\u00edsp\u011bvek<br \/>\nnebyl valorizov\u00e1n u\u017e od roku 2007, si mysl\u00edm, \u017ee po\u017eadavek 10% nav\u00fd\u0161en\u00ed je opr\u00e1vn\u011bn\u00fd. P\u0159\u00edsp\u011bvky jsou tak n\u00edzk\u00e9, \u017ee zv\u00fd\u0161en\u00ed o p\u011bt procent vych\u00e1z\u00ed snad na desetikoruny,<br \/>\ntak alespo\u0148 on\u011bch deset procent,\u00ab reagovala \u010dlenka soci\u00e1ln\u00edho v\u00fdboru sn\u011bmovny Alena Nohavov\u00e1 (KS\u010cM).<\/p>\n<p>St\u00e1t vypl\u00e1c\u00ed handicapovan\u00fdm \u010di senior\u016fm p\u0159\u00edsp\u011bvky na p\u00e9\u010di od roku 2007. Maj\u00ed si za n\u011b zaplatit opatrov\u00e1n\u00ed doma \u010di v n\u011bjak\u00e9m za\u0159\u00edzen\u00ed. D\u00e1vka se za osm let nijak nezv\u00fd\u0161ila. Dosp\u011bl\u00ed dost\u00e1vaj\u00ed podle sv\u00e9 z\u00e1vislosti na pomoci m\u011bs\u00ed\u010dn\u011b 800, 4000, 8000 a 12 000 korun a d\u011bti 3000, 6000, 9000 a 12 000 korun. Na konci lo\u0148sk\u00e9ho roku pob\u00edralo d\u00e1vku 331 tis\u00edc lid\u00ed. Proti roku 2007 jich bylo o 75 tis\u00edc v\u00edc. Loni do p\u0159\u00edsp\u011bvk\u016f putovalo 20,4 miliardy korun, p\u0159edloni 19,54 miliardy a v roce 2007 asi 14,6 miliardy korun. Leto\u0161n\u00ed rozpo\u010det po\u010d\u00edt\u00e1 s \u010d\u00e1stkou 21 miliard.<\/p>\n<p>&nbsp;<\/p>\n<p><strong>P\u0159\u00edsp\u011bvek pro osoby\u00a0 do 18 let<\/strong><br \/>\nStupe\u0148 I 3000 K\u010d<br \/>\nStupe\u0148 II 6000 K\u010d<br \/>\nStupe\u0148 III 9000 K\u010d<br \/>\nStupe\u0148 IV 12 000 K\u010d<\/p>\n<p><strong>P\u0159\u00edsp\u011bvek pro osoby nad 18 let<\/strong><br \/>\nStupe\u0148 I 800 K\u010d<br \/>\nStupe\u0148 II 4000 K\u010d<br \/>\nStupe\u0148 III 8000 K\u010d<br \/>\nStupe\u0148 IV 12 000 K\u010d<\/p>\n<p>Hal\u00f3 noviny<\/p>\n","protected":false},"excerpt":{"rendered":"<div class=\"mh-excerpt\"><p>V\u010dera p\u0159i jedn\u00e1n\u00ed na vl\u00e1d\u011b \u017e\u00e1dal \u0161\u00e9f N\u00e1rodn\u00ed rady osob se zdravotn\u00edm posti\u017een\u00edm V\u00e1clav Kr\u00e1sa vl\u00e1du, aby zv\u00fd\u0161ila p\u0159\u00edsp\u011bvek na p\u00e9\u010di pro handicapovan\u00e9 o 10 <a class=\"mh-excerpt-more\" href=\"https:\/\/www.invarena.cz\/?p=22220\" title=\"P\u0159\u00edsp\u011bvek na p\u00e9\u010di zv\u00fd\u0161\u00ed, ale kdy a o kolik se nev\u00ed\">[&#8230;]<\/a><\/p>\n<\/div>","protected":false},"author":1,"featured_media":19997,"comment_status":"open","ping_status":"closed","sticky":false,"template":"","format":"standard","meta":{"footnotes":""},"categories":[1],"tags":[],"class_list":["post-22220","post","type-post","status-publish","format-standard","has-post-thumbnail","hentry","category-nezarazene"],"_links":{"self":[{"href":"https:\/\/www.invarena.cz\/index.php?rest_route=\/wp\/v2\/posts\/22220","targetHints":{"allow":["GET"]}}],"collection":[{"href":"https:\/\/www.invarena.cz\/index.php?rest_route=\/wp\/v2\/posts"}],"about":[{"href":"https:\/\/www.invarena.cz\/index.php?rest_route=\/wp\/v2\/types\/post"}],"author":[{"embeddable":true,"href":"https:\/\/www.invarena.cz\/index.php?rest_route=\/wp\/v2\/users\/1"}],"replies":[{"embeddable":true,"href":"https:\/\/www.invarena.cz\/index.php?rest_route=%2Fwp%2Fv2%2Fcomments&post=22220"}],"version-history":[{"count":0,"href":"https:\/\/www.invarena.cz\/index.php?rest_route=\/wp\/v2\/posts\/22220\/revisions"}],"wp:featuredmedia":[{"embeddable":true,"href":"https:\/\/www.invarena.cz\/index.php?rest_route=\/wp\/v2\/media\/19997"}],"wp:attachment":[{"href":"https:\/\/www.invarena.cz\/index.php?rest_route=%2Fwp%2Fv2%2Fmedia&parent=22220"}],"wp:term":[{"taxonomy":"category","embeddable":true,"href":"https:\/\/www.invarena.cz\/index.php?rest_route=%2Fwp%2Fv2%2Fcategories&post=22220"},{"taxonomy":"post_tag","embeddable":true,"href":"https:\/\/www.invarena.cz\/index.php?rest_route=%2Fwp%2Fv2%2Ftags&post=22220"}],"curies":[{"name":"wp","href":"https:\/\/api.w.org\/{rel}","templated":true}]}}